{"id":73243,"date":"2023-09-20T12:53:00","date_gmt":"2023-09-20T15:53:00","guid":{"rendered":"https:\/\/bluestudio.estadao.com.br\/agencia-de-comunicacao\/releases\/releases-geral\/tecnologia-reduz-tempo-gasto-pelos-brasileiros-no-transito\/"},"modified":"2023-09-20T12:53:00","modified_gmt":"2023-09-20T15:53:00","slug":"tecnologia-reduz-tempo-gasto-pelos-brasileiros-no-transito","status":"publish","type":"post","link":"https:\/\/bluestudio.estadao.com.br\/agencia-de-comunicacao\/releases\/releases-geral\/tecnologia-reduz-tempo-gasto-pelos-brasileiros-no-transito\/","title":{"rendered":"Tecnologia reduz tempo gasto pelos brasileiros no tr\u00e2nsito"},"content":{"rendered":"<p><b>DINO DIVULGADOR DE NOT\u00cdCIAS<\/b><\/p>\n<p>Curitiba &#8211; PR&#8211;(<a target='_blank' href='http:\/\/www.dino.com.br' rel=\"noopener\">DINO<\/a> &#8211; 20 set, 2023) &#8211;<br \/>\nSegundo a mais recente pesquisa da <a rel=\"follow noopener\" target='_blank' href='https:\/\/noticias.portaldaindustria.com.br\/noticias\/infraestrutura\/36-dos-brasileiros-de-grandes-cidades-passam-mais-de-1-hora-por-dia-no-transito\/'>Pesquisa da Confedera&ccedil;&atilde;o Nacional da Ind&uacute;stria (CNI) sobre mobilidade e trabalho<\/a>, divulgada no final do m&ecirc;s de agosto, 36% dos brasileiros (ou seja, mais de um ter&ccedil;o da popula&ccedil;&atilde;o) que vivem em grandes cidades passam mais de 1 hora no tr&acirc;nsito diariamente.<\/p>\n<p>No entanto, cerca de 8% dos brasileiros gastam mais de 3 horas se locomovendo para realizar atividades de rotina, como trabalhar e estudar; outros 7% ficam entre 2 e 3 horas por dia no tr&acirc;nsito e 21% entre 1 e 2 horas. De acordo com 23% dos entrevistados, o aumento do tempo perdido no tr&acirc;nsito se deve a redu&ccedil;&atilde;o da oferta das linhas de &ocirc;nibus durante e depois da pandemia.<\/p>\n<p>Para tentar amenizar este problema, as secretarias de urbanismo&nbsp;municipais e estaduais, com o auxilio de tecnologias em mobilidade &#8211; buscam subs&iacute;dios para o controle, planejamento e para mobilidade urbana mais sustent&aacute;vel&nbsp; e segura, otimizando o uso das vias e rodovias no Brasil.<\/p>\n<p>O especialista em mobilidade urbana, Guilherme Ara&uacute;jo, explica que &eacute; uma tend&ecirc;ncia o aumento do tr&acirc;nsito e do n&uacute;mero de ve&iacute;culos nas ruas, refor&ccedil;ando a necessidade de novas pol&iacute;ticas p&uacute;blicas para melhorar a qualidade do servi&ccedil;o, bem como de novos subs&iacute;dios para que seja feito realmente o compartilhamento de gastos entre Estados e Uni&atilde;o.<\/p>\n<p>&#8216;N&atilde;o seria um subs&iacute;dio discricion&aacute;rio, mas uma pol&iacute;tica p&uacute;blica permanente. Al&eacute;m disso, o repasse de parte da fiscaliza&ccedil;&atilde;o para o transporte p&uacute;blico &#8211; que inclusive j&aacute; est&aacute; em tramita&ccedil;&atilde;o pelo PL 711\/2011, de multas pelo transporte irregular de passageiros e taxa recorrente sobre p&oacute;los geradores de tr&aacute;fego seriam algumas alternativas para melhorar o transporte p&uacute;blico&#8217;, menciona Guilherme.<\/p>\n<p><strong>Desincentivo ao transporte individual&nbsp;<\/strong><\/p>\n<p>Por outro lado, segundo o especialista, se fazem necess&aacute;rias medidas de desincentivo ao transporte individual como, por exemplo, que vise o repasse de receitas dos aplicativos de transporte&nbsp; e\/ou ped&aacute;gio para o transporte p&uacute;blico, o uso de vias ou faixas exclusivas para ve&iacute;culos com mais de uma pessoa (incluindo t&aacute;xis e apps) e o uso de estacionamentos rotativos de menor dura&ccedil;&atilde;o ou com valor vari&aacute;vel conforme&nbsp; o hor&aacute;rio&nbsp;<\/p>\n<p><strong>Tecnologia a favor dos gestores de tr&aacute;fego<\/strong><\/p>\n<p>No Brasil, fabricantes j&aacute; est&atilde;o desenvolvendo sistemas que possibilitem a integra&ccedil;&atilde;o entre motoristas, ve&iacute;culos e aplicativos de tr&acirc;nsito. &ldquo;Neste exato momento, solu&ccedil;&otilde;es plenamente digitais para a realiza&ccedil;&atilde;o de sistemas de ITS, ultra seguros e eficientes est&atilde;o sendo projetados e implementados baseados, principalmente, nestes tr&ecirc;s pilares tecnol&oacute;gicos&rdquo;, afirma Guilherme Ara&uacute;jo, que tamb&eacute;m &eacute; presidente da Velsis, empresa fabricante&nbsp; de tecnologia em tr&acirc;nsito.<\/p>\n<p>Ele conta que, hoje, as tecnologias s&atilde;o fabricadas utilizando intelig&ecirc;ncia artificial e integrando dados, v&iacute;deos e imagens para otimizar a&ccedil;&otilde;es de fiscaliza&ccedil;&atilde;o, incluindo o n&uacute;mero de pessoas por ve&iacute;culos nas rodovias e vias p&uacute;blicas.<\/p>\n<p>Os equipamentos tamb&eacute;m s&atilde;o dotados de sensores que possibilitam identificar o perfil de tr&aacute;fego, a velocidade e geometria do ve&iacute;culo em toda a se&ccedil;&atilde;o da via, inclusive entre as faixas, e captam informa&ccedil;&otilde;es do ve&iacute;culo, como cor, modelo e situa&ccedil;&atilde;o perante os &oacute;rg&atilde;os de tr&acirc;nsito.<\/p>\n<p>&ldquo;Estamos em um momento da hist&oacute;ria em que se torna mais frequente a fus&atilde;o de tecnologias para realizar fun&ccedil;&otilde;es complexas, para melhorar a experi&ecirc;ncia e a seguran&ccedil;a dos usu&aacute;rios, trazendo benef&iacute;cios para a sociedade e reduzindo o estresse di&aacute;rio do usu&aacute;rio&rdquo;, finaliza Guilherme.<\/p>\n<p>&nbsp;&nbsp;<\/p>\n<p>&nbsp;<\/p>\n<p>&nbsp;<\/p>\n<p>&nbsp;<\/p>\n<p>&nbsp;<\/p>\n<p>Website: <a target='_blank' href='https:\/\/velsis.com.br\/' rel=\"follow noopener\">https:\/\/velsis.com.br\/<\/a><img src='https:\/\/api.dino.com.br\/v2\/news\/tr\/292890' alt='' style='border:0px;width:1px;height:1px' \/><br \/>\nA <b>OESP<\/b> n\u00e3o \u00e9(s\u00e3o) respons\u00e1vel(is) por erros, incorre\u00e7\u00f5es, atrasos ou quaisquer decis\u00f5es tomadas por seus clientes com base nos Conte\u00fados ora disponibilizados, bem como tais Conte\u00fados n\u00e3o representam a opini\u00e3o da <b>OESP<\/b> e s\u00e3o de inteira responsabilidade da <b>Dino Divulgador de Noticias Online Ltda<\/b><\/p>\n","protected":false},"excerpt":{"rendered":"DINO DIVULGADOR DE NOT\u00cdCIAS Curitiba &#8211; PR&#8211;(DINO &#8211; 20 set, 2023) &#8211; Segundo a mais recente pesquisa da Pesquisa da Confedera&ccedil;&atilde;o Nacional da Ind&uacute;stria (CNI)","protected":false},"author":1,"featured_media":73244,"comment_status":"open","ping_status":"closed","sticky":false,"template":"","format":"standard","meta":{"_acf_changed":false,"inline_featured_image":false,"_monsterinsights_skip_tracking":false,"_monsterinsights_sitenote_active":false,"_monsterinsights_sitenote_note":"","_monsterinsights_sitenote_category":0,"footnotes":""},"categories":[34],"tags":[],"class_list":["post-73243","post","type-post","status-publish","format-standard","has-post-thumbnail","hentry","category-releases-geral"],"acf":[],"_links":{"self":[{"href":"https:\/\/bluestudio.estadao.com.br\/agencia-de-comunicacao\/wp-json\/wp\/v2\/posts\/73243","targetHints":{"allow":["GET"]}}],"collection":[{"href":"https:\/\/bluestudio.estadao.com.br\/agencia-de-comunicacao\/wp-json\/wp\/v2\/posts"}],"about":[{"href":"https:\/\/bluestudio.estadao.com.br\/agencia-de-comunicacao\/wp-json\/wp\/v2\/types\/post"}],"author":[{"embeddable":true,"href":"https:\/\/bluestudio.estadao.com.br\/agencia-de-comunicacao\/wp-json\/wp\/v2\/users\/1"}],"replies":[{"embeddable":true,"href":"https:\/\/bluestudio.estadao.com.br\/agencia-de-comunicacao\/wp-json\/wp\/v2\/comments?post=73243"}],"version-history":[{"count":0,"href":"https:\/\/bluestudio.estadao.com.br\/agencia-de-comunicacao\/wp-json\/wp\/v2\/posts\/73243\/revisions"}],"wp:featuredmedia":[{"embeddable":true,"href":"https:\/\/bluestudio.estadao.com.br\/agencia-de-comunicacao\/wp-json\/wp\/v2\/media\/73244"}],"wp:attachment":[{"href":"https:\/\/bluestudio.estadao.com.br\/agencia-de-comunicacao\/wp-json\/wp\/v2\/media?parent=73243"}],"wp:term":[{"taxonomy":"category","embeddable":true,"href":"https:\/\/bluestudio.estadao.com.br\/agencia-de-comunicacao\/wp-json\/wp\/v2\/categories?post=73243"},{"taxonomy":"post_tag","embeddable":true,"href":"https:\/\/bluestudio.estadao.com.br\/agencia-de-comunicacao\/wp-json\/wp\/v2\/tags?post=73243"}],"curies":[{"name":"wp","href":"https:\/\/api.w.org\/{rel}","templated":true}]}}