{"id":73095,"date":"2023-09-19T11:42:00","date_gmt":"2023-09-19T14:42:00","guid":{"rendered":"https:\/\/bluestudio.estadao.com.br\/agencia-de-comunicacao\/prnewswire\/prnewseconomia\/premio-mulheres-do-agro-lanca-categoria-para-reconhecer-pesquisadoras-do-setor-3\/"},"modified":"2023-09-19T11:42:00","modified_gmt":"2023-09-19T14:42:00","slug":"premio-mulheres-do-agro-lanca-categoria-para-reconhecer-pesquisadoras-do-setor-3","status":"publish","type":"post","link":"https:\/\/bluestudio.estadao.com.br\/agencia-de-comunicacao\/prnewswire\/prnewseconomia\/premio-mulheres-do-agro-lanca-categoria-para-reconhecer-pesquisadoras-do-setor-3\/","title":{"rendered":"Pr\u00eamio Mulheres do Agro lan\u00e7a categoria para reconhecer pesquisadoras do setor"},"content":{"rendered":"<p><b>PR NEWSWIRE<\/b><\/p>\n<div class=\"xn-content\">\n<i>A vencedora ser\u00e1 escolhida por voto popular e institui\u00e7\u00e3o de pesquisa a qual \u00e9 vinculada receber\u00e1 o incentivo de <span class=\"xn-money\">R$ 15 mil<\/span> \u00a0<\/i><\/p>\n<p><span class=\"legendSpanClass\">S\u00c3O PAULO<\/span>, <span class=\"legendSpanClass\">19 de setembro de 2023<\/span> \/PRNewswire\/ &#8212; Ciente do protagonismo feminino em diferentes segmentos do agroneg\u00f3cio, o Pr\u00eamio Mulheres do Agro, iniciativa idealizada pela Bayer em parceria com a Associa\u00e7\u00e3o Brasileira do Agroneg\u00f3cio (ABAG), que j\u00e1 reconheceu o protagonismo de 45 produtoras rurais em diferentes regi\u00f5es do pa\u00eds, lan\u00e7a a categoria <b>Ci\u00eancia e Pesquisa<\/b>. Quatro pesquisadoras concorrem ao t\u00edtulo e a institui\u00e7\u00e3o vinculada receber\u00e1 um incentivo de <b><span class=\"xn-money\">R$ 15 mil<\/span><\/b>. As vota\u00e7\u00f5es ficam abertas at\u00e9 dia 5 de outubro.<\/p>\n<div class=\"PRN_ImbeddedAssetReference\" id=\"DivAssetPlaceHolder1\">\n<a href=\"https:\/\/mma.prnewswire.com\/media\/2214989\/1.html\" target=\"_blank\" rel=\"nofollow noopener\">  <img decoding=\"async\" src=\"https:\/\/mma.prnewswire.com\/media\/2214989\/1.jpg\" title=\"Isabela Fagundes, especialista em comunica\u00e7\u00e3o corporativa da divis\u00e3o agr\u00edcola da Bayer.\" alt=\"Isabela Fagundes, especialista em comunica\u00e7\u00e3o corporativa da divis\u00e3o agr\u00edcola da Bayer.\" \/><\/a>\n <\/p>\n<\/p><\/div>\n<p>A sexta edi\u00e7\u00e3o do Pr\u00eamio Mulheres do Agro reconhecer\u00e1 produtoras rurais que adotam pr\u00e1ticas agr\u00edcolas ancoradas nos pilares ESG (<i>ambiental, social e governan\u00e7a<\/i>, na sigla em ingl\u00eas). A mesma regra se aplica \u00e0 nova categoria, com a diferen\u00e7a de que ser\u00e3o valorizados projetos de impacto ou de grande alcance cient\u00edfico. &#8220;Queremos enfatizar o avan\u00e7o que ci\u00eancia e pesquisa trazem, em termos de sustentabilidade e inova\u00e7\u00e3o no agroneg\u00f3cio, ao mesmo tempo que refor\u00e7a como o protagonismo das mulheres est\u00e1 presente tanto dentro quanto fora da porteira&#8221;, comenta <span class=\"xn-person\">Isabela Fagundes<\/span>, especialista em comunica\u00e7\u00e3o corporativa da divis\u00e3o agr\u00edcola da Bayer.<\/p>\n<p>Institui\u00e7\u00f5es e empresas parceiras do Pr\u00eamio realizaram indica\u00e7\u00f5es de 19 nomes para avalia\u00e7\u00e3o final. Com isso, para chegar nas finalistas, um grupo t\u00e9cnico realizou avalia\u00e7\u00f5es baseados nos seguintes crit\u00e9rios: an\u00e1lise de curr\u00edculo lattes, relev\u00e2ncia dos projetos para a sustentabilidade e desenvolvimento do agroneg\u00f3cio, al\u00e9m de impacto cient\u00edfico, e a rela\u00e7\u00e3o com inova\u00e7\u00e3o e tecnologia.<\/p>\n<p>&#8220;A Bayer investe cerca de 2,8 bilh\u00f5es de euros por ano em pesquisa e desenvolvimento porque entende a import\u00e2ncia da pesquisa para o setor. Sem isso, n\u00e3o evolu\u00edmos, n\u00e3o h\u00e1 inova\u00e7\u00e3o. Entendemos que existem muitas outras cadeiras ocupadas por mulheres no agroneg\u00f3cio e enxergamos a cria\u00e7\u00e3o dessa categoria como um primeiro passo para reconhecermos o protagonismo de cada vez mais mulheres que tanto agregam constantemente ao setor&#8221;, comenta Fagundes.<\/p>\n<p>As pesquisadoras, indicadas pelas institui\u00e7\u00f5es parceiras do Pr\u00eamio, s\u00e3o: Thais Vieira (USP-Esalq), D\u00e9bora Milori (Embrapa Instrumenta\u00e7\u00e3o), Patricia Monquero (UFSCAR) e <span class=\"xn-person\">Mariangela Hungria<\/span> (Embrapa Soja). A vencedora ser\u00e1 escolhida por meio de voto popular no <a href=\"https:\/\/premiomulheresdoagro.com.br\/\" target=\"_blank\" rel=\"nofollow noopener\">site da premia\u00e7\u00e3o<\/a> e anunciada no dia 25 de outubro, durante o Congresso Nacional das Mulheres do Agroneg\u00f3cio.<\/p>\n<p>&#8220;As mulheres s\u00e3o maioria nos cursos de doutorado no Brasil. Esse dado reflete a relev\u00e2ncia da participa\u00e7\u00e3o feminina na produ\u00e7\u00e3o cient\u00edfica, um importante vetor de transforma\u00e7\u00e3o do agroneg\u00f3cio brasileiro. O conhecimento acad\u00eamico foi fundamental para mudar a condi\u00e7\u00e3o do Brasil, de importador para um dos maiores produtores e exportadores de alimentos do mundo. Reconhecer esse trabalho \u00e9 uma homenagem justa, merecida e que estimula o engajamento feminino na busca por solu\u00e7\u00f5es inovadoras para aumento de produtividade e de efici\u00eancia em todas as cadeias que comp\u00f5em o agroneg\u00f3cio&#8221;, destaca <span class=\"xn-person\">Gislaine Balbinot<\/span>, diretora-executiva da ABAG.<\/p>\n<p>Desde 2018, o Pr\u00eamio Mulheres do Agro reconhece produtoras rurais de diferentes regi\u00f5es do pa\u00eds por suas boas pr\u00e1ticas agr\u00edcolas, com destaque em inova\u00e7\u00e3o e sustentabilidade. Este ano, com a mudan\u00e7a na tem\u00e1tica, se enquadram na premia\u00e7\u00e3o gestoras e donas de propriedades que possu\u00edrem pr\u00e1ticas ancoradas nos pilares ESG. A premia\u00e7\u00e3o abrange as tr\u00eas primeiras coloca\u00e7\u00f5es de cada categoria (pequena, m\u00e9dia e grande propriedade), o que significa um total de nove finalistas, e as vencedoras ser\u00e3o anunciadas dia 25 de outubro, no Congresso Nacional das Mulheres do Agroneg\u00f3cio, em conjunto com o an\u00fancio da vencedora da categoria Ci\u00eancia e Pesquisa.<\/p>\n<p><b>Sobre o Pr\u00eamio Mulheres do Agro <\/b><\/p>\n<p>O Pr\u00eamio Mulheres do Agro \u00e9 uma iniciativa idealizada, em 2018, pela Associa\u00e7\u00e3o Brasileira do Agroneg\u00f3cio (Abag) e pela Bayer, para valorizar a import\u00e2ncia do trabalho realizado pelas produtoras rurais, incentivando cada vez mais a gest\u00e3o inovadora de mulheres no setor. O pr\u00eamio tem como tema os pilares ESG (ambiental, social e de governan\u00e7a) e reconhece empreendedoras rurais de pequenas, m\u00e9dias e grandes propriedades que seguem boas pr\u00e1ticas agropecu\u00e1rias e gest\u00e3o sustent\u00e1vel como: uso racional de recursos naturais, aumento da efici\u00eancia da produ\u00e7\u00e3o com gest\u00e3o inovadora, projetos que permitam o desenvolvimento social da comunidade ou colaboradores da propriedade, bem-estar animal e valoriza\u00e7\u00e3o do capital humano.<\/p>\n<p><b>Sobre a Bayer<\/b><\/p>\n<p>A Bayer \u00e9 uma empresa global com compet\u00eancias essenciais nas \u00e1reas de ci\u00eancias da vida de sa\u00fade e nutri\u00e7\u00e3o. Seus produtos e servi\u00e7os s\u00e3o projetados para ajudar as pessoas e o planeta a prosperar, apoiando os esfor\u00e7os para superar os principais desafios apresentados por uma popula\u00e7\u00e3o global em crescimento e envelhecimento. A Bayer est\u00e1 comprometida em impulsionar o desenvolvimento sustent\u00e1vel e gerar um impacto positivo em seus neg\u00f3cios. Ao mesmo tempo, o Grupo pretende aumentar o seu poder de ganho e criar valor atrav\u00e9s da inova\u00e7\u00e3o e do crescimento. A marca Bayer representa confian\u00e7a, confiabilidade e qualidade em todo o mundo.<\/p>\n<p><b>Sobre a ABAG<\/b>\u00a0<\/p>\n<p>A Associa\u00e7\u00e3o Brasileira do Agroneg\u00f3cio (ABAG) trabalha para o fortalecimento e o equil\u00edbrio nas cadeias produtivas do agroneg\u00f3cio, com o objetivo de valorizar e disseminar o papel estrat\u00e9gico do setor para o desenvolvimento sustent\u00e1vel do Brasil e para a seguran\u00e7a alimentar e energ\u00e9tica do planeta. Fundada em 1993, a entidade tem a certeza da voca\u00e7\u00e3o do Brasil para o agroneg\u00f3cio, por isso empenha seus esfor\u00e7os para contribuir para que o Pa\u00eds alcance a lideran\u00e7a global na oferta de produtos agroindustriais, aliando preserva\u00e7\u00e3o ambiental, desenvolvimento social, produtividade, rentabilidade e competitividade. A ABAG conta atualmente com 80 associados. Mais informa\u00e7\u00f5es: <a href=\"http:\/\/www.abag.com.br\/\" target=\"_blank\" rel=\"nofollow noopener\">www.abag.com.br<\/a>.?\u00a0<\/p>\n<p><b>Declara\u00e7\u00f5es prospectivas<\/b>\u00a0<\/p>\n<p>Este comunicado pode conter declara\u00e7\u00f5es prospectivas baseadas nas previs\u00f5es atuais da equipe executiva da Bayer. Diversos riscos, incertezas e outros fatores, conhecidos ou desconhecidos, podem gerar diferen\u00e7as materiais entre os reais e futuros resultados, situa\u00e7\u00f5es financeiras, desenvolvimentos e desempenhos da empresa e as estimativas apresentadas aqui. Esses fatores incluem aqueles discutidos nos relat\u00f3rios p\u00fablicos da Bayer, dispon\u00edveis no <a href=\"http:\/\/www.bayer.com.br\/\" target=\"_blank\" rel=\"nofollow noopener\">site da empresa<\/a>. A companhia se isenta de qualquer responsabilidade pela atualiza\u00e7\u00e3o destas declara\u00e7\u00f5es prospectivas e pela precis\u00e3o de eventos e desenvolvimentos futuros.\u00a0<\/p>\n<p>Foto &#8211; <a href=\"https:\/\/mma.prnewswire.com\/media\/2214989\/1.jpg\" target=\"_blank\" rel=\"nofollow noopener\">https:\/\/mma.prnewswire.com\/media\/2214989\/1.jpg<\/a><\/p>\n<div class=\"PRN_ImbeddedAssetReference\" id=\"DivAssetPlaceHolder2\"><\/div>\n<p>FONTE  Bayer<\/p>\n<\/div>\n<p><img decoding=\"async\" alt=\"\" src=\"https:\/\/rt.prnewswire.com\/rt.gif?NewsItemId=PT14127&amp;Transmission_Id=202309191034PR_NEWS_LATAM____PT14127&amp;DateId=20230919\" style=\"border:0px;width:1px;height:1px\" \/><\/p>\n<p>A <b>OESP<\/b> n\u00e3o \u00e9(s\u00e3o) respons\u00e1vel(is) por erros, incorre\u00e7\u00f5es, atrasos ou quaisquer decis\u00f5es tomadas por seus clientes com base nos Conte\u00fados ora disponibilizados, bem como tais Conte\u00fados n\u00e3o representam a opini\u00e3o da <b>OESP<\/b> e s\u00e3o de inteira responsabilidade da <b>PR Newswire Ltda<\/b><\/p>\n","protected":false},"excerpt":{"rendered":"PR NEWSWIRE A vencedora ser\u00e1 escolhida por voto popular e institui\u00e7\u00e3o de pesquisa a qual \u00e9 vinculada receber\u00e1 o incentivo de R$ 15 mil \u00a0 S\u00c3O PAULO, 19 de setembro de 2023 \/PRNewswire\/ &#8212;","protected":false},"author":1,"featured_media":73096,"comment_status":"open","ping_status":"closed","sticky":false,"template":"","format":"standard","meta":{"_acf_changed":false,"inline_featured_image":false,"_monsterinsights_skip_tracking":false,"_monsterinsights_sitenote_active":false,"_monsterinsights_sitenote_note":"","_monsterinsights_sitenote_category":0,"footnotes":""},"categories":[29],"tags":[],"class_list":["post-73095","post","type-post","status-publish","format-standard","has-post-thumbnail","hentry","category-prnewseconomia"],"acf":[],"_links":{"self":[{"href":"https:\/\/bluestudio.estadao.com.br\/agencia-de-comunicacao\/wp-json\/wp\/v2\/posts\/73095","targetHints":{"allow":["GET"]}}],"collection":[{"href":"https:\/\/bluestudio.estadao.com.br\/agencia-de-comunicacao\/wp-json\/wp\/v2\/posts"}],"about":[{"href":"https:\/\/bluestudio.estadao.com.br\/agencia-de-comunicacao\/wp-json\/wp\/v2\/types\/post"}],"author":[{"embeddable":true,"href":"https:\/\/bluestudio.estadao.com.br\/agencia-de-comunicacao\/wp-json\/wp\/v2\/users\/1"}],"replies":[{"embeddable":true,"href":"https:\/\/bluestudio.estadao.com.br\/agencia-de-comunicacao\/wp-json\/wp\/v2\/comments?post=73095"}],"version-history":[{"count":0,"href":"https:\/\/bluestudio.estadao.com.br\/agencia-de-comunicacao\/wp-json\/wp\/v2\/posts\/73095\/revisions"}],"wp:featuredmedia":[{"embeddable":true,"href":"https:\/\/bluestudio.estadao.com.br\/agencia-de-comunicacao\/wp-json\/wp\/v2\/media\/73096"}],"wp:attachment":[{"href":"https:\/\/bluestudio.estadao.com.br\/agencia-de-comunicacao\/wp-json\/wp\/v2\/media?parent=73095"}],"wp:term":[{"taxonomy":"category","embeddable":true,"href":"https:\/\/bluestudio.estadao.com.br\/agencia-de-comunicacao\/wp-json\/wp\/v2\/categories?post=73095"},{"taxonomy":"post_tag","embeddable":true,"href":"https:\/\/bluestudio.estadao.com.br\/agencia-de-comunicacao\/wp-json\/wp\/v2\/tags?post=73095"}],"curies":[{"name":"wp","href":"https:\/\/api.w.org\/{rel}","templated":true}]}}