{"id":73087,"date":"2023-09-19T11:12:00","date_gmt":"2023-09-19T14:12:00","guid":{"rendered":"https:\/\/bluestudio.estadao.com.br\/agencia-de-comunicacao\/prnewswire\/prnewseconomia\/efeito-gloss-em-evidencia-tresemme-lanca-a-nova-linha-brilho-lamelar-3\/"},"modified":"2023-09-19T11:12:00","modified_gmt":"2023-09-19T14:12:00","slug":"efeito-gloss-em-evidencia-tresemme-lanca-a-nova-linha-brilho-lamelar-3","status":"publish","type":"post","link":"https:\/\/bluestudio.estadao.com.br\/agencia-de-comunicacao\/prnewswire\/prnewseconomia\/efeito-gloss-em-evidencia-tresemme-lanca-a-nova-linha-brilho-lamelar-3\/","title":{"rendered":"Efeito Gloss em evid\u00eancia: TRESemm\u00e9 lan\u00e7a a nova linha Brilho Lamelar"},"content":{"rendered":"<p><b>PR NEWSWIRE<\/b><\/p>\n<div class=\"xn-content\">\n<p class=\"prntac\"><i>Trazendo tecnologia revolucion\u00e1ria ao Brasil, nova linha proporciona efeito gloss para todos os tipos de cabelos<\/i><\/p>\n<p><span class=\"legendSpanClass\">S\u00c3O PAULO<\/span>, <span class=\"legendSpanClass\">19 de setembro de 2023<\/span> \/PRNewswire\/ &#8212; TRESemm\u00e9, a marca aprovada por 9 em cada 10 cabeleireiros, introduz no mercado brasileiro a aguardada linha Brilho Lamelar, um tratamento de sal\u00e3o, com tend\u00eancia internacional e f\u00f3rmula profissional, que corrige as irregularidades na superf\u00edcie dos fios, proporcionando cabelos com 7 vezes mais brilho, trazendo o desejado efeito gloss\u00a0desde o primeiro uso.<\/p>\n<div class=\"PRN_ImbeddedAssetReference\" id=\"DivAssetPlaceHolder1\">\n<a href=\"https:\/\/mma.prnewswire.com\/media\/2214333\/TRESemme.html\" target=\"_blank\" rel=\"nofollow noopener\">  <img decoding=\"async\" src=\"https:\/\/mma.prnewswire.com\/media\/2214333\/TRESemme.jpg\" title=\"\" alt=\"\" \/><\/a>\n <\/p>\n<\/p><\/div>\n<p>A linha TRESemm\u00e9 Brilho Lamelar define o primeiro passo da marca na introdu\u00e7\u00e3o da tecnologia Lamelar no Brasil. Esta patente inovadora \u00e9 composta por estruturas <i>lamelares <\/i>que atuam profundamente nos fios, preenchendo-os e selando-os de maneira eficaz. Combinada a uma nutri\u00e7\u00e3o intensa e imediata, essa abordagem resulta em uma superf\u00edcie capilar uniforme, profundamente nutrida e com um brilho insuper\u00e1vel.<\/p>\n<p>Introduzindo a mais recente tend\u00eancia internacional do &#8220;glossy hair&#8221; no Brasil, esse efeito assemelha-se \u00e0 aplica\u00e7\u00e3o de gloss labial, mas desta vez nos cabelos. A tecnologia Lamelar age para corrigir as irregularidades na superf\u00edcie dos fios, refletindo mais luz e consequentemente, gerando o famoso efeito gloss.<\/p>\n<p>Com uma linha completa de produtos para lavagem, tratamento e finaliza\u00e7\u00e3o capilar, o novo TRESemm\u00e9 Brilho Lamelar \u00e9 capaz de restaurar a sa\u00fade e vitalidade de cada fio, atendendo \u00e0s demandas das consumidoras brasileiras, que est\u00e3o em busca de cabelos brilhantes e sedosos, do liso ao cacheado. S\u00e3o eles:<\/p>\n<ul type=\"disc\">\n<li><b>Shampoo e Condicionador Brilho Lamelar (400 e 650 ml):<\/b> Formulados com expertise profissional, essa dupla \u00e9 essencial para manter a limpeza e condicionamento dos fios com acabamento gloss impec\u00e1vel.<\/li>\n<li><b>M\u00e1scara de Tratamento TRESemm\u00e9 Brilho Lamelar (400ml): <\/b>Enriquecida com um blend exclusivo de \u00f3leos e uma f\u00f3rmula profissional, a m\u00e1scara de tratamento proporciona nutri\u00e7\u00e3o instant\u00e2nea e um brilho radiante a todos os tipos de cabelo.<\/li>\n<\/ul>\n<p>Para tratar e finalizar o cabelo, a linha ainda conta com uma dupla imbat\u00edvel para conseguir o desejado efeito gloss nos cabelos de forma r\u00e1pida e pr\u00e1tica:<\/p>\n<ul type=\"disc\">\n<li><b>S\u00e9rum de Tratamento Brilho Lamelar (170ml):<\/b> Destaque da linha, este \u00e9 o \u00fanico s\u00e9rum de tratamento multifuncional do Brasil aprimorado com a tecnologia Lamelar e um blend exclusivo de \u00f3leos. Sua f\u00f3rmula leve e vers\u00e1til o torna adequado tanto para uso como tratamento ou como creme leave-in, oferecendo formas de uso vers\u00e1teis e entregando o efeito de brilho insuper\u00e1vel.<\/li>\n<li><b>\u00d3leo Finalizador Nutritivo Brilho Lamelar (60ml):<\/b> Enriquecido com um blend de \u00f3leos de macad\u00e2mia e coco, sinta o toque de uma finaliza\u00e7\u00e3o profissional em casa. Com propriedades que nutrem, alinham as pontas e restauram a maciez e o brilho dos cabelos, o \u00d3leo Finalizador proporciona o efeito gloss instant\u00e2neo, sem pesar, quando e onde voc\u00ea quiser.<\/li>\n<\/ul>\n<p>A linha Brilho Lamelar TRESemm\u00e9 j\u00e1 est\u00e1 dispon\u00edvel para venda nas melhores farm\u00e1cias, perfumarias e supermercados, permitindo que as consumidoras brasileiras experimentem a inova\u00e7\u00e3o do brilho gloss em seus cabelos.<\/p>\n<p>Foto &#8211; <a href=\"https:\/\/mma.prnewswire.com\/media\/2214333\/TRESemme.jpg\" target=\"_blank\" rel=\"nofollow noopener\">https:\/\/mma.prnewswire.com\/media\/2214333\/TRESemme.jpg<\/a><\/p>\n<div class=\"PRN_ImbeddedAssetReference\" id=\"DivAssetPlaceHolder2\"><\/div>\n<p>FONTE  TRESemm\u00e9<\/p>\n<\/div>\n<p><img decoding=\"async\" alt=\"\" src=\"https:\/\/rt.prnewswire.com\/rt.gif?NewsItemId=PT13564&amp;Transmission_Id=202309191000PR_NEWS_LATAM____PT13564&amp;DateId=20230919\" style=\"border:0px;width:1px;height:1px\" \/><\/p>\n<p>A <b>OESP<\/b> n\u00e3o \u00e9(s\u00e3o) respons\u00e1vel(is) por erros, incorre\u00e7\u00f5es, atrasos ou quaisquer decis\u00f5es tomadas por seus clientes com base nos Conte\u00fados ora disponibilizados, bem como tais Conte\u00fados n\u00e3o representam a opini\u00e3o da <b>OESP<\/b> e s\u00e3o de inteira responsabilidade da <b>PR Newswire Ltda<\/b><\/p>\n","protected":false},"excerpt":{"rendered":"PR NEWSWIRE Trazendo tecnologia revolucion\u00e1ria ao Brasil, nova linha proporciona efeito gloss para todos os tipos de cabelos S\u00c3O PAULO, 19 de setembro de 2023 \/PRNewswire\/ &#8212; TRESemm\u00e9, a marca","protected":false},"author":1,"featured_media":73088,"comment_status":"open","ping_status":"closed","sticky":false,"template":"","format":"standard","meta":{"_acf_changed":false,"inline_featured_image":false,"_monsterinsights_skip_tracking":false,"_monsterinsights_sitenote_active":false,"_monsterinsights_sitenote_note":"","_monsterinsights_sitenote_category":0,"footnotes":""},"categories":[29],"tags":[],"class_list":["post-73087","post","type-post","status-publish","format-standard","has-post-thumbnail","hentry","category-prnewseconomia"],"acf":[],"_links":{"self":[{"href":"https:\/\/bluestudio.estadao.com.br\/agencia-de-comunicacao\/wp-json\/wp\/v2\/posts\/73087","targetHints":{"allow":["GET"]}}],"collection":[{"href":"https:\/\/bluestudio.estadao.com.br\/agencia-de-comunicacao\/wp-json\/wp\/v2\/posts"}],"about":[{"href":"https:\/\/bluestudio.estadao.com.br\/agencia-de-comunicacao\/wp-json\/wp\/v2\/types\/post"}],"author":[{"embeddable":true,"href":"https:\/\/bluestudio.estadao.com.br\/agencia-de-comunicacao\/wp-json\/wp\/v2\/users\/1"}],"replies":[{"embeddable":true,"href":"https:\/\/bluestudio.estadao.com.br\/agencia-de-comunicacao\/wp-json\/wp\/v2\/comments?post=73087"}],"version-history":[{"count":0,"href":"https:\/\/bluestudio.estadao.com.br\/agencia-de-comunicacao\/wp-json\/wp\/v2\/posts\/73087\/revisions"}],"wp:featuredmedia":[{"embeddable":true,"href":"https:\/\/bluestudio.estadao.com.br\/agencia-de-comunicacao\/wp-json\/wp\/v2\/media\/73088"}],"wp:attachment":[{"href":"https:\/\/bluestudio.estadao.com.br\/agencia-de-comunicacao\/wp-json\/wp\/v2\/media?parent=73087"}],"wp:term":[{"taxonomy":"category","embeddable":true,"href":"https:\/\/bluestudio.estadao.com.br\/agencia-de-comunicacao\/wp-json\/wp\/v2\/categories?post=73087"},{"taxonomy":"post_tag","embeddable":true,"href":"https:\/\/bluestudio.estadao.com.br\/agencia-de-comunicacao\/wp-json\/wp\/v2\/tags?post=73087"}],"curies":[{"name":"wp","href":"https:\/\/api.w.org\/{rel}","templated":true}]}}