{"id":73005,"date":"2023-09-19T07:57:00","date_gmt":"2023-09-19T10:57:00","guid":{"rendered":"https:\/\/bluestudio.estadao.com.br\/agencia-de-comunicacao\/prnewswire\/prnewsinternacional\/longi-apresenta-extenso-portfolio-de-solucoes-inovadoras-na-intersolar-south-america-2\/"},"modified":"2023-09-19T07:57:00","modified_gmt":"2023-09-19T10:57:00","slug":"longi-apresenta-extenso-portfolio-de-solucoes-inovadoras-na-intersolar-south-america-2","status":"publish","type":"post","link":"https:\/\/bluestudio.estadao.com.br\/agencia-de-comunicacao\/prnewswire\/prnewsinternacional\/longi-apresenta-extenso-portfolio-de-solucoes-inovadoras-na-intersolar-south-america-2\/","title":{"rendered":"LONGi apresenta extenso portf\u00f3lio de solu\u00e7\u00f5es inovadoras na Intersolar South America"},"content":{"rendered":"<p><b>PR NEWSWIRE<\/b><\/p>\n<div class=\"xn-content\">\n<span class=\"legendSpanClass\">S\u00c3O PAULO<\/span>, <span class=\"legendSpanClass\">19 de setembro de 2023<\/span> \/PRNewswire\/ &#8212;\u00a0A LONGi participou da Intersolar South America 2023, a maior exposi\u00e7\u00e3o da Am\u00e9rica Latina para a ind\u00fastria solar, exibindo seus mais recentes produtos de ponta para o mercado brasileiro.<\/p>\n<div class=\"PRN_ImbeddedAssetReference\" id=\"DivAssetPlaceHolder2325\">\n<a href=\"https:\/\/mma.prnewswire.com\/media\/2214666\/image_821075_22995346.html\" target=\"_blank\" rel=\"nofollow noopener\"><img decoding=\"async\" src=\"https:\/\/mma.prnewswire.com\/media\/2214666\/image_821075_22995346.jpg\" title=\"\" alt=\"\" \/><\/a><\/p>\n<\/div>\n<p>Entre os destaques da exposi\u00e7\u00e3o, projetados para atender \u00e0s necessidades diversificadas dos clientes e parceiros na Am\u00e9rica Latina, estavam os novos m\u00f3dulos solares Hi-MO 7, com 620W carregando uma pot\u00eancia de 23% na dimens\u00e3o de 2382 x 1134mm, e Hi-MO 6 Explorer, com 585W carregando uma pot\u00eancia de 22.6% na dimens\u00e3o de 2278 x 1134mm.<\/p>\n<p>O Hi-MO 7 foi destacado por <span class=\"xn-person\">Daniel Mesquita<\/span>, Gerente de Produto e Solu\u00e7\u00e3o de Utility: &#8220;Atrav\u00e9s da otimiza\u00e7\u00e3o de wafers de sil\u00edcio de alta qualidade, c\u00e9lulas e design de embalagem dos m\u00f3dulos, o Hi-MO 7 oferece uma garantia de energia linear com uma taxa de degrada\u00e7\u00e3o anual de apenas 0,4%.&#8221;<\/p>\n<p>Enquanto isso, o Hi-MO 6 Explorer cativou a aten\u00e7\u00e3o de muitos participantes da exposi\u00e7\u00e3o. <span class=\"xn-person\">Karen Melo<\/span>, Gerente de Produto e Solu\u00e7\u00e3o de Gera\u00e7\u00e3o Distribu\u00edda, explicou: &#8220;O Hi-MO 6 \u00e9 pioneiro na ado\u00e7\u00e3o da tecnologia de soldagem completa, o que melhora significativamente a resist\u00eancia do m\u00f3dulo contra microfissuras.&#8221; A s\u00e9rie Hi-MO 6 inclui variantes como &#8216;Explorer&#8217;, &#8216;Scientist&#8217;, &#8216;Guardian&#8217; e &#8216;Artist&#8217;, cada uma adaptada para cen\u00e1rios de uso distintos, unindo tecnologia de ponta com design esteticamente agrad\u00e1vel.<\/p>\n<p>Al\u00e9m dessas inova\u00e7\u00f5es, a LONGi tamb\u00e9m apresentou o ALK Hi1, o mais recente eletrolisador de \u00e1gua alcalina integrado \u00e0 sua linha de solu\u00e7\u00f5es de hidrog\u00eanio verde. Conhecido por uma combina\u00e7\u00e3o de alto desempenho e qualidade, uma \u00fanica unidade do ALK Hi1 \u00e9 capaz de atingir uma produ\u00e7\u00e3o de g\u00e1s de 1.500 Nm&sup3;\/h. O design inovador do sistema de eletrolise, introduzido por este dispositivo, reduz consideravelmente o custo global do sistema de produ\u00e7\u00e3o de hidrog\u00eanio.<\/p>\n<p>Durante a apresenta\u00e7\u00e3o do produto, Corentin Vall\u00e9e, Gerente de Contas da LONGi Hydrogen, afirmou que a capacidade de produ\u00e7\u00e3o anual da LONGi Hydrogen est\u00e1 programada para alcan\u00e7ar 2,5 GW at\u00e9 o final de 2023.<\/p>\n<p>A LONGi continua a liderar a revolu\u00e7\u00e3o energ\u00e9tica na Am\u00e9rica Latina, oferecendo solu\u00e7\u00f5es de energia limpa de vanguarda e redefinindo os padr\u00f5es de excel\u00eancia no setor solar e de hidrog\u00eanio.<\/p>\n<p><b>Sobre a LONGi<\/b><\/p>\n<p>Fundada em 2000, a LONGi est\u00e1 comprometida em ser a empresa l\u00edder mundial em tecnologia solar, com foco na cria\u00e7\u00e3o de valor orientada para o cliente para a transforma\u00e7\u00e3o energ\u00e9tica de um cen\u00e1rio completo.<\/p>\n<p>Sob a sua miss\u00e3o de &#8216;aproveitar o melhor da energia solar para construir um mundo verde&#8217;, a LONGi dedicou-se \u00e0 inova\u00e7\u00e3o tecnol\u00f3gica e estabeleceu cinco setores de neg\u00f3cios, abrangendo c\u00e9lulas e m\u00f3dulos de wafers de mono sil\u00edcio, solu\u00e7\u00f5es solares distribu\u00eddas comerciais e industriais, solu\u00e7\u00f5es de energia verde e equipamento de hidrog\u00eanio. A empresa aperfei\u00e7oou as suas capacidades para fornecer energia verde e, mais recentemente, tamb\u00e9m adotou produtos e solu\u00e7\u00f5es de hidrog\u00e9nio verde para apoiar o desenvolvimento global de carbono zero. <a href=\"https:\/\/www.longi.com\/br\/\" target=\"_blank\" rel=\"nofollow noopener\">www.longi.com\/br\/<\/a><\/p>\n<div class=\"PRN_ImbeddedAssetReference\" id=\"DivAssetPlaceHolder1624\">\n<a href=\"https:\/\/mma.prnewswire.com\/media\/1862722\/LONGi_new_Logo.html\" target=\"_blank\" rel=\"nofollow noopener\"><img decoding=\"async\" src=\"https:\/\/mma.prnewswire.com\/media\/1862722\/LONGi_new_Logo.jpg\" title=\"(PRNewsfoto\/LONGi)\" alt=\"(PRNewsfoto\/LONGi)\" \/><\/a><\/p>\n<\/div>\n<p>Foto &#8211; <a href=\"https:\/\/mma.prnewswire.com\/media\/2214666\/image_821075_22995346.jpg\" target=\"_blank\" rel=\"nofollow noopener\">https:\/\/mma.prnewswire.com\/media\/2214666\/image_821075_22995346.jpg<\/a><br \/>Logo &#8211; <a href=\"https:\/\/mma.prnewswire.com\/media\/1862722\/4282362\/LONGi_new_Logo.jpg\" target=\"_blank\" rel=\"nofollow noopener\">https:\/\/mma.prnewswire.com\/media\/1862722\/4282362\/LONGi_new_Logo.jpg<\/a><\/p>\n<div class=\"PRN_ImbeddedAssetReference\" id=\"DivAssetPlaceHolder0\"><\/div>\n<p>FONTE  LONGi<\/p>\n<\/div>\n<p><img decoding=\"async\" alt=\"\" src=\"https:\/\/rt.prnewswire.com\/rt.gif?NewsItemId=PT13801&amp;Transmission_Id=202309190656PR_NEWS_LATAM____PT13801&amp;DateId=20230919\" style=\"border:0px;width:1px;height:1px\" \/><\/p>\n<p>A <b>OESP<\/b> n\u00e3o \u00e9(s\u00e3o) respons\u00e1vel(is) por erros, incorre\u00e7\u00f5es, atrasos ou quaisquer decis\u00f5es tomadas por seus clientes com base nos Conte\u00fados ora disponibilizados, bem como tais Conte\u00fados n\u00e3o representam a opini\u00e3o da <b>OESP<\/b> e s\u00e3o de inteira responsabilidade da <b>PR Newswire Ltda<\/b><\/p>\n","protected":false},"excerpt":{"rendered":"PR NEWSWIRE S\u00c3O PAULO, 19 de setembro de 2023 \/PRNewswire\/ &#8212;\u00a0A LONGi participou da Intersolar South America 2023, a maior exposi\u00e7\u00e3o da Am\u00e9rica Latina para a ind\u00fastria solar, exibindo seus","protected":false},"author":1,"featured_media":73006,"comment_status":"open","ping_status":"closed","sticky":false,"template":"","format":"standard","meta":{"_acf_changed":false,"inline_featured_image":false,"_monsterinsights_skip_tracking":false,"_monsterinsights_sitenote_active":false,"_monsterinsights_sitenote_note":"","_monsterinsights_sitenote_category":0,"footnotes":""},"categories":[31],"tags":[],"class_list":["post-73005","post","type-post","status-publish","format-standard","has-post-thumbnail","hentry","category-prnewsinternacional"],"acf":[],"_links":{"self":[{"href":"https:\/\/bluestudio.estadao.com.br\/agencia-de-comunicacao\/wp-json\/wp\/v2\/posts\/73005","targetHints":{"allow":["GET"]}}],"collection":[{"href":"https:\/\/bluestudio.estadao.com.br\/agencia-de-comunicacao\/wp-json\/wp\/v2\/posts"}],"about":[{"href":"https:\/\/bluestudio.estadao.com.br\/agencia-de-comunicacao\/wp-json\/wp\/v2\/types\/post"}],"author":[{"embeddable":true,"href":"https:\/\/bluestudio.estadao.com.br\/agencia-de-comunicacao\/wp-json\/wp\/v2\/users\/1"}],"replies":[{"embeddable":true,"href":"https:\/\/bluestudio.estadao.com.br\/agencia-de-comunicacao\/wp-json\/wp\/v2\/comments?post=73005"}],"version-history":[{"count":0,"href":"https:\/\/bluestudio.estadao.com.br\/agencia-de-comunicacao\/wp-json\/wp\/v2\/posts\/73005\/revisions"}],"wp:featuredmedia":[{"embeddable":true,"href":"https:\/\/bluestudio.estadao.com.br\/agencia-de-comunicacao\/wp-json\/wp\/v2\/media\/73006"}],"wp:attachment":[{"href":"https:\/\/bluestudio.estadao.com.br\/agencia-de-comunicacao\/wp-json\/wp\/v2\/media?parent=73005"}],"wp:term":[{"taxonomy":"category","embeddable":true,"href":"https:\/\/bluestudio.estadao.com.br\/agencia-de-comunicacao\/wp-json\/wp\/v2\/categories?post=73005"},{"taxonomy":"post_tag","embeddable":true,"href":"https:\/\/bluestudio.estadao.com.br\/agencia-de-comunicacao\/wp-json\/wp\/v2\/tags?post=73005"}],"curies":[{"name":"wp","href":"https:\/\/api.w.org\/{rel}","templated":true}]}}