{"id":72782,"date":"2023-09-14T10:13:00","date_gmt":"2023-09-14T13:13:00","guid":{"rendered":"https:\/\/bluestudio.estadao.com.br\/agencia-de-comunicacao\/prnewswire\/prnewsbrasil\/ibis-styles-lanca-nova-serie-openparty-em-toda-a-europa-celebrando-experiencias-criativas-e-vibrando-com-os-cenarios-de-artes-e-cultura-locais\/"},"modified":"2023-09-14T10:13:00","modified_gmt":"2023-09-14T13:13:00","slug":"ibis-styles-lanca-nova-serie-openparty-em-toda-a-europa-celebrando-experiencias-criativas-e-vibrando-com-os-cenarios-de-artes-e-cultura-locais","status":"publish","type":"post","link":"https:\/\/bluestudio.estadao.com.br\/agencia-de-comunicacao\/prnewswire\/prnewsbrasil\/ibis-styles-lanca-nova-serie-openparty-em-toda-a-europa-celebrando-experiencias-criativas-e-vibrando-com-os-cenarios-de-artes-e-cultura-locais\/","title":{"rendered":"Ibis Styles lan\u00e7a nova s\u00e9rie #OPENPARTY em toda a Europa, celebrando experi\u00eancias criativas e vibrando com os cen\u00e1rios de artes e cultura locais"},"content":{"rendered":"<p><b>PR NEWSWIRE<\/b><\/p>\n<div class=\"xn-content\">\n<p class=\"prntac\"><span><b>O <i>primeiro #OpenParty come\u00e7a no ibis Styles Copenhague<br \/>Orestad, <\/i><br \/><i>com convidados fazendo &#8220;parte da arte<\/i><\/b> <b>&#8220;<\/b> <\/span><\/p>\n<p><span class=\"legendSpanClass\">COPENHAGUE, Dinamarca<\/span>, <span class=\"legendSpanClass\">14 de setembro de 2023<\/span> <span>\/PRNewswire\/&#8211; O <\/span><a href=\"https:\/\/c212.net\/c\/link\/?t=0&amp;l=pt&amp;o=3968410-1&amp;h=2479725585&amp;u=https%3A%2F%2Fc212.net%2Fc%2Flink%2F%3Ft%3D0%26l%3Den%26o%3D3968410-1%26h%3D364281577%26u%3Dhttps%253A%252F%252Fall.accor.com%252Fbrands%252Fibisstyles.en.shtml%26a%3Dibis%2BStyles&amp;a=ibis+Styles\" target=\"_blank\" rel=\"nofollow noopener\"><span>ibis Styles<\/span><\/a><span>, parte da Accor, um grupo hoteleiro l\u00edder mundial, tem o prazer de lan\u00e7ar seu primeiro #OpenParty no ibis <b>Styles Copenhague, Orestad, no dia 28 de setembro de 2023<\/b>. O colossal evento ao vivo de arte digital colaborativa foi projetado para celebrar a criatividade da marca ibis Styles, suas experi\u00eancias distintas aos visitantes e est\u00e9tica \u00fanica de estilo de vida. O conceito <b>#OpenParty<\/b> faz parte do programa global #OpenToCreativity da marca, colaborando com comunidades de artes e design para estimular energia e injetar cada hotel ibis Styles com uma vibra\u00e7\u00e3o \u00fanica, nutrindo as almas criativas de seus h\u00f3spedes e apresentando o trabalho criativo dos artistas da regi\u00e3o. Em breve, em mais de 40 hot\u00e9is ibis Styles, #OpenToCreativity e a s\u00e9rie #OpenParty est\u00e3o apenas come\u00e7ando. Com uma rede global de mais de 650 hot\u00e9is em todo o mundo, o ibis Styles garante que futuramente veremos muito mais cria\u00e7\u00f5es art\u00edsticas.<\/span><\/p>\n<div class=\"PRN_ImbeddedAssetReference\" id=\"DivAssetPlaceHolder7954\">\n<a href=\"https:\/\/mma.prnewswire.com\/media\/2210623\/ibis_Styles_Ibis_Styles_lan_a_nova_s_rie__OPENPARTY_em_toda_a_Eu.html\" target=\"_blank\" rel=\"nofollow noopener\"><img decoding=\"async\" src=\"https:\/\/mma.prnewswire.com\/media\/2210623\/ibis_Styles_Ibis_Styles_lan_a_nova_s_rie__OPENPARTY_em_toda_a_Eu.jpg\" title=\"O conceito #OpenpARTy faz parte do programa global #OpenToCreativity da marca ibis Styles (CNW Group\/ibis Styles)\" alt=\"O conceito #OpenpARTy faz parte do programa global #OpenToCreativity da marca ibis Styles (CNW Group\/ibis Styles)\" \/><\/a><\/p>\n<\/div>\n<p><span>Os convidados do#OpenParty do ibis Styles Copenhague, Orestad, liberar\u00e3o suas paix\u00f5es art\u00edsticas em um processo criativo de cria\u00e7\u00e3o de arte digital em eventos ao vivo. O trabalho ser\u00e1 selecionado por um dos artistas de rua favoritos de Copenhague, <\/span><a href=\"https:\/\/c212.net\/c\/link\/?t=0&amp;l=pt&amp;o=3968410-1&amp;h=1922528767&amp;u=https%3A%2F%2Fc212.net%2Fc%2Flink%2F%3Ft%3D0%26l%3Den%26o%3D3968410-1%26h%3D577985005%26u%3Dhttps%253A%252F%252Fwww.instagram.com%252Fmalakkai%252F%253Fhl%253Dfr%26a%3DIsaac%2BMalakkai&amp;a=Isaac+Malakkai\" target=\"_blank\" rel=\"nofollow noopener\"><span>Isaac Malakkai<\/span><\/a><span>, admirado por seu trabalho em espa\u00e7os f\u00edsicos e digitais, anima\u00e7\u00f5es e gr\u00e1ficos em movimento. Quer eles optem por preparar meticulosamente um envio digital que se torne parte da estrutura do trabalho, ou simplesmente ficar dentro das proje\u00e7\u00f5es desenvolvendo o trabalho em andamento, os convidados s\u00e3o bem-vindos para se tornarem parte da arte. O produto acabado ser\u00e1 cunhado como um NFT ? feito em conjunto e de propriedade conjunta ? atuando como uma fatia comunit\u00e1ria do estilo de Copenhague.<\/span><\/p>\n<p><span>&#8220;O conceito #OpenParty \u00e9 uma das muitas experi\u00eancias distintas do ibis Styles que os h\u00f3spedes n\u00e3o encontrar\u00e3o em outro lugar. Ao envolver o p\u00fablico na cocria\u00e7\u00e3o com artistas locais em nossos hot\u00e9is, estamos mostrando nosso apoio \u00e0 experimenta\u00e7\u00e3o art\u00edstica, autenticidade e autoexpress\u00e3o, ao mesmo tempo, convidamos os h\u00f3spedes a realmente se tornarem parte da arte&#8221;, disse <b>Marie-Agn\u00e8s Froment, diretora da marca ibis Styles, da Accor<\/b>. &#8220;Em toda nossa rede ibis Styles, nosso programa #OpenToCreativity est\u00e1 impulsionando a cultura, celebrando a criatividade, e dando acesso a uma comunidade internacional que pensa da mesma maneira. Para os h\u00f3spedes, nossos hot\u00e9is abrem as portas para a cultura criativa local; para nossos talentosos vizinhos, oferecemos espa\u00e7o para se encontrar, colaborar e mostrar seus talentos art\u00edsticos&#8221;.<\/span><\/p>\n<p><b><span>#OpenpARTy @ <span class=\"xn-location\">Copenhagen<\/span><\/span><\/b><\/p>\n<p><span>Os artistas e influenciadores mais ousados de Copenhague vibrar\u00e3o com os h\u00f3spedes, f\u00e3s e seguidores do ibis Styles no ibis Styles Copenhague Orestad #OpenpARTy no dia 28 de setembro de 2023 apresentando\u00a0<\/span><a href=\"https:\/\/c212.net\/c\/link\/?t=0&amp;l=pt&amp;o=3968410-1&amp;h=4227362127&amp;u=https%3A%2F%2Fc212.net%2Fc%2Flink%2F%3Ft%3D0%26l%3Den%26o%3D3968410-1%26h%3D490819704%26u%3Dhttps%253A%252F%252Fwww.instagram.com%252Fmalakkai%252F%253Fhl%253Dfr%26a%3D%2540Malakkai&amp;a=%40Malakkai\" target=\"_blank\" rel=\"nofollow noopener\"><i><span>@Malakkai<\/span><\/i><\/a><span>, um dos principais artistas de rua da Dinamarca. O som ser\u00e1 apresentado por um DJ dinamarqu\u00eas e pelo produtor Kasper Bj&oslash;rke e um DJ de formatura. O evento h\u00edbrido ser\u00e1 transmitido ao vivo na \u00a0<\/span><a href=\"https:\/\/c212.net\/c\/link\/?t=0&amp;l=pt&amp;o=3968410-1&amp;h=2673906718&amp;u=https%3A%2F%2Fc212.net%2Fc%2Flink%2F%3Ft%3D0%26l%3Den%26o%3D3968410-1%26h%3D78448390%26u%3Dhttps%253A%252F%252Fc212.net%252Fc%252Flink%252F%253Ft%253D0%2526l%253Dfr%2526o%253D3660742-1%2526h%253D1052621764%2526u%253Dhttps%25253A%25252F%25252Fc212.net%25252Fc%25252Flink%25252F%25253Ft%25253D0%252526l%25253Den%252526o%25253D3660742-1%252526h%25253D2465773691%252526u%25253Dhttps%2525253A%2525252F%2525252Fspatial.io%2525252Fs%2525252Fibis-Styles-Gallery-63207b8396854f00014a64aa%2525253Fshare%2525253D1999572191507638744%25252526utm_source%2525253D%252525252Fspaces%252526a%25253Dspatial.io%2526a%253Dspatial.io%26a%3Dibis%2BStyles%2BMetaverse%2Bspatial%2Bgallery&amp;a=galeria+espacial+Metaverso+doibis+Styles\" target=\"_blank\" rel=\"nofollow noopener\"><i><span>galeria espacial Metaverso doibis Styles<\/span><\/i><\/a><span>\u00a0e na m\u00eddia social da marca<i>\u00a0(<\/i><\/span><a href=\"https:\/\/c212.net\/c\/link\/?t=0&amp;l=pt&amp;o=3968410-1&amp;h=1525092286&amp;u=https%3A%2F%2Fc212.net%2Fc%2Flink%2F%3Ft%3D0%26l%3Den%26o%3D3968410-1%26h%3D1397001741%26u%3Dhttps%253A%252F%252Fc212.net%252Fc%252Flink%252F%253Ft%253D0%2526l%253Dfr%2526o%253D3660742-1%2526h%253D2865193818%2526u%253Dhttps%25253A%25252F%25252Fc212.net%25252Fc%25252Flink%25252F%25253Ft%25253D0%252526l%25253Den%252526o%25253D3660742-1%252526h%25253D151260634%252526u%25253Dhttp%2525253A%2525252F%2525252Fwww.instagram.com%2525252Fibisstyles%252526a%25253D%25252540ibisstyles%2526a%253D%252540ibisstyles%26a%3DInstagram&amp;a=Instagram\" target=\"_blank\" rel=\"nofollow noopener\"><i><span>Instagram<\/span><\/i><\/a><span>\u00a0e\u00a0<\/span><a href=\"https:\/\/c212.net\/c\/link\/?t=0&amp;l=pt&amp;o=3968410-1&amp;h=3791747837&amp;u=https%3A%2F%2Fc212.net%2Fc%2Flink%2F%3Ft%3D0%26l%3Den%26o%3D3968410-1%26h%3D2055800991%26u%3Dhttps%253A%252F%252Fwww.tiktok.com%252F%2540ibisstyles%26a%3DTikTok&amp;a=TikTok\" target=\"_blank\" rel=\"nofollow noopener\"><i><span>TikTok<\/span><\/i><\/a><span>), compartilhando o #OpenParty e sua mensagem de abertura com a abrangente comunidade global do ibis Styles. <\/span><\/p>\n<p><i><span>*Para acessar o Metaverso em seu celular, baixe o aplicativo Spatial.io no <\/span><\/i><a href=\"https:\/\/c212.net\/c\/link\/?t=0&amp;l=pt&amp;o=3968410-1&amp;h=398968859&amp;u=https%3A%2F%2Fc212.net%2Fc%2Flink%2F%3Ft%3D0%26l%3Den%26o%3D3968410-1%26h%3D258474259%26u%3Dhttps%253A%252F%252Fapps.apple.com%252Ffr%252Fapp%252Fspatial%252Fid1528403747%26a%3DiPhone%252FiPad&amp;a=iPhone%2FiPad\" target=\"_blank\" rel=\"nofollow noopener\"><i><span>iPhone\/iPad<\/span><\/i><\/a> <i><span>\u00a0ou <\/span><\/i><a href=\"https:\/\/c212.net\/c\/link\/?t=0&amp;l=pt&amp;o=3968410-1&amp;h=1953414575&amp;u=https%3A%2F%2Fc212.net%2Fc%2Flink%2F%3Ft%3D0%26l%3Den%26o%3D3968410-1%26h%3D224165959%26u%3Dhttps%253A%252F%252Fplay.google.com%252Fstore%252Fapps%252Fdetails%253Fid%253Dio.spatial.spatial%2526pli%253D1%26a%3DAndroid&amp;a=Android\" target=\"_blank\" rel=\"nofollow noopener\"><i><span>Android<\/span><\/i><\/a> <i><span>.<\/span><\/i><\/p>\n<p><span>Copenhague foi escolhida como a primeira cidade a sediar uma festa #OpenpARTy do ibis Styles, dada sua renomada comunidade art\u00edstica e \u00eanfase cultural no design de vanguarda. A cidade foi recentemente designada como Capital Mundial da Arquitetura para o ano de 2023 pelo diretor-geral da UNESCO. Mais eventos #OpenParty ocorrer\u00e3o nos destinos ibis Styles em toda a Europa, celebrando os talentosos artistas e cenas culturais \u00fanicas em cada comunidade. <\/span><\/p>\n<p><span>&#8220;A arte \u00e9 inerentemente uma colabora\u00e7\u00e3o entre um artista e seu p\u00fablico. As ideias que uma pe\u00e7a de arte inspira s\u00e3o sempre o resultado dessa conversa entre o criador e o espectador, geralmente enfrentando-se de uma forma quase oposta,&#8221; disse Isaac Malakkai aka @Malakkai. &#8220;O ibis Styles est\u00e1 renovando, trazendo o p\u00fablico para o lado dos artistas, mergulhando-os integralmente no processo criativo, que \u00e9 desafiador e empolgante ? e refletir\u00e1 as verdadeiras cores e vozes e perspectivas selvagens que existem nas ruas de Copenhague.&#8221;<\/span><\/p>\n<p><span>Quem quiser participar do evento est\u00e1 convidado a\u00a0<\/span><a href=\"https:\/\/c212.net\/c\/link\/?t=0&amp;l=pt&amp;o=3968410-1&amp;h=1688610014&amp;u=https%3A%2F%2Fc212.net%2Fc%2Flink%2F%3Ft%3D0%26l%3Den%26o%3D3968410-1%26h%3D3343088693%26u%3Dhttps%253A%252F%252Fwww.eventbrite.com%252Fe%252Fibis-styles-open-party-tickets-710217127547%253Faff%253Doddtdtcreator%26a%3Dsign%2Bup%2Bfor%2Bthe%2Bguest%2Blist%2Bhere&amp;a=se+inscrever+na+lista+de+convidados+aqui\" target=\"_blank\" rel=\"nofollow noopener\"><i><span>se inscrever na lista de convidados aqui<\/span><\/i><\/a><b><i><span>.<\/span><\/i><\/b><\/p>\n<p><b><span>#OpenToCreativity @ o mundo<\/span><\/b><\/p>\n<p><span>O Copenhague #OpenpARTy \u00e9 apenas um dos elementos do programa global #OpenToCreativity do ibis Styles. O programa foi lan\u00e7ado em 2022 com o Metaverso #OpenToCreators (a galeria espacial do ibis Styles) e eventos de sucesso em Sevilha e <span class=\"xn-location\">Bangkok<\/span>. Os hot\u00e9is participantes criam obras de arte originais e\u00a0\u00fanicas ao fazer parceria com um criador regional ou usar nosso processo de intelig\u00eancia artificial com o MidJourney. Cada hotel expressa sua obra de arte exclusiva em v\u00e1rios pontos, como chaves de quarto, instala\u00e7\u00f5es art\u00edsticas nos Centros Sociais e produtos da marca nas boutiques do hotel. A arte tamb\u00e9m \u00e9 transformada em NFTs para as carteiras digitais dos h\u00f3spedes como presentes de boas-vindas, exibida nos hot\u00e9is e arquivada na galeria espacial do ibis Styles. Al\u00e9m disso, os centros sociais dos hot\u00e9is oferecem um local perfeito para fotos com as obras de arte, para compartilhar nas redes sociais.<\/span><\/p>\n<p><span>Acima de tudo, o ibis Styles visa atrair pessoas criativas, com vis\u00e3o de futuro, da comunidade local, criando uma mistura cultural animada com os h\u00f3spedes que visitam o hotel. Oficinas de cria\u00e7\u00e3o digital, noites de pintura e vinho, e soir\u00e9es de abertura de exposi\u00e7\u00f5es de artistas regionais s\u00e3o apenas algumas das maneiras pelas quais os hot\u00e9is ibis Styles oferecem experi\u00eancias divertidas, ousadas e estimulantes. Muitos hot\u00e9is ibis Styles tamb\u00e9m apresentam o trabalho de artistas e artes\u00e3os locais de maneiras relevantes para o pr\u00f3prio mercado, com roupas, acess\u00f3rios, oficinas, palestras sobre positividade corporal, desfiles de moda, festas de lan\u00e7amento de cole\u00e7\u00f5es e demonstra\u00e7\u00f5es de tatuagens ou arte corporal.<\/span><\/p>\n<p><b><i><u><span>Sobre o ibis Styles<\/span><\/u><\/i><\/b>\u00a0<\/p>\n<p><span>Design criativo e uma atmosfera divertida s\u00e3o o que os visitantes encontram quando ficam no ibis Styles. Com um conceito de design \u00fanico constru\u00eddo em torno de um tema preciso e uma abordagem confiante e otimista, os hot\u00e9is ibis Styles oferecem uma hospitalidade simples, moderna e econ\u00f4mica. Os funcion\u00e1rios se divertem em surpreender os h\u00f3spedes com pequenos e alegres complementos para fazer com que cada estadia seja pessoal e especial. Casais, fam\u00edlias, viajantes individuais e h\u00f3spedes a neg\u00f3cios s\u00e3o recebidos calorosamente nos mais de 650 hot\u00e9is ibis Styles, cada um deles com um design \u00fanico, espalhados em mais de 50 pa\u00edses. O ibis Styles faz parte da Accor, um grupo hoteleiro l\u00edder mundial que conta mais de 5.400 propriedades em mais de 110 pa\u00edses e uma marca participante do ALL &#8211; Accor Live Limitless &#8211; um programa de fidelidade que oferece acesso a uma ampla variedade de recompensas, servi\u00e7os e experi\u00eancias.\u00a0<\/span><\/p>\n<p class=\"prntac\"><a href=\"https:\/\/c212.net\/c\/link\/?t=0&amp;l=pt&amp;o=3968410-1&amp;h=3865601089&amp;u=https%3A%2F%2Fc212.net%2Fc%2Flink%2F%3Ft%3D0%26l%3Den%26o%3D3968410-1%26h%3D3780082478%26u%3Dhttp%253A%252F%252Fwww.ibis.com%252F%26a%3Dibis.com&amp;a=ibis.com\" target=\"_blank\" rel=\"nofollow noopener\"><span>ibis.com<\/span><\/a><span>\u00a0| <\/span><a href=\"https:\/\/c212.net\/c\/link\/?t=0&amp;l=pt&amp;o=3968410-1&amp;h=2823248851&amp;u=https%3A%2F%2Fc212.net%2Fc%2Flink%2F%3Ft%3D0%26l%3Den%26o%3D3968410-1%26h%3D1996102438%26u%3Dhttps%253A%252F%252Fall.accor.com%252F%26a%3Dall.accor.com%2B&amp;a=all.accor.com+\" target=\"_blank\" rel=\"nofollow noopener\"><span>all.accor.com <\/span><\/a><span>| <\/span><a href=\"https:\/\/c212.net\/c\/link\/?t=0&amp;l=pt&amp;o=3968410-1&amp;h=3862675131&amp;u=https%3A%2F%2Fc212.net%2Fc%2Flink%2F%3Ft%3D0%26l%3Den%26o%3D3968410-1%26h%3D2269043895%26u%3Dhttps%253A%252F%252Fgroup.accor.com%252Fen%26a%3Dgroup.accor.com&amp;a=group.accor.com\" target=\"_blank\" rel=\"nofollow noopener\"><span>group.accor.com<\/span><\/a><\/p>\n<p><span>Foto &#8211; <\/span><a href=\"https:\/\/c212.net\/c\/link\/?t=0&amp;l=pt&amp;o=3968410-1&amp;h=3469775447&amp;u=https%3A%2F%2Fmma.prnewswire.com%2Fmedia%2F2210623%2Fibis_Styles_IBIS_STYLES_LAUNCHES_NEW__OPENPARTY_SERIES_ACROSS_EU.jpg&amp;a=https%3A%2F%2Fmma.prnewswire.com%2Fmedia%2F2210623%2Fibis_Styles_IBIS_STYLES_LAUNCHES_NEW__OPENPARTY_SERIES_ACROSS_EU.jpg\" target=\"_blank\" rel=\"nofollow noopener\">https:\/\/mma.prnewswire.com\/media\/2210623\/ibis_Styles_IBIS_STYLES_LAUNCHES_NEW__OPENPARTY_SERIES_ACROSS_EU.jpg<\/a><\/p>\n<p><span>Contato para a imprensa: Gautier Rouquayrol, gerente s\u00eanior de rela\u00e7\u00f5es p\u00fablicas e comunica\u00e7\u00f5es, <\/span><a href=\"mailto:Gautier.rouquayrol@accor.com\" target=\"_blank\" rel=\"nofollow noopener\"><span>Gautier.rouquayrol@accor.com<\/span><\/a><\/p>\n<p>\u00a0<\/p>\n<div class=\"PRN_ImbeddedAssetReference\" id=\"DivAssetPlaceHolder0\"><\/div>\n<p>FONTE  ibis Styles<\/p>\n<\/div>\n<p><img decoding=\"async\" alt=\"\" src=\"https:\/\/rt.prnewswire.com\/rt.gif?NewsItemId=PT09234&amp;Transmission_Id=202309140300PR_NEWS_LATAM____PT09234&amp;DateId=20230914\" style=\"border:0px;width:1px;height:1px\" \/><\/p>\n<p>A <b>OESP<\/b> n\u00e3o \u00e9(s\u00e3o) respons\u00e1vel(is) por erros, incorre\u00e7\u00f5es, atrasos ou quaisquer decis\u00f5es tomadas por seus clientes com base nos Conte\u00fados ora disponibilizados, bem como tais Conte\u00fados n\u00e3o representam a opini\u00e3o da <b>OESP<\/b> e s\u00e3o de inteira responsabilidade da <b>PR Newswire Ltda<\/b><\/p>\n","protected":false},"excerpt":{"rendered":"PR NEWSWIRE O primeiro #OpenParty come\u00e7a no ibis Styles CopenhagueOrestad, com convidados fazendo &#8220;parte da arte &#8220; COPENHAGUE, Dinamarca, 14 de setembro de 2023 \/PRNewswire\/&#8211; O ibis","protected":false},"author":1,"featured_media":72783,"comment_status":"open","ping_status":"closed","sticky":false,"template":"","format":"standard","meta":{"_acf_changed":false,"inline_featured_image":false,"_monsterinsights_skip_tracking":false,"_monsterinsights_sitenote_active":false,"_monsterinsights_sitenote_note":"","_monsterinsights_sitenote_category":0,"footnotes":""},"categories":[28],"tags":[],"class_list":["post-72782","post","type-post","status-publish","format-standard","has-post-thumbnail","hentry","category-prnewsbrasil"],"acf":[],"_links":{"self":[{"href":"https:\/\/bluestudio.estadao.com.br\/agencia-de-comunicacao\/wp-json\/wp\/v2\/posts\/72782","targetHints":{"allow":["GET"]}}],"collection":[{"href":"https:\/\/bluestudio.estadao.com.br\/agencia-de-comunicacao\/wp-json\/wp\/v2\/posts"}],"about":[{"href":"https:\/\/bluestudio.estadao.com.br\/agencia-de-comunicacao\/wp-json\/wp\/v2\/types\/post"}],"author":[{"embeddable":true,"href":"https:\/\/bluestudio.estadao.com.br\/agencia-de-comunicacao\/wp-json\/wp\/v2\/users\/1"}],"replies":[{"embeddable":true,"href":"https:\/\/bluestudio.estadao.com.br\/agencia-de-comunicacao\/wp-json\/wp\/v2\/comments?post=72782"}],"version-history":[{"count":0,"href":"https:\/\/bluestudio.estadao.com.br\/agencia-de-comunicacao\/wp-json\/wp\/v2\/posts\/72782\/revisions"}],"wp:featuredmedia":[{"embeddable":true,"href":"https:\/\/bluestudio.estadao.com.br\/agencia-de-comunicacao\/wp-json\/wp\/v2\/media\/72783"}],"wp:attachment":[{"href":"https:\/\/bluestudio.estadao.com.br\/agencia-de-comunicacao\/wp-json\/wp\/v2\/media?parent=72782"}],"wp:term":[{"taxonomy":"category","embeddable":true,"href":"https:\/\/bluestudio.estadao.com.br\/agencia-de-comunicacao\/wp-json\/wp\/v2\/categories?post=72782"},{"taxonomy":"post_tag","embeddable":true,"href":"https:\/\/bluestudio.estadao.com.br\/agencia-de-comunicacao\/wp-json\/wp\/v2\/tags?post=72782"}],"curies":[{"name":"wp","href":"https:\/\/api.w.org\/{rel}","templated":true}]}}