{"id":72509,"date":"2023-09-08T19:13:00","date_gmt":"2023-09-08T22:13:00","guid":{"rendered":"https:\/\/bluestudio.estadao.com.br\/agencia-de-comunicacao\/prnewswire\/prnewsbrasil\/lideres-mundiais-e-as-melhores-mentes-dos-negocios-se-reunem-no-indonesia-sustainability-forum-isf\/"},"modified":"2023-09-08T19:13:00","modified_gmt":"2023-09-08T22:13:00","slug":"lideres-mundiais-e-as-melhores-mentes-dos-negocios-se-reunem-no-indonesia-sustainability-forum-isf","status":"publish","type":"post","link":"https:\/\/bluestudio.estadao.com.br\/agencia-de-comunicacao\/prnewswire\/prnewsbrasil\/lideres-mundiais-e-as-melhores-mentes-dos-negocios-se-reunem-no-indonesia-sustainability-forum-isf\/","title":{"rendered":"L\u00edderes mundiais e as melhores mentes dos neg\u00f3cios se re\u00fanem no Indonesia Sustainability Forum (ISF)"},"content":{"rendered":"<p><b>PR NEWSWIRE<\/b><\/p>\n<div class=\"xn-content\">\n<span class=\"legendSpanClass\">JACARTA, Indon\u00e9sia<\/span>, <span class=\"legendSpanClass\">8 de setembro de 2023<\/span> \/PRNewswire\/&#8211; L\u00edderes mundiais, incluindo o presidente da Indon\u00e9sia, <span class=\"xn-person\">Joko Widodo<\/span>, e o primeiro-ministro de Papua-Nova Guin\u00e9, James Marape, se reuniram hoje em Jacarta para participar do primeiro <a href=\"https:\/\/indonesiasustainabilityforum.co.id\/\" target=\"_blank\" rel=\"nofollow noopener\">Indonesia Sustainability Forum<\/a>\u00a0(ISF) &#8211; (F\u00f3rum de Sustentabilidade da Indon\u00e9sia), juntamente com especialistas globais em sustentabilidade, para discutir maneiras de encontrar um equil\u00edbrio entre crescimento e prote\u00e7\u00e3o do planeta.\u00a0<\/p>\n<p>O governo indon\u00e9sio, por meio do Minist\u00e9rio Coordenador para Assuntos Mar\u00edtimos e Investimentos (Kemenko Marves), sediou o ISF de 2023, atraindo mais de 800 participantes, tornando-o um dos mais importantes encontros de sustentabilidade na regi\u00e3o da \u00c1sia-Pac\u00edfico. O Minist\u00e9rio organizou o F\u00f3rum em parceria com a C\u00e2mara de Com\u00e9rcio e Ind\u00fastria da Indon\u00e9sia (Kadin Indonesia).<\/p>\n<p>Chefes de organiza\u00e7\u00f5es multilaterais, como a diretora executiva do Fundo Monet\u00e1rio Internacional (FMI)<a href=\"https:\/\/twitter.com\/KGeorgieva\/status\/1699636936124875158\" target=\"_blank\" rel=\"nofollow noopener\">, <span class=\"xn-person\">Kristalina Georgieva<\/span><\/a>,\u00a0tamb\u00e9m participaram do evento. O presidente do Banco Mundial, <span class=\"xn-person\">Ajay Banga<\/span>, participou de um bate-papo informal com o Ministro Coordenador de Assuntos Mar\u00edtimos e Investimentos, Luhut. B. Pandjaitan, durante o jantar de gala.<\/p>\n<p>Ao discursar no evento, Luhut disse que a Indon\u00e9sia est\u00e1 pronta para se tornar uma for\u00e7a influente para impulsionar a agenda de sustentabilidade em toda a regi\u00e3o.<\/p>\n<p>&#8220;Cada pa\u00eds \u00e9 diferente, com pontos de partida, capacidades e habilidades diferentes, bem como limita\u00e7\u00f5es para a descarboniza\u00e7\u00e3o. Mas a crise clim\u00e1tica \u00e9 nosso desafio comum e, portanto, \u00e9 problema de todos. O fracasso de uma \u00fanica na\u00e7\u00e3o \u00e9 o fracasso de todo o mundo. Portanto, a colabora\u00e7\u00e3o \u00e9 necess\u00e1ria para que todos tenham sucesso. Tendo em mente o esp\u00edrito de colabora\u00e7\u00e3o global, iniciamos o Indonesia Sustainability Forum&#8221;, disse Luhut em seu discurso.<\/p>\n<p>O Presidente da Kadin Indonesia, Arsjad Rasjid, concordou com a declara\u00e7\u00e3o de Luhut dizendo que a participa\u00e7\u00e3o ativa e m\u00fatua de todas as partes interessadas, incluindo o setor privado global, pode levar a solu\u00e7\u00f5es em que todos ganham para o crescimento e para o planeta.<\/p>\n<p>&#8220;Enfrentar as quest\u00f5es globais de sustentabilidade requer uma abordagem abrangente, colaborativa e inclusiva. Ao nos envolvermos com diversas partes interessadas, incluindo empresas, sociedade civil e comunidades locais, podemos criar solu\u00e7\u00f5es significativas que n\u00e3o apenas promovam o crescimento sustent\u00e1vel, mas tamb\u00e9m garantam a subsist\u00eancia&#8221;, disse Arsjad.<\/p>\n<p><span class=\"xn-person\">Mais de<\/span> 100 palestrantes do setor de neg\u00f3cios, da sociedade civil e do governo participam de <a href=\"https:\/\/indonesiasustainabilityforum.co.id\/plenary\" target=\"_blank\" rel=\"nofollow noopener\">10 sess\u00f5es plen\u00e1rias<\/a>\u00a0e 14 sess\u00f5es tem\u00e1ticas. As sess\u00f5es plen\u00e1rias abordam quest\u00f5es que v\u00e3o desde a transi\u00e7\u00e3o para a energia verde e tecnologia, a prote\u00e7\u00e3o da biodiversidade, at\u00e9 a descentraliza\u00e7\u00e3o da ind\u00fastria de minerais cr\u00edticos para a descarboniza\u00e7\u00e3o. As 14 sess\u00f5es tem\u00e1ticas apresentam quest\u00f5es como economia circular, coopera\u00e7\u00e3o internacional e financiamento verde, entre outras.<\/p>\n<p>FONTE  Kemenko Marves<\/p>\n<\/div>\n<p><img decoding=\"async\" alt=\"\" src=\"https:\/\/rt.prnewswire.com\/rt.gif?NewsItemId=PT03125&amp;Transmission_Id=202309081811PR_NEWS_LATAM____PT03125&amp;DateId=20230908\" style=\"border:0px;width:1px;height:1px\" \/><\/p>\n<p>A <b>OESP<\/b> n\u00e3o \u00e9(s\u00e3o) respons\u00e1vel(is) por erros, incorre\u00e7\u00f5es, atrasos ou quaisquer decis\u00f5es tomadas por seus clientes com base nos Conte\u00fados ora disponibilizados, bem como tais Conte\u00fados n\u00e3o representam a opini\u00e3o da <b>OESP<\/b> e s\u00e3o de inteira responsabilidade da <b>PR Newswire Ltda<\/b><\/p>\n","protected":false},"excerpt":{"rendered":"PR NEWSWIRE JACARTA, Indon\u00e9sia, 8 de setembro de 2023 \/PRNewswire\/&#8211; L\u00edderes mundiais, incluindo o presidente da Indon\u00e9sia, Joko Widodo, e o primeiro-ministro de Papua-Nova Guin\u00e9, James","protected":false},"author":1,"featured_media":72510,"comment_status":"open","ping_status":"closed","sticky":false,"template":"","format":"standard","meta":{"_acf_changed":false,"inline_featured_image":false,"_monsterinsights_skip_tracking":false,"_monsterinsights_sitenote_active":false,"_monsterinsights_sitenote_note":"","_monsterinsights_sitenote_category":0,"footnotes":""},"categories":[28],"tags":[],"class_list":["post-72509","post","type-post","status-publish","format-standard","has-post-thumbnail","hentry","category-prnewsbrasil"],"acf":[],"_links":{"self":[{"href":"https:\/\/bluestudio.estadao.com.br\/agencia-de-comunicacao\/wp-json\/wp\/v2\/posts\/72509","targetHints":{"allow":["GET"]}}],"collection":[{"href":"https:\/\/bluestudio.estadao.com.br\/agencia-de-comunicacao\/wp-json\/wp\/v2\/posts"}],"about":[{"href":"https:\/\/bluestudio.estadao.com.br\/agencia-de-comunicacao\/wp-json\/wp\/v2\/types\/post"}],"author":[{"embeddable":true,"href":"https:\/\/bluestudio.estadao.com.br\/agencia-de-comunicacao\/wp-json\/wp\/v2\/users\/1"}],"replies":[{"embeddable":true,"href":"https:\/\/bluestudio.estadao.com.br\/agencia-de-comunicacao\/wp-json\/wp\/v2\/comments?post=72509"}],"version-history":[{"count":0,"href":"https:\/\/bluestudio.estadao.com.br\/agencia-de-comunicacao\/wp-json\/wp\/v2\/posts\/72509\/revisions"}],"wp:featuredmedia":[{"embeddable":true,"href":"https:\/\/bluestudio.estadao.com.br\/agencia-de-comunicacao\/wp-json\/wp\/v2\/media\/72510"}],"wp:attachment":[{"href":"https:\/\/bluestudio.estadao.com.br\/agencia-de-comunicacao\/wp-json\/wp\/v2\/media?parent=72509"}],"wp:term":[{"taxonomy":"category","embeddable":true,"href":"https:\/\/bluestudio.estadao.com.br\/agencia-de-comunicacao\/wp-json\/wp\/v2\/categories?post=72509"},{"taxonomy":"post_tag","embeddable":true,"href":"https:\/\/bluestudio.estadao.com.br\/agencia-de-comunicacao\/wp-json\/wp\/v2\/tags?post=72509"}],"curies":[{"name":"wp","href":"https:\/\/api.w.org\/{rel}","templated":true}]}}