{"id":72473,"date":"2023-09-08T09:41:00","date_gmt":"2023-09-08T12:41:00","guid":{"rendered":"https:\/\/bluestudio.estadao.com.br\/agencia-de-comunicacao\/releases\/releases-geral\/plataforma-de-consorcios-especializa-se-em-motos-kawasaki\/"},"modified":"2023-09-08T09:41:00","modified_gmt":"2023-09-08T12:41:00","slug":"plataforma-de-consorcios-especializa-se-em-motos-kawasaki","status":"publish","type":"post","link":"https:\/\/bluestudio.estadao.com.br\/agencia-de-comunicacao\/releases\/releases-geral\/plataforma-de-consorcios-especializa-se-em-motos-kawasaki\/","title":{"rendered":"Plataforma de cons\u00f3rcios especializa-se em motos Kawasaki"},"content":{"rendered":"<p><b>DINO DIVULGADOR DE NOT\u00cdCIAS<\/b><\/p>\n<p>(<a target='_blank' href='http:\/\/www.dino.com.br' rel=\"noopener\">DINO<\/a> &#8211; 08 set, 2023) &#8211;<br \/>\nH&aacute; 61 anos, o segmento de cons&oacute;rcios deu os seus primeiros passos no Brasil, em 08 de outubro de 2008, ocorreu o marco legal do Sistema de Cons&oacute;rcios: a edi&ccedil;&atilde;o da Lei 11.795\/2008, que disp&otilde;e &uacute;nica e exclusivamente sobre o funcionamento do Sistema de Cons&oacute;rcios, entrando em vigor em fevereiro de 2009 e trazendo importantes benef&iacute;cios e aperfei&ccedil;oamentos ao mecanismo.&nbsp;<\/p>\n<p>A modalidade &eacute; um alternativa para a aquisi&ccedil;&atilde;o de bens e servi&ccedil;os por meio de autofinanciamento, em que um determinado n&uacute;mero de indiv&iacute;duos conta com o apoio de uma administradora, que fica respons&aacute;vel pela cobran&ccedil;a de parcelas mensais, pelo gerenciamento do grupo e pela realiza&ccedil;&atilde;o de reuni&otilde;es para contempla&ccedil;&atilde;o.<\/p>\n<p>Nesse cen&aacute;rio, Alexandre Laudimiro fundou a Ativa Cons&oacute;rcios &#8211; empresa que atua com cons&oacute;rcios para aquisi&ccedil;&atilde;o de bens e servi&ccedil;os em geral -, em 2015 com o apoio de profissionais com experi&ecirc;ncia no mercado financeiro.<\/p>\n<p>&ldquo;Fundei a Ativa ap&oacute;s mais de dez anos dedicados ao segmento de cons&oacute;rcios, sendo a maior parte deles voltada a atender pessoas jur&iacute;dicas, com opera&ccedil;&otilde;es estruturadas atrav&eacute;s de uma consultoria especializada&rdquo;, detalha.<\/p>\n<p>Em janeiro de 2021, Laudimiro criou uma plataforma on-line de vendas com o objetivo de levar a consultoria que, at&eacute; ent&atilde;o, era voltada apenas para B2B (pessoas jur&iacute;dicas), em grandes opera&ccedil;&otilde;es estruturadas, tamb&eacute;m ao p&uacute;blico B2C (pessoas f&iacute;sicas), que pretendiam adquirir sua primeira moto, carro ou at&eacute; mesmo im&oacute;vel.<\/p>\n<p>&ldquo;Inicialmente, escolhemos a categoria de bens automotores &#8211; que &eacute; um dos mais tradicionais -, al&eacute;m de ser a categoria mais comercializada no pa&iacute;s&rdquo;, afirma Laudimiro.<\/p>\n<p><strong>O sistema de cons&oacute;rcios no Brasil<\/strong><\/p>\n<p>Segundo a <a rel=\"follow noopener\" target='_blank' href='https:\/\/abac.org.br\/sistema\/noticiasTextuais\/1_(202308031636)folha_geral.pdf'>Abac<\/a> (Associa&ccedil;&atilde;o Brasileira de Administradoras de Cons&oacute;rcio), o sistema de cons&oacute;rcios somou 9,67 milh&otilde;es de participantes ativos no m&ecirc;s de junho de 2023. Desses, 7,68 milh&otilde;es t&ecirc;m como objetivo a compra de ve&iacute;culos, sendo que 55,6% pretendem comprar ve&iacute;culos leves, 35,5% pretendem comprar motocicletas e 8,9% pretendem comprar ve&iacute;culos pesados.<\/p>\n<p>O fundador da Ativa Cons&oacute;rcios conta que, atualmente, a empresa foca o atendimento em clientes que buscam adquirir motos premium da marca Kawasaki atrav&eacute;s do cons&oacute;rcio. &ldquo;O segmento de motos ficou em primeiro lugar em contempla&ccedil;&otilde;es em 2022, considerando todos os setores do Sistema de Cons&oacute;rcios. Das 1,52 milh&atilde;o de contempla&ccedil;&otilde;es gerais, 671.77 foram para aquisi&ccedil;&atilde;o deste ve&iacute;culo &#8211; um <a rel=\"follow noopener\" target='_blank' href='https:\/\/blog.abac.org.br\/drops-de-mercado\/automotores-creditos-comercializados-crescem-12-em-2022#:~:text=O%20segmento%20de%20motos%20ficou,1%25%20em%20rela%C3%A7%C3%A3o%20a%202021.'>aumento de 12,1%<\/a> em rela&ccedil;&atilde;o a 2021&rdquo;, reporta Laudimiro.&nbsp;<\/p>\n<p>O empres&aacute;rio observa que o crescimento no n&uacute;mero de contempla&ccedil;&otilde;es de cons&oacute;rcios de motos resultou no aumento do volume de cr&eacute;ditos disponibilizados: &ldquo;Em 2021, este n&uacute;mero havia sido de R$ 8,81 bilh&otilde;es. J&aacute; em 2022, foram R$ 11,29 bilh&otilde;es. Um aumento de 28,1%&rdquo;, pontua. &ldquo;Dezembro foi o m&ecirc;s com mais contempla&ccedil;&otilde;es em 2022, com 63.631. Isso representa um crescimento de 51,4%, em rela&ccedil;&atilde;o a dezembro do ano anterior&rdquo;, acrescenta.<\/p>\n<p>Laudimiro tamb&eacute;m destaca que, para se ter ideia da for&ccedil;a do cons&oacute;rcio de motos, as mais de 670 mil contempla&ccedil;&otilde;es corresponderam a potencial compra de 49,5% do mercado interno, que totalizou 1,36 milh&otilde;es de unidades comercializadas, citando dados da <a rel=\"follow noopener\" target='_blank' href='https:\/\/www.fenabrave.org.br\/portalv2\/Noticia\/17412'>Fenabrave<\/a> (Federa&ccedil;&atilde;o Nacional da Distribui&ccedil;&atilde;o de Ve&iacute;culos Automotores).<\/p>\n<p>O empres&aacute;rio ressalta que a Ativa Cons&oacute;rcios atua como uma extens&atilde;o das principais administradoras, institui&ccedil;&otilde;es financeiras e seguradoras do pa&iacute;s, exercendo o papel de consultoria especializada. &ldquo;Oferecemos acesso a diversas op&ccedil;&otilde;es de planos e taxas e auxiliamos os clientes para a tomada de decis&otilde;es relacionadas aos investimentos, sempre de acordo com seus objetivos e seu perfil&rdquo;.<\/p>\n<p>Para concluir, Laudimiro observa que, antes de entrar em um cons&oacute;rcio, o consumidor deve avaliar a sua realidade financeira e conhecer bem suas prioridades. &ldquo;O interessado precisa se perguntar se est&aacute; com pressa para adquirir esse bem e se h&aacute; condi&ccedil;&atilde;o de pagar a taxa de juros de um financiamento, entre outros elementos, a fim de fazer um neg&oacute;cio assertivo&rdquo;, explica.<\/p>\n<p>Para mais informa&ccedil;&otilde;es, basta acessar: <a rel=\"follow noopener\" target='_blank' href='https:\/\/www.ativaconsorcios.com.br\/'>https:\/\/www.ativaconsorcios.com.br\/<\/a><\/p>\n<p>Website: <a target='_blank' href='https:\/\/www.ativaconsorcios.com.br\/' rel=\"follow noopener\">https:\/\/www.ativaconsorcios.com.br\/<\/a><img src='https:\/\/api.dino.com.br\/v2\/news\/tr\/292347' alt='' style='border:0px;width:1px;height:1px' \/><br \/>\nA <b>OESP<\/b> n\u00e3o \u00e9(s\u00e3o) respons\u00e1vel(is) por erros, incorre\u00e7\u00f5es, atrasos ou quaisquer decis\u00f5es tomadas por seus clientes com base nos Conte\u00fados ora disponibilizados, bem como tais Conte\u00fados n\u00e3o representam a opini\u00e3o da <b>OESP<\/b> e s\u00e3o de inteira responsabilidade da <b>Dino Divulgador de Noticias Online Ltda<\/b><\/p>\n","protected":false},"excerpt":{"rendered":"DINO DIVULGADOR DE NOT\u00cdCIAS (DINO &#8211; 08 set, 2023) &#8211; H&aacute; 61 anos, o segmento de cons&oacute;rcios deu os seus primeiros passos no Brasil, em 08 de outubro de 2008, ocorreu o marco","protected":false},"author":1,"featured_media":72474,"comment_status":"open","ping_status":"closed","sticky":false,"template":"","format":"standard","meta":{"_acf_changed":false,"inline_featured_image":false,"_monsterinsights_skip_tracking":false,"_monsterinsights_sitenote_active":false,"_monsterinsights_sitenote_note":"","_monsterinsights_sitenote_category":0,"footnotes":""},"categories":[34],"tags":[],"class_list":["post-72473","post","type-post","status-publish","format-standard","has-post-thumbnail","hentry","category-releases-geral"],"acf":[],"_links":{"self":[{"href":"https:\/\/bluestudio.estadao.com.br\/agencia-de-comunicacao\/wp-json\/wp\/v2\/posts\/72473","targetHints":{"allow":["GET"]}}],"collection":[{"href":"https:\/\/bluestudio.estadao.com.br\/agencia-de-comunicacao\/wp-json\/wp\/v2\/posts"}],"about":[{"href":"https:\/\/bluestudio.estadao.com.br\/agencia-de-comunicacao\/wp-json\/wp\/v2\/types\/post"}],"author":[{"embeddable":true,"href":"https:\/\/bluestudio.estadao.com.br\/agencia-de-comunicacao\/wp-json\/wp\/v2\/users\/1"}],"replies":[{"embeddable":true,"href":"https:\/\/bluestudio.estadao.com.br\/agencia-de-comunicacao\/wp-json\/wp\/v2\/comments?post=72473"}],"version-history":[{"count":0,"href":"https:\/\/bluestudio.estadao.com.br\/agencia-de-comunicacao\/wp-json\/wp\/v2\/posts\/72473\/revisions"}],"wp:featuredmedia":[{"embeddable":true,"href":"https:\/\/bluestudio.estadao.com.br\/agencia-de-comunicacao\/wp-json\/wp\/v2\/media\/72474"}],"wp:attachment":[{"href":"https:\/\/bluestudio.estadao.com.br\/agencia-de-comunicacao\/wp-json\/wp\/v2\/media?parent=72473"}],"wp:term":[{"taxonomy":"category","embeddable":true,"href":"https:\/\/bluestudio.estadao.com.br\/agencia-de-comunicacao\/wp-json\/wp\/v2\/categories?post=72473"},{"taxonomy":"post_tag","embeddable":true,"href":"https:\/\/bluestudio.estadao.com.br\/agencia-de-comunicacao\/wp-json\/wp\/v2\/tags?post=72473"}],"curies":[{"name":"wp","href":"https:\/\/api.w.org\/{rel}","templated":true}]}}