{"id":71739,"date":"2023-08-30T12:35:00","date_gmt":"2023-08-30T15:35:00","guid":{"rendered":"https:\/\/bluestudio.estadao.com.br\/agencia-de-comunicacao\/releases\/releases-geral\/coloproctologia-registra-aumento-no-numero-de-especialistas\/"},"modified":"2023-08-30T12:35:00","modified_gmt":"2023-08-30T15:35:00","slug":"coloproctologia-registra-aumento-no-numero-de-especialistas","status":"publish","type":"post","link":"https:\/\/bluestudio.estadao.com.br\/agencia-de-comunicacao\/releases\/releases-geral\/coloproctologia-registra-aumento-no-numero-de-especialistas\/","title":{"rendered":"Coloproctologia registra aumento no n\u00famero de especialistas"},"content":{"rendered":"<p><b>DINO DIVULGADOR DE NOT\u00cdCIAS<\/b><\/p>\n<p>(<a target='_blank' href='http:\/\/www.dino.com.br' rel=\"noopener\">DINO<\/a> &#8211; 30 ago, 2023) &#8211;<br \/>\nNa &aacute;rea da medicina, a coloproctologia emerge como uma especialidade m&eacute;dica e cir&uacute;rgica voltada para o estudo e tratamento das doen&ccedil;as que afetam o intestino grosso, o reto e o &acirc;nus. Com uma abordagem focada na preven&ccedil;&atilde;o, diagn&oacute;stico e terapia destas condi&ccedil;&otilde;es, os coloproctologistas desempenham um importante papel na sa&uacute;de gastrointestinal. Esses profissionais tratam de doen&ccedil;as inflamat&oacute;rias intestinais, c&acirc;ncer colorretal, hemorroidas, fissuras anais, p&oacute;lipos colorretais, incontin&ecirc;ncia fecal, diverticulite, constipa&ccedil;&atilde;o cr&ocirc;nica, entre outras patologias.<\/p>\n<p>De acordo com a pesquisa de <a rel=\"follow noopener\" target='_blank' href='https:\/\/www.eumedicoresidente.com.br\/post\/proctologia-remuneracao-e-rotina#:~:text=Segundo%20dados%20da%20pesquisa%20Demografia,com%20menor%20quantidade%20de%20profissionais.'>Demografia M&eacute;dica<\/a> 2023, o Censo M&eacute;dico, a &aacute;rea de coloproctologia no Brasil conta com cerca de 2.400 profissionais, situando-se entre as 20 especialidades com menor representatividade. No entanto, esse campo de atua&ccedil;&atilde;o registrou um crescimento, com um aumento de quase 70% no n&uacute;mero de especialistas entre 2012 e 2022. Quanto ao perfil desses profissionais, a maioria (64,3%) &eacute; composta por homens, com idade m&eacute;dia de 48 anos.<\/p>\n<p>O professor titular de coloproctologia e t&eacute;cnica cir&uacute;rgica da Faculdade de Medicina da Universidade de Mogi das Cruzes, Dr. Carlos Mateus Rotta, coloproctologista, destaca quais s&atilde;o as principais inova&ccedil;&otilde;es desta &aacute;rea da medicina apresentadas nos &uacute;ltimos anos: a desarterializa&ccedil;&atilde;o hemorroid&aacute;ria (a cirurgia de hemorroida sem corte); as cirurgias rob&oacute;ticas; os tratamentos regenerativos com c&eacute;lulas mesenquimais do tecido gorduroso subcut&acirc;neo; os procedimentos a laser, os exames de an&aacute;lise gen&eacute;tica da microbiota intestinal; o uso de anticorpos monoclonais; e o uso do hidratante intra-anal &agrave; base de nanotecnologia de hialuronato de s&oacute;dio rec&eacute;m-criado pela ind&uacute;stria brasileira.&nbsp;<\/p>\n<p><strong>Doen&ccedil;as do intestino<\/strong><\/p>\n<p>De acordo com informa&ccedil;&otilde;es da <a rel=\"follow noopener\" target='_blank' href='https:\/\/www.agenciabrasilia.df.gov.br\/2023\/05\/26\/diagnostico-precoce-de-doencas-inflamatorias-intestinais-e-fundamental\/'>SBCP <\/a>(Sociedade Brasileira de Coloproctologia), as DIIs (doen&ccedil;as inflamat&oacute;rias intestinais) impactam mais de cinco milh&otilde;es de indiv&iacute;duos globalmente, enquanto no cen&aacute;rio brasileiro, a incid&ecirc;ncia se situa em torno de 100 diagn&oacute;sticos para cada grupo de 100 mil cidad&atilde;os. No &acirc;mbito do IgesDF (Instituto de Gest&atilde;o Estrat&eacute;gica de Sa&uacute;de do Distrito Federal), a presta&ccedil;&atilde;o de assist&ecirc;ncia ocorre nos estabelecimentos do HBDF (Hospital de Base) e no HRSM (Hospital Regional de Santa Maria).<\/p>\n<p>Proje&ccedil;&otilde;es elaboradas pelo <a rel=\"follow noopener\" target='_blank' href='https:\/\/www.cnnbrasil.com.br\/saude\/o-que-explica-o-aumento-no-numero-de-casos-de-cancer-de-intestino\/'>Inca <\/a>(Instituto Nacional de C&acirc;ncer) indicam que o Brasil est&aacute; prestes a enfrentar um aumento significativo em c&acirc;ncer de intestino, com a expectativa de registrar aproximadamente 44 mil novos casos dessa condi&ccedil;&atilde;o anualmente nos pr&oacute;ximos tr&ecirc;s anos, abrangendo o intervalo entre 2023 e 2025. Esses n&uacute;meros projetados ressaltam uma concentra&ccedil;&atilde;o not&aacute;vel, com cerca de 70% desses diagn&oacute;sticos emergindo nas regi&otilde;es Sudeste e Sul do pa&iacute;s.<\/p>\n<p>Dentro desse cen&aacute;rio, a an&aacute;lise detalhada aponta para uma divis&atilde;o de g&ecirc;nero consider&aacute;vel, prevendo que 23.660 diagn&oacute;sticos ser&atilde;o associados ao sexo feminino, enquanto 21.970 casos ser&atilde;o identificados entre indiv&iacute;duos do sexo masculino. Em conson&acirc;ncia com as informa&ccedil;&otilde;es contempor&acirc;neas divulgadas pelo Atlas da Mortalidade por Neoplasias, publicado pelo pr&oacute;prio Inca, o ano de 2020 registrou 20.245 &oacute;bitos atribu&iacute;dos ao c&acirc;ncer colorretal no Brasil. Desse total, 9.889 corresponderam a homens e 10.356 a mulheres.&nbsp;<\/p>\n<p>Para saber mais, basta acessar:<a rel=\"follow noopener\" target='_blank' href='https:\/\/saluspraxis.com\/'> https:\/\/saluspraxis.com\/<\/a><\/p>\n<p>Website: <a target='_blank' href='https:\/\/saluspraxis.com\/' rel=\"follow noopener\">https:\/\/saluspraxis.com\/<\/a><img src='https:\/\/api.dino.com.br\/v2\/news\/tr\/292511' alt='' style='border:0px;width:1px;height:1px' \/><br \/>\nA <b>OESP<\/b> n\u00e3o \u00e9(s\u00e3o) respons\u00e1vel(is) por erros, incorre\u00e7\u00f5es, atrasos ou quaisquer decis\u00f5es tomadas por seus clientes com base nos Conte\u00fados ora disponibilizados, bem como tais Conte\u00fados n\u00e3o representam a opini\u00e3o da <b>OESP<\/b> e s\u00e3o de inteira responsabilidade da <b>Dino Divulgador de Noticias Online Ltda<\/b><\/p>\n","protected":false},"excerpt":{"rendered":"DINO DIVULGADOR DE NOT\u00cdCIAS (DINO &#8211; 30 ago, 2023) &#8211; Na &aacute;rea da medicina, a coloproctologia emerge como uma especialidade m&eacute;dica e cir&uacute;rgica voltada para o estudo e","protected":false},"author":1,"featured_media":71740,"comment_status":"open","ping_status":"closed","sticky":false,"template":"","format":"standard","meta":{"_acf_changed":false,"inline_featured_image":false,"_monsterinsights_skip_tracking":false,"_monsterinsights_sitenote_active":false,"_monsterinsights_sitenote_note":"","_monsterinsights_sitenote_category":0,"footnotes":""},"categories":[34],"tags":[],"class_list":["post-71739","post","type-post","status-publish","format-standard","has-post-thumbnail","hentry","category-releases-geral"],"acf":[],"_links":{"self":[{"href":"https:\/\/bluestudio.estadao.com.br\/agencia-de-comunicacao\/wp-json\/wp\/v2\/posts\/71739","targetHints":{"allow":["GET"]}}],"collection":[{"href":"https:\/\/bluestudio.estadao.com.br\/agencia-de-comunicacao\/wp-json\/wp\/v2\/posts"}],"about":[{"href":"https:\/\/bluestudio.estadao.com.br\/agencia-de-comunicacao\/wp-json\/wp\/v2\/types\/post"}],"author":[{"embeddable":true,"href":"https:\/\/bluestudio.estadao.com.br\/agencia-de-comunicacao\/wp-json\/wp\/v2\/users\/1"}],"replies":[{"embeddable":true,"href":"https:\/\/bluestudio.estadao.com.br\/agencia-de-comunicacao\/wp-json\/wp\/v2\/comments?post=71739"}],"version-history":[{"count":0,"href":"https:\/\/bluestudio.estadao.com.br\/agencia-de-comunicacao\/wp-json\/wp\/v2\/posts\/71739\/revisions"}],"wp:featuredmedia":[{"embeddable":true,"href":"https:\/\/bluestudio.estadao.com.br\/agencia-de-comunicacao\/wp-json\/wp\/v2\/media\/71740"}],"wp:attachment":[{"href":"https:\/\/bluestudio.estadao.com.br\/agencia-de-comunicacao\/wp-json\/wp\/v2\/media?parent=71739"}],"wp:term":[{"taxonomy":"category","embeddable":true,"href":"https:\/\/bluestudio.estadao.com.br\/agencia-de-comunicacao\/wp-json\/wp\/v2\/categories?post=71739"},{"taxonomy":"post_tag","embeddable":true,"href":"https:\/\/bluestudio.estadao.com.br\/agencia-de-comunicacao\/wp-json\/wp\/v2\/tags?post=71739"}],"curies":[{"name":"wp","href":"https:\/\/api.w.org\/{rel}","templated":true}]}}