{"id":71439,"date":"2023-08-28T12:00:00","date_gmt":"2023-08-28T15:00:00","guid":{"rendered":"https:\/\/bluestudio.estadao.com.br\/agencia-de-comunicacao\/releases\/releases-geral\/envelhecimento-populacional-pode-aumentar-demanda-por-cuidadores-de-idosos\/"},"modified":"2023-08-28T12:00:00","modified_gmt":"2023-08-28T15:00:00","slug":"envelhecimento-populacional-pode-aumentar-demanda-por-cuidadores-de-idosos","status":"publish","type":"post","link":"https:\/\/bluestudio.estadao.com.br\/agencia-de-comunicacao\/releases\/releases-geral\/envelhecimento-populacional-pode-aumentar-demanda-por-cuidadores-de-idosos\/","title":{"rendered":"Envelhecimento populacional pode aumentar demanda por cuidadores de idosos"},"content":{"rendered":"<p><b>DINO DIVULGADOR DE NOT\u00cdCIAS<\/b><\/p>\n<p>Manaus &#8211; AM&#8211;(<a target='_blank' href='http:\/\/www.dino.com.br' rel=\"noopener\">DINO<\/a> &#8211; 28 ago, 2023) &#8211;<br \/>\nA tend&ecirc;ncia do envelhecimento populacional pode aumentar a demanda por cuidadores de idosos qualificados e capacitados para prestar assist&ecirc;ncia aos idosos em suas atividades di&aacute;rias, al&eacute;m de acompanh&aacute;-los em consultas m&eacute;dicas, passeios e atividades recreativas.<\/p>\n<p>O Instituto Brasileiro de Geografia e Estat&iacute;stica (IBGE) informou, em junho deste ano,<a rel=\"follow noopener\" target='_blank' href='https:\/\/biblioteca.ibge.gov.br\/visualizacao\/livros\/liv102004_informativo.pdf'> que a parcela da popula&ccedil;&atilde;o idosa com mais de 60 anos subiu 15,1% em 2022<\/a>. Dez anos antes, em 2012, a parcela era de 11,3%. Os dados tamb&eacute;m mostram que o percentual de pessoas abaixo dos 30 anos caiu de 49,9% em 2012 para 43,3% em 2022.<\/p>\n<p>A especialista em gerontologia, a professora e enfermeira K&aacute;tia Ventura., afirma que a profiss&atilde;o de cuidadores de idosos vai se valorizar &agrave; medida em que cresce a popula&ccedil;&atilde;o idosa, no&nbsp;entanto, a falta de reconhecimento da profiss&atilde;o e de regulamenta&ccedil;&atilde;o adequada s&atilde;o os principais desafios enfrentados.<\/p>\n<p>&ldquo;&Eacute; preciso investir na qualifica&ccedil;&atilde;o e na reorganiza&ccedil;&atilde;o para o mercado de trabalho. Buscando essa qualifica&ccedil;&atilde;o e aplicabilidade respaldada em legisla&ccedil;&otilde;es espec&iacute;ficas que fortale&ccedil;am a profiss&atilde;o, isso resultar&aacute; em reconhecimento&rdquo;, explica K&aacute;tia, que leciona o curso de cuidadores na Fametrotec, n&uacute;cleo de cursos t&eacute;cnicos do Centro Universit&aacute;rio Fametro.<\/p>\n<p>Apesar dos desafios, h&aacute; oportunidades nesse mercado em expans&atilde;o, como a possibilidade de especializa&ccedil;&atilde;o em &aacute;reas espec&iacute;ficas, al&eacute;m de pode atuar em comunidades, casas de repouso, cl&iacute;nicas, hospitais, asilos e institui&ccedil;&otilde;es de longa perman&ecirc;ncia.<\/p>\n<p>&ldquo;No Amazonas em particular, poucas institui&ccedil;&otilde;es educacionais investem na grade curricular com &ecirc;nfase na &aacute;rea de gerontologia. Podemos fracionar uma infinidade de cursos de capacita&ccedil;&atilde;o nessa &aacute;rea, como assist&ecirc;ncia ao cliente com dem&ecirc;ncias, alimenta&ccedil;&atilde;o do idoso com sondas, higiene da pessoa idosa, cuidados paliativos, suporte emocional &agrave; pessoa idosa, entre outros&rdquo;, pontua K&aacute;tia.<\/p>\n<p>A necessidade de compor renda familiar e a falta de tempo para se dedicar aos cuidados de uma pessoa idosa tamb&eacute;m s&atilde;o fatores que aumentam a demanda por cuidadores atualmente, aponta a especialista.<\/p>\n<p>&ldquo;A dificuldade no manejo di&aacute;rio com diversas necessidades dos idosos faz com que a fam&iacute;lia busque profissionais capacitados de conhecimento t&eacute;cnico espec&iacute;fico&rdquo;, ressalta Katia.<\/p>\n<p><strong>Oportunidades<\/strong><\/p>\n<p>Dois meses ap&oacute;s se formar no curso de cuidadores de idosos, em maio deste ano na Fametrotec, a profissional Izabela Azevedo conseguiu emprego na institui&ccedil;&atilde;o Renascer, em Manaus.&nbsp;<\/p>\n<p>&ldquo;Acredito que temos muitas oportunidades na &aacute;rea ap&oacute;s a forma&ccedil;&atilde;o, n&atilde;o demorou muito para que conseguisse emprego. Tamb&eacute;m sou formada em curso t&eacute;cnico de enfermagem, e isso agrega na minha forma&ccedil;&atilde;o e amplia minhas possibilidades de emprego&rdquo;, declara.&nbsp;<\/p>\n<p>Eliana Souza &eacute; graduada em Enfermagem e conta que fez o curso de cuidadores de idosos, em 2019, para ganhar horas na grade curricular, mas, al&eacute;m das horas, o curso tamb&eacute;m agregou conhecimento para o cargo atual.<\/p>\n<p>&ldquo;Hoje trabalho fazendo <em>home care<\/em> e estou com tr&ecirc;s pacientes. Ter me especializado nessa &aacute;rea me faz trabalhar com seguran&ccedil;a, tanto para mim, quanto para o paciente&rdquo;, afirma.<\/p>\n<p>Website: <a target='_blank' href='https:\/\/fametrotec.fametro.edu.br\/' rel=\"follow noopener\">https:\/\/fametrotec.fametro.edu.br\/<\/a><img src='https:\/\/api.dino.com.br\/v2\/news\/tr\/281444' alt='' style='border:0px;width:1px;height:1px' \/><br \/>\nA <b>OESP<\/b> n\u00e3o \u00e9(s\u00e3o) respons\u00e1vel(is) por erros, incorre\u00e7\u00f5es, atrasos ou quaisquer decis\u00f5es tomadas por seus clientes com base nos Conte\u00fados ora disponibilizados, bem como tais Conte\u00fados n\u00e3o representam a opini\u00e3o da <b>OESP<\/b> e s\u00e3o de inteira responsabilidade da <b>Dino Divulgador de Noticias Online Ltda<\/b><\/p>\n","protected":false},"excerpt":{"rendered":"DINO DIVULGADOR DE NOT\u00cdCIAS Manaus &#8211; AM&#8211;(DINO &#8211; 28 ago, 2023) &#8211; A tend&ecirc;ncia do envelhecimento populacional pode aumentar a demanda por cuidadores de idosos qualificados","protected":false},"author":1,"featured_media":71440,"comment_status":"open","ping_status":"closed","sticky":false,"template":"","format":"standard","meta":{"_acf_changed":false,"inline_featured_image":false,"_monsterinsights_skip_tracking":false,"_monsterinsights_sitenote_active":false,"_monsterinsights_sitenote_note":"","_monsterinsights_sitenote_category":0,"footnotes":""},"categories":[34],"tags":[],"class_list":["post-71439","post","type-post","status-publish","format-standard","has-post-thumbnail","hentry","category-releases-geral"],"acf":[],"_links":{"self":[{"href":"https:\/\/bluestudio.estadao.com.br\/agencia-de-comunicacao\/wp-json\/wp\/v2\/posts\/71439","targetHints":{"allow":["GET"]}}],"collection":[{"href":"https:\/\/bluestudio.estadao.com.br\/agencia-de-comunicacao\/wp-json\/wp\/v2\/posts"}],"about":[{"href":"https:\/\/bluestudio.estadao.com.br\/agencia-de-comunicacao\/wp-json\/wp\/v2\/types\/post"}],"author":[{"embeddable":true,"href":"https:\/\/bluestudio.estadao.com.br\/agencia-de-comunicacao\/wp-json\/wp\/v2\/users\/1"}],"replies":[{"embeddable":true,"href":"https:\/\/bluestudio.estadao.com.br\/agencia-de-comunicacao\/wp-json\/wp\/v2\/comments?post=71439"}],"version-history":[{"count":0,"href":"https:\/\/bluestudio.estadao.com.br\/agencia-de-comunicacao\/wp-json\/wp\/v2\/posts\/71439\/revisions"}],"wp:featuredmedia":[{"embeddable":true,"href":"https:\/\/bluestudio.estadao.com.br\/agencia-de-comunicacao\/wp-json\/wp\/v2\/media\/71440"}],"wp:attachment":[{"href":"https:\/\/bluestudio.estadao.com.br\/agencia-de-comunicacao\/wp-json\/wp\/v2\/media?parent=71439"}],"wp:term":[{"taxonomy":"category","embeddable":true,"href":"https:\/\/bluestudio.estadao.com.br\/agencia-de-comunicacao\/wp-json\/wp\/v2\/categories?post=71439"},{"taxonomy":"post_tag","embeddable":true,"href":"https:\/\/bluestudio.estadao.com.br\/agencia-de-comunicacao\/wp-json\/wp\/v2\/tags?post=71439"}],"curies":[{"name":"wp","href":"https:\/\/api.w.org\/{rel}","templated":true}]}}