{"id":71353,"date":"2023-08-25T13:55:00","date_gmt":"2023-08-25T16:55:00","guid":{"rendered":"https:\/\/bluestudio.estadao.com.br\/agencia-de-comunicacao\/releases\/releases-geral\/tribunal-de-justica-quer-expandir-o-feirao-limpa-nome-no-rj\/"},"modified":"2023-08-25T13:55:00","modified_gmt":"2023-08-25T16:55:00","slug":"tribunal-de-justica-quer-expandir-o-feirao-limpa-nome-no-rj","status":"publish","type":"post","link":"https:\/\/bluestudio.estadao.com.br\/agencia-de-comunicacao\/releases\/releases-geral\/tribunal-de-justica-quer-expandir-o-feirao-limpa-nome-no-rj\/","title":{"rendered":"Tribunal de Justi\u00e7a quer expandir o Feir\u00e3o Limpa Nome no RJ"},"content":{"rendered":"<p><b>DINO DIVULGADOR DE NOT\u00cdCIAS<\/b><\/p>\n<p>Rio de Janeiro, RJ&#8211;(<a target='_blank' href='http:\/\/www.dino.com.br' rel=\"noopener\">DINO<\/a> &#8211; 25 ago, 2023) &#8211;<br \/>\nO Feir&atilde;o Limpa Nome &eacute; uma iniciativa que oferece aos consumidores a possibilidade de renegocia&ccedil;&atilde;o de suas d&iacute;vidas. Empresas dos setores financeiro, varejo e servi&ccedil;os, que possuem a&ccedil;&otilde;es em tr&acirc;mite na justi&ccedil;a do Rio de Janeiro, foram convidadas pelo Tribunal de Justi&ccedil;a do Estado do Rio de Janeiro (TJRJ) a participarem de reuni&otilde;es para discutir a expans&atilde;o da iniciativa.<\/p>\n<p>O encontro da &uacute;ltima sexta-feira (18) contou com a participa&ccedil;&atilde;o de representantes da empresas do setor financeiro e advogados da <a rel=\"follow noopener\" target='_blank' href='http:\/\/www.vivacquaadvogados.com\/'>Vivacqua Advogados<\/a>, escrit&oacute;rio que representa empreendimentos do setor financeiro. O objetivo da conversa era alinhar as expectativas desses representantes ao projeto do TJRJ.<\/p>\n<p>A magistrada Elen de Freitas Barbosa, idealizadora da a&ccedil;&atilde;o, ju&iacute;za titular do Juizado Especial C&iacute;vel de Tr&ecirc;s Rios e coordenadora do Centro Judici&aacute;rio de Solu&ccedil;&atilde;o de Conflitos e Cidadania (<a rel=\"follow noopener\" target='_blank' href='https:\/\/www.tjrj.jus.br\/web\/guest\/institucional\/mediacao\/cejusc'>CEJUSC<\/a>), afirmou que o Feir&atilde;o Limpa Nome tem como objetivo o resgate da cidadania atrav&eacute;s da recupera&ccedil;&atilde;o do cr&eacute;dito das pessoas hipossuficientes, que t&ecirc;m dificuldade de procurar os credores e conseguir renegociar suas d&iacute;vidas. &ldquo;O resultado das reuni&otilde;es foi satisfat&oacute;rio. Todos acolheram muito bem as ideias apresentadas e est&atilde;o dispostos a participar&rdquo;, <a rel=\"follow noopener\" target='_blank' href='http:\/\/www.tjrj.jus.br\/web\/guest\/noticias\/noticia\/-\/visualizar-conteudo\/10136\/266939982'>afirmou a ju&iacute;za<\/a>.<\/p>\n<p>A ju&iacute;za auxiliar da Presid&ecirc;ncia, Fernanda Xavier de Brito, tamb&eacute;m esteve presente nas reuni&otilde;es e refor&ccedil;ou o compromisso da atual gest&atilde;o em apoiar o projeto. Segundo ela, a iniciativa evita a judicializa&ccedil;&atilde;o de in&uacute;meros processos, possibilitando a celeridade processual e o aperfei&ccedil;oamento da presta&ccedil;&atilde;o jurisdicional, conforme consta no site do PJERJ (Poder Judici&aacute;rio do Estado do Rio de Janeiro).<\/p>\n<p>Para <a rel=\"follow noopener\" target='_blank' href='https:\/\/www.linkedin.com\/in\/ricardo-pontes-vivacqua-226a3316\/'>Ricardo Vivacqua<\/a>, advogado que esteve presente na reuni&atilde;o, esta &eacute; uma iniciativa que viabiliza o retorno ao acesso a linhas de cr&eacute;dito para cidad&atilde;os, e adiciona &ldquo;o Feir&atilde;o tamb&eacute;m contribui com a redu&ccedil;&atilde;o do custo das empresas e colabora para desengarrafar a m&aacute;quina judicial&rdquo;.<\/p>\n<p>Website: <a target='_blank' href='http:\/\/www.vivacquaadvogados.com\/' rel=\"follow noopener\">http:\/\/www.vivacquaadvogados.com\/<\/a><img src='https:\/\/api.dino.com.br\/v2\/news\/tr\/292132' alt='' style='border:0px;width:1px;height:1px' \/><br \/>\nA <b>OESP<\/b> n\u00e3o \u00e9(s\u00e3o) respons\u00e1vel(is) por erros, incorre\u00e7\u00f5es, atrasos ou quaisquer decis\u00f5es tomadas por seus clientes com base nos Conte\u00fados ora disponibilizados, bem como tais Conte\u00fados n\u00e3o representam a opini\u00e3o da <b>OESP<\/b> e s\u00e3o de inteira responsabilidade da <b>Dino Divulgador de Noticias Online Ltda<\/b><\/p>\n","protected":false},"excerpt":{"rendered":"DINO DIVULGADOR DE NOT\u00cdCIAS Rio de Janeiro, RJ&#8211;(DINO &#8211; 25 ago, 2023) &#8211; O Feir&atilde;o Limpa Nome &eacute; uma iniciativa que oferece aos consumidores a possibilidade de","protected":false},"author":1,"featured_media":71354,"comment_status":"open","ping_status":"closed","sticky":false,"template":"","format":"standard","meta":{"_acf_changed":false,"inline_featured_image":false,"_monsterinsights_skip_tracking":false,"_monsterinsights_sitenote_active":false,"_monsterinsights_sitenote_note":"","_monsterinsights_sitenote_category":0,"footnotes":""},"categories":[34],"tags":[],"class_list":["post-71353","post","type-post","status-publish","format-standard","has-post-thumbnail","hentry","category-releases-geral"],"acf":[],"_links":{"self":[{"href":"https:\/\/bluestudio.estadao.com.br\/agencia-de-comunicacao\/wp-json\/wp\/v2\/posts\/71353","targetHints":{"allow":["GET"]}}],"collection":[{"href":"https:\/\/bluestudio.estadao.com.br\/agencia-de-comunicacao\/wp-json\/wp\/v2\/posts"}],"about":[{"href":"https:\/\/bluestudio.estadao.com.br\/agencia-de-comunicacao\/wp-json\/wp\/v2\/types\/post"}],"author":[{"embeddable":true,"href":"https:\/\/bluestudio.estadao.com.br\/agencia-de-comunicacao\/wp-json\/wp\/v2\/users\/1"}],"replies":[{"embeddable":true,"href":"https:\/\/bluestudio.estadao.com.br\/agencia-de-comunicacao\/wp-json\/wp\/v2\/comments?post=71353"}],"version-history":[{"count":0,"href":"https:\/\/bluestudio.estadao.com.br\/agencia-de-comunicacao\/wp-json\/wp\/v2\/posts\/71353\/revisions"}],"wp:featuredmedia":[{"embeddable":true,"href":"https:\/\/bluestudio.estadao.com.br\/agencia-de-comunicacao\/wp-json\/wp\/v2\/media\/71354"}],"wp:attachment":[{"href":"https:\/\/bluestudio.estadao.com.br\/agencia-de-comunicacao\/wp-json\/wp\/v2\/media?parent=71353"}],"wp:term":[{"taxonomy":"category","embeddable":true,"href":"https:\/\/bluestudio.estadao.com.br\/agencia-de-comunicacao\/wp-json\/wp\/v2\/categories?post=71353"},{"taxonomy":"post_tag","embeddable":true,"href":"https:\/\/bluestudio.estadao.com.br\/agencia-de-comunicacao\/wp-json\/wp\/v2\/tags?post=71353"}],"curies":[{"name":"wp","href":"https:\/\/api.w.org\/{rel}","templated":true}]}}