{"id":71331,"date":"2023-08-25T10:35:00","date_gmt":"2023-08-25T13:35:00","guid":{"rendered":"https:\/\/bluestudio.estadao.com.br\/agencia-de-comunicacao\/releases\/releases-geral\/transplantes-capilares-tem-alta-de-mais-de-250-em-11-anos\/"},"modified":"2023-08-25T10:35:00","modified_gmt":"2023-08-25T13:35:00","slug":"transplantes-capilares-tem-alta-de-mais-de-250-em-11-anos","status":"publish","type":"post","link":"https:\/\/bluestudio.estadao.com.br\/agencia-de-comunicacao\/releases\/releases-geral\/transplantes-capilares-tem-alta-de-mais-de-250-em-11-anos\/","title":{"rendered":"Transplantes capilares t\u00eam alta de mais de 250% em 11 anos"},"content":{"rendered":"<p><b>DINO DIVULGADOR DE NOT\u00cdCIAS<\/b><\/p>\n<p>S\u00e3o Paulo&#8211;(<a target='_blank' href='http:\/\/www.dino.com.br' rel=\"noopener\">DINO<\/a> &#8211; 25 ago, 2023) &#8211;<br \/>\nPesquisa realizada pela Sociedade Brasileira de Dermatologia (SBD) apontou que, atualmente, cerca de<a rel=\"follow noopener\" target='_blank' href='https:\/\/www.em.com.br\/app\/noticia\/saude-e-bem-viver\/2022\/12\/06\/interna_bem_viver,1429986\/transplante-capilar-calvicie-atinge-mais-de-40-milhoes-de-brasileiros.shtml' data-mce-target='_blank'> 42 milh\u00f5es<\/a> de brasileiros sofrem de alopecia androgen\u00e9tica, mais conhecida como calv\u00edcie. Os dados coletados mostraram que 40% dos pacientes que apresentam queda acentuada de fios de cabelo s\u00e3o mulheres e 25% s\u00e3o jovens com idade entre 20 e 25 anos.<\/p>\n<p>J\u00e1 segundo o Practice Census 2022, promovido pela Sociedade Internacional de Cirurgia de Restaura\u00e7\u00e3o Capilar (ISHRS), em 2021 foram realizadas<a rel=\"follow noopener\" target='_blank' href='https:\/\/ishrs.org\/wp-content\/uploads\/2022\/04\/Report-2022-ISHRS-Practice-Census_04-19-22-FINAL.pdf' data-mce-target='_blank'> 703.183<\/a> cirurgias de restaura\u00e7\u00e3o capilar em todo o mundo, o que representa um aumento de mais de 250% no n\u00famero registrado em 2010, 279.381.<\/p>\n<p>Ainda de acordo com as informa\u00e7\u00f5es coletadas pela entidade, 87,3% desses procedimentos foram feitos em homens e 12,7% em mulheres. O transplante capilar FUE (Follicular Unit Extraction) foi o m\u00e9todo mais utilizado, em 75,5% dos homens e em 57% das mulheres, seguido do m\u00e9todo FUT (Follicular Unit Transplantation), realizado em 21,3% dos homens e em 41,7% das mulheres. Nos demais casos &#8211; 3,3% dos pacientes e 1,3% das pacientes &#8211; foi utilizada uma combina\u00e7\u00e3o de ambas as t\u00e9cnicas.<\/p>\n<p><strong>Diferen\u00e7a entre os tipos de transplante<\/strong><\/p>\n<p>O FUE \u00e9 um m\u00e9todo mais moderno, e consiste na extra\u00e7\u00e3o de unidades foliculares, fol\u00edculo a fol\u00edculo, de uma \u00e1rea doadora &#8211; que pode ser a parte posterior e lateral da cabe\u00e7a, t\u00f3rax ou barba -, para transplant\u00e1-las posteriormente em regi\u00f5es calvas. J\u00e1 o m\u00e9todo FUT \u00e9 mais convencional e consiste na retirada de uma faixa de tecido do couro cabeludo do paciente de uma \u00e1rea doadora, por meio de uma incis\u00e3o com bisturi, para posterior separa\u00e7\u00e3o dos fios e aplica\u00e7\u00e3o na \u00e1rea receptora.<\/p>\n<p>A dermatologista Thaiana Botarelli, especialista em transplante capilar, explica que a principal diferen\u00e7a entre os dois m\u00e9todos \u00e9 a retirada mais espec\u00edfica dos fios. &#8216;No m\u00e9todo FUE, a extra\u00e7\u00e3o \u00e9 realizada uma a uma, e ap\u00f3s os fol\u00edculos passarem por uma an\u00e1lise, pois cada um pode ter de 1 a 5 fios. A separa\u00e7\u00e3o dos fios garante um resultado mais delicado e natural ao transplante&#8217;.<\/p>\n<p><strong>Causas da queda de cabelo<\/strong><\/p>\n<p>A Dra. Thaiana Botarelli afirma que a queda pode ter diversas causas, como alopecia androgen\u00e9tica (calv\u00edcie), alopecia areata, efl\u00favio, l\u00edquen plano, entre outras. &#8216;\u00c9 importante que o paciente consulte um m\u00e9dico especialista para avaliar a causa e para orient\u00e1-lo quanto ao tratamento mais adequado. O transplante capilar \u00e9 mais indicado em casos de alopecia androgen\u00e9tica&#8217;, destaca.<\/p>\n<p>De acordo com a dermatologista, uma queda de cabelo pode ter rela\u00e7\u00e3o com diversos fatores, como gen\u00e9ticos, imunol\u00f3gicos ou infecciosos.&nbsp;<\/p>\n<p>Para saber mais, basta acessar<a rel=\"follow noopener\" target='_blank' href='https:\/\/www.instagram.com\/thaianabotarelli_dermato\/' data-mce-target='_blank'> https:\/\/www.instagram.com\/thaianabotarelli_dermato\/<\/a>&nbsp;<\/p>\n<p>Website: <a target='_blank' href='https:\/\/www.instagram.com\/thaianabotarelli_dermato\/' rel=\"follow noopener\">https:\/\/www.instagram.com\/thaianabotarelli_dermato\/<\/a><img src='https:\/\/api.dino.com.br\/v2\/news\/tr\/290122' alt='' style='border:0px;width:1px;height:1px' \/><br \/>\nA <b>OESP<\/b> n\u00e3o \u00e9(s\u00e3o) respons\u00e1vel(is) por erros, incorre\u00e7\u00f5es, atrasos ou quaisquer decis\u00f5es tomadas por seus clientes com base nos Conte\u00fados ora disponibilizados, bem como tais Conte\u00fados n\u00e3o representam a opini\u00e3o da <b>OESP<\/b> e s\u00e3o de inteira responsabilidade da <b>Dino Divulgador de Noticias Online Ltda<\/b><\/p>\n","protected":false},"excerpt":{"rendered":"DINO DIVULGADOR DE NOT\u00cdCIAS S\u00e3o Paulo&#8211;(DINO &#8211; 25 ago, 2023) &#8211; Pesquisa realizada pela Sociedade Brasileira de Dermatologia (SBD) apontou que, atualmente, cerca de 42 milh\u00f5es de","protected":false},"author":1,"featured_media":71332,"comment_status":"open","ping_status":"closed","sticky":false,"template":"","format":"standard","meta":{"_acf_changed":false,"inline_featured_image":false,"_monsterinsights_skip_tracking":false,"_monsterinsights_sitenote_active":false,"_monsterinsights_sitenote_note":"","_monsterinsights_sitenote_category":0,"footnotes":""},"categories":[34],"tags":[],"class_list":["post-71331","post","type-post","status-publish","format-standard","has-post-thumbnail","hentry","category-releases-geral"],"acf":[],"_links":{"self":[{"href":"https:\/\/bluestudio.estadao.com.br\/agencia-de-comunicacao\/wp-json\/wp\/v2\/posts\/71331","targetHints":{"allow":["GET"]}}],"collection":[{"href":"https:\/\/bluestudio.estadao.com.br\/agencia-de-comunicacao\/wp-json\/wp\/v2\/posts"}],"about":[{"href":"https:\/\/bluestudio.estadao.com.br\/agencia-de-comunicacao\/wp-json\/wp\/v2\/types\/post"}],"author":[{"embeddable":true,"href":"https:\/\/bluestudio.estadao.com.br\/agencia-de-comunicacao\/wp-json\/wp\/v2\/users\/1"}],"replies":[{"embeddable":true,"href":"https:\/\/bluestudio.estadao.com.br\/agencia-de-comunicacao\/wp-json\/wp\/v2\/comments?post=71331"}],"version-history":[{"count":0,"href":"https:\/\/bluestudio.estadao.com.br\/agencia-de-comunicacao\/wp-json\/wp\/v2\/posts\/71331\/revisions"}],"wp:featuredmedia":[{"embeddable":true,"href":"https:\/\/bluestudio.estadao.com.br\/agencia-de-comunicacao\/wp-json\/wp\/v2\/media\/71332"}],"wp:attachment":[{"href":"https:\/\/bluestudio.estadao.com.br\/agencia-de-comunicacao\/wp-json\/wp\/v2\/media?parent=71331"}],"wp:term":[{"taxonomy":"category","embeddable":true,"href":"https:\/\/bluestudio.estadao.com.br\/agencia-de-comunicacao\/wp-json\/wp\/v2\/categories?post=71331"},{"taxonomy":"post_tag","embeddable":true,"href":"https:\/\/bluestudio.estadao.com.br\/agencia-de-comunicacao\/wp-json\/wp\/v2\/tags?post=71331"}],"curies":[{"name":"wp","href":"https:\/\/api.w.org\/{rel}","templated":true}]}}