{"id":71257,"date":"2023-08-24T12:30:00","date_gmt":"2023-08-24T15:30:00","guid":{"rendered":"https:\/\/bluestudio.estadao.com.br\/agencia-de-comunicacao\/releases\/releases-geral\/rio-ethical-fashion-2023-lanca-temporada-de-videocasts\/"},"modified":"2023-08-24T12:30:00","modified_gmt":"2023-08-24T15:30:00","slug":"rio-ethical-fashion-2023-lanca-temporada-de-videocasts","status":"publish","type":"post","link":"https:\/\/bluestudio.estadao.com.br\/agencia-de-comunicacao\/releases\/releases-geral\/rio-ethical-fashion-2023-lanca-temporada-de-videocasts\/","title":{"rendered":"Rio Ethical Fashion 2023 lan\u00e7a temporada de videocasts"},"content":{"rendered":"<p><b>DINO DIVULGADOR DE NOT\u00cdCIAS<\/b><\/p>\n<p>Rio de Janeiro e S\u00e3o Paulo&#8211;(<a target='_blank' href='http:\/\/www.dino.com.br' rel=\"noopener\">DINO<\/a> &#8211; 24 ago, 2023) &#8211;<br \/>\nO Rio Ethical Fashion tem como miss&atilde;o promover reflex&otilde;es sobre um modelo de superprodu&ccedil;&atilde;o e consumo esgotado, e as principais mudan&ccedil;as no setor da moda, colocando o planeta e as pessoas em primeiro lugar.<\/p>\n<p>Neste novo formato, a temporada de videocasts reunir&aacute; um time de especialistas em moda e sustentabilidade, que far&aacute; um balan&ccedil;o de suas jornadas desde 2019, quando o Rio Ethical Fashion foi fundado, e contar&aacute; sobre suas metas e desafios para cumprir a agenda 2030 da ONU.<\/p>\n<p>&ldquo;A moda brasileira precisa medir e refletir sobre o avan&ccedil;o das pr&aacute;ticas de responsabilidade socioambiental no pa&iacute;s. O videocast do Rio Ethical Fashion pretende ecoar a voz de quem est&aacute; liderando a mudan&ccedil;a no setor, ampliando a diversidade nas empresas, implementando novas tecnologias t&ecirc;xteis e atuando na preserva&ccedil;&atilde;o das nossas florestas&rdquo;, declara Yam&ecirc; Reis.<\/p>\n<p>Ser&atilde;o 10 epis&oacute;dios, gravados no Rio de Janeiro e S&atilde;o Paulo, com a participa&ccedil;&atilde;o de personalidades que est&atilde;o mudando o cen&aacute;rio da moda nacional com suas pr&aacute;ticas sustent&aacute;veis.<\/p>\n<p>As diretoras do Rio Ethical Fashion, Lilly Clark e Yam&ecirc; Reis, receber&atilde;o mais de 20 convidados, entre eles,&nbsp;Oskar Metsavaht, da&nbsp;<strong>Osklen<\/strong>, Daniela Falc&atilde;o, jornalista e criadora da <strong>Nordestesse<\/strong>, Taciana Abreu, do&nbsp;<strong>Grupo Soma<\/strong>, a comunicadora Giovanna Nader, a diretora executiva do&nbsp;<strong>Fashion Revolution<\/strong>,&nbsp;Fernanda Simon, o criador do <strong>Brasil Eco Fashion Week, <\/strong>Rafael Moraes, Nelsa Nespolo, da <strong>Justa Trama, <\/strong>Thomaz Azulay, da&nbsp;<strong>The Paradise<\/strong>, Emily Ewell, da&nbsp;<strong>Pantys<\/strong> e Juan Domingues, do&nbsp;<strong>Sistema B<\/strong>.<\/p>\n<p>&ldquo;Queremos contar como as grandes empresas de moda est&atilde;o colocando em pr&aacute;tica as solu&ccedil;&otilde;es de sustentabilidade.&nbsp; E tamb&eacute;m mostrar como as novas marcas, que j&aacute; nascem sustent&aacute;veis, est&atilde;o colaborando entre si e inspirando o setor. Teremos a Animale e Alme pela primeira vez na edi&ccedil;&atilde;o,&nbsp;conheceremos o Acervo Vintage, um neg&oacute;cio de revenda de pe&ccedil;as de luxo, e a IMPT! que j&aacute; nasce como um neg&oacute;cio social.&rdquo;, detalha Lilly Clark sobre a escolha das empresas que participam desta edi&ccedil;&atilde;o.<\/p>\n<p>Os epis&oacute;dios estar&atilde;o dispon&iacute;veis nas plataformas do <a rel=\"follow noopener\" target='_blank' href='https:\/\/open.spotify.com\/show\/4x1WG4HQApBT6U004XXmTI?si=fa63ee548f0a4c0a'>Spotify<\/a>, <a rel=\"follow noopener\" target='_blank' href='https:\/\/podcasts.google.com\/feed\/aHR0cHM6Ly9hbmNob3IuZm0vcy8xZDVlOWU2OC9wb2RjYXN0L3Jzcw'>Google Podcast<\/a> e <a rel=\"follow noopener\" target='_blank' href='https:\/\/www.youtube.com\/@RioEthicalFashion'>YouTube<\/a>.<\/p>\n<p>&nbsp;<\/p>\n<p>Website: <a target='_blank' href='http:\/\/www.rioethicalfashion.com' rel=\"follow noopener\">http:\/\/www.rioethicalfashion.com<\/a><img src='https:\/\/api.dino.com.br\/v2\/news\/tr\/292326' alt='' style='border:0px;width:1px;height:1px' \/><br \/>\nA <b>OESP<\/b> n\u00e3o \u00e9(s\u00e3o) respons\u00e1vel(is) por erros, incorre\u00e7\u00f5es, atrasos ou quaisquer decis\u00f5es tomadas por seus clientes com base nos Conte\u00fados ora disponibilizados, bem como tais Conte\u00fados n\u00e3o representam a opini\u00e3o da <b>OESP<\/b> e s\u00e3o de inteira responsabilidade da <b>Dino Divulgador de Noticias Online Ltda<\/b><\/p>\n","protected":false},"excerpt":{"rendered":"DINO DIVULGADOR DE NOT\u00cdCIAS Rio de Janeiro e S\u00e3o Paulo&#8211;(DINO &#8211; 24 ago, 2023) &#8211; O Rio Ethical Fashion tem como miss&atilde;o promover reflex&otilde;es sobre um modelo de","protected":false},"author":1,"featured_media":71258,"comment_status":"open","ping_status":"closed","sticky":false,"template":"","format":"standard","meta":{"_acf_changed":false,"inline_featured_image":false,"_monsterinsights_skip_tracking":false,"_monsterinsights_sitenote_active":false,"_monsterinsights_sitenote_note":"","_monsterinsights_sitenote_category":0,"footnotes":""},"categories":[34],"tags":[],"class_list":["post-71257","post","type-post","status-publish","format-standard","has-post-thumbnail","hentry","category-releases-geral"],"acf":[],"_links":{"self":[{"href":"https:\/\/bluestudio.estadao.com.br\/agencia-de-comunicacao\/wp-json\/wp\/v2\/posts\/71257","targetHints":{"allow":["GET"]}}],"collection":[{"href":"https:\/\/bluestudio.estadao.com.br\/agencia-de-comunicacao\/wp-json\/wp\/v2\/posts"}],"about":[{"href":"https:\/\/bluestudio.estadao.com.br\/agencia-de-comunicacao\/wp-json\/wp\/v2\/types\/post"}],"author":[{"embeddable":true,"href":"https:\/\/bluestudio.estadao.com.br\/agencia-de-comunicacao\/wp-json\/wp\/v2\/users\/1"}],"replies":[{"embeddable":true,"href":"https:\/\/bluestudio.estadao.com.br\/agencia-de-comunicacao\/wp-json\/wp\/v2\/comments?post=71257"}],"version-history":[{"count":0,"href":"https:\/\/bluestudio.estadao.com.br\/agencia-de-comunicacao\/wp-json\/wp\/v2\/posts\/71257\/revisions"}],"wp:featuredmedia":[{"embeddable":true,"href":"https:\/\/bluestudio.estadao.com.br\/agencia-de-comunicacao\/wp-json\/wp\/v2\/media\/71258"}],"wp:attachment":[{"href":"https:\/\/bluestudio.estadao.com.br\/agencia-de-comunicacao\/wp-json\/wp\/v2\/media?parent=71257"}],"wp:term":[{"taxonomy":"category","embeddable":true,"href":"https:\/\/bluestudio.estadao.com.br\/agencia-de-comunicacao\/wp-json\/wp\/v2\/categories?post=71257"},{"taxonomy":"post_tag","embeddable":true,"href":"https:\/\/bluestudio.estadao.com.br\/agencia-de-comunicacao\/wp-json\/wp\/v2\/tags?post=71257"}],"curies":[{"name":"wp","href":"https:\/\/api.w.org\/{rel}","templated":true}]}}