{"id":71176,"date":"2023-08-23T13:44:00","date_gmt":"2023-08-23T16:44:00","guid":{"rendered":"https:\/\/bluestudio.estadao.com.br\/agencia-de-comunicacao\/releases\/releases-geral\/superfrete-e-selecionada-para-scale-up-da-endeavor\/"},"modified":"2023-08-23T13:44:00","modified_gmt":"2023-08-23T16:44:00","slug":"superfrete-e-selecionada-para-scale-up-da-endeavor","status":"publish","type":"post","link":"https:\/\/bluestudio.estadao.com.br\/agencia-de-comunicacao\/releases\/releases-geral\/superfrete-e-selecionada-para-scale-up-da-endeavor\/","title":{"rendered":"SuperFrete \u00e9 selecionada para Scale-up da Endeavor"},"content":{"rendered":"<p><b>DINO DIVULGADOR DE NOT\u00cdCIAS<\/b><\/p>\n<p>Rio de Janeiro, RJ&#8211;(<a target='_blank' href='http:\/\/www.dino.com.br' rel=\"noopener\">DINO<\/a> &#8211; 23 ago, 2023) &#8211;<br \/>\nA Endeavor anunciou nesta quarta-feira, 16 de agosto, o time de <strong>47 startups<\/strong> que far\u00e3o parte do programa <strong>Scale Up 2023.2<\/strong>. O time \u00e9 composto por startups divididas entre B2B, fintechs, healthtechs, climate techs, proptechs e web3.&nbsp;Essas scale-ups representam algumas das ind\u00fastrias mais promissoras do pa\u00eds e usam tecnologia para resolver problemas complexos e inovar em seus mercados.&nbsp;<\/p>\n<p>As empresas selecionadas para o Scale Up, que juntas <a rel=\"follow noopener\" target='_blank' href='https:\/\/exame.com\/negocios\/elas-devem-faturar-r-615-milhoes-em-2023-conheca-as-novas-startups-aceleradas-pela-endeavor\/' data-mce-target='_blank'>devem faturar R$ 615 milh\u00f5es em 2023<\/a>, passaram por um processo de sele\u00e7\u00e3o que levou em considera\u00e7\u00e3o crit\u00e9rios como: potencial do neg\u00f3cio, escala, diferenciais competitivos e potencial de contribui\u00e7\u00e3o para o ecossistema de empreendedorismo.&nbsp;<\/p>\n<p>A <a rel=\"follow noopener\" target='_blank' href='https:\/\/superfrete.com\/?utm_source=imprensa&amp;utm_campaign=endeavor' data-mce-target='_blank'>SuperFrete<\/a>, logtech de alto impacto, \u00e9 uma das empresas escolhidas, entre as 3 mil avaliadas, para integrar o programa. Compondo o time de B2B Enterprise &amp; SMB das startups selecionadas, a SuperFrete busca, por meio de dados e tecnologia, reduzir o gargalo do frete no mercado de e-commerces.&nbsp;Atualmente, o alto valor do frete \u00e9 o respons\u00e1vel por 67% das desist\u00eancias de compras online, segundo pesquisa publicada em junho de 2023 pela <a rel=\"follow noopener\" target='_blank' href='https:\/\/d335luupugsy2.cloudfront.net\/cms%2Ffiles%2F7540%2F1690313998OPB_infografico_frete.pdf' data-mce-target='_blank'>Opinion Box.<\/a>&nbsp;<\/p>\n<p>Victor Maes, CEO da SuperFrete, relata que por meio do <a rel=\"follow noopener\" target='_blank' href='https:\/\/superfrete-site.onelink.me\/6487\/hpu7xsa7' data-mce-target='_blank'>aplicativo SuperFrete<\/a> os mais de 100 mil pequenos neg\u00f3cios e microempreendedores que j\u00e1 utilizam a plataforma conseguem, al\u00e9m de reduzir o custo log\u00edstico de seus neg\u00f3cios, simplificar toda a gest\u00e3o de envios.&nbsp;&#8216;Utilizando a tecnologia como ferramenta conseguimos criar uma <strong>economia colaborativa,<\/strong> onde conectamos os PMEs a condi\u00e7\u00f5es de frete acess\u00edveis e, ao mesmo tempo, otimizamos o custo e distribui\u00e7\u00e3o de cargas tanto para os lojistas quanto para as transportadoras e Correios, podendo reduzir em at\u00e9 80% o custo log\u00edstico para esses empreendedores.&#8217; explica Maes.<\/p>\n<p>Crit\u00e9rios de diversidade tamb\u00e9m foram considerados na sele\u00e7\u00e3o para o programa Scale Up. Em reportagem \u00e0 <a rel=\"follow noopener\" target='_blank' href='https:\/\/exame.com\/negocios\/elas-devem-faturar-r-615-milhoes-em-2023-conheca-as-novas-startups-aceleradas-pela-endeavor\/' data-mce-target='_blank'>Exame<\/a>, a diretora de ESG da Endeavor, Melina Moulaidi, conta que do grupo das 47 empresas, 15 neg\u00f3cios foram criados por mulheres, 9 por pessoas negras e que acredita que o potencial desse ecossistema s\u00f3 ser\u00e1 completo com mais diversidade e inclus\u00e3o.&nbsp;<\/p>\n<p>A SuperFrete faz parte dos 5,1% de startups brasileiras cofundadas por mulheres, segundo o levantamento <a rel=\"follow noopener\" target='_blank' href='https:\/\/www.infomoney.com.br\/negocios\/mulheres-ainda-sao-minoria-entre-fundadores-de-startups-conheca-as-historias-de-quatro-empreendedoras\/' data-mce-target='_blank'>Female Founders<\/a> realizado pela Endeavor em 2020.&nbsp;Fernanda Clarkson, CMO da SuperFrete, relata que o empoderamento feminino faz parte da ess\u00eancia da startup, que nasceu a partir de um projeto de coletivo de marcas locais lideradas por mulheres e que traz essa representa\u00e7\u00e3o at\u00e9 hoje internamente, onde as mulheres representam 54% do quadro de lideran\u00e7as da empresa.&nbsp;&#8216;Estamos crescendo para construir a maior rede de log\u00edstica digital. A expectativa \u00e9 de que esse impulso com o programa Scale Up&nbsp; seja multiplicado e estendido a toda a cadeia de lojistas e empreendedores que utilizam a plataforma SuperFrete para superar os gargalos da log\u00edstica de frete&#8217;, completa Clarkson.<\/p>\n<p>No mercado, o papel de uma scale-up \u00e9 mostrar novos caminhos para que seja poss\u00edvel lidar com problemas cada vez mais complexos, sist\u00eamicos e globais.&nbsp;As startups selecionadas para o programa Scale Up 2023.2 participar\u00e3o, ao longo de cinco meses, de mentorias e trocas com as demais empresas, onde aprender\u00e3o a lidar com diferentes situa\u00e7\u00f5es que impactam o cotidiano dos neg\u00f3cios, buscando manter a expans\u00e3o sustent\u00e1vel.\n<\/p>\n<p>Para saber mais sobre a SuperFrete, basta acessar:&nbsp;<a rel=\"follow noopener\" target='_blank' href='https:\/\/superfrete.com\/blog\/endeavor-brasil' data-mce-target='_blank'>https:\/\/superfrete.com\/<\/a><\/p>\n<p>Website: <a target='_blank' href='https:\/\/superfrete.com' rel=\"follow noopener\">https:\/\/superfrete.com<\/a><img src='https:\/\/api.dino.com.br\/v2\/news\/tr\/292496' alt='' style='border:0px;width:1px;height:1px' \/><br \/>\nA <b>OESP<\/b> n\u00e3o \u00e9(s\u00e3o) respons\u00e1vel(is) por erros, incorre\u00e7\u00f5es, atrasos ou quaisquer decis\u00f5es tomadas por seus clientes com base nos Conte\u00fados ora disponibilizados, bem como tais Conte\u00fados n\u00e3o representam a opini\u00e3o da <b>OESP<\/b> e s\u00e3o de inteira responsabilidade da <b>Dino Divulgador de Noticias Online Ltda<\/b><\/p>\n","protected":false},"excerpt":{"rendered":"DINO DIVULGADOR DE NOT\u00cdCIAS Rio de Janeiro, RJ&#8211;(DINO &#8211; 23 ago, 2023) &#8211; A Endeavor anunciou nesta quarta-feira, 16 de agosto, o time de 47 startups que far\u00e3o parte do programa Scale","protected":false},"author":1,"featured_media":71177,"comment_status":"open","ping_status":"closed","sticky":false,"template":"","format":"standard","meta":{"_acf_changed":false,"inline_featured_image":false,"_monsterinsights_skip_tracking":false,"_monsterinsights_sitenote_active":false,"_monsterinsights_sitenote_note":"","_monsterinsights_sitenote_category":0,"footnotes":""},"categories":[34],"tags":[],"class_list":["post-71176","post","type-post","status-publish","format-standard","has-post-thumbnail","hentry","category-releases-geral"],"acf":[],"_links":{"self":[{"href":"https:\/\/bluestudio.estadao.com.br\/agencia-de-comunicacao\/wp-json\/wp\/v2\/posts\/71176","targetHints":{"allow":["GET"]}}],"collection":[{"href":"https:\/\/bluestudio.estadao.com.br\/agencia-de-comunicacao\/wp-json\/wp\/v2\/posts"}],"about":[{"href":"https:\/\/bluestudio.estadao.com.br\/agencia-de-comunicacao\/wp-json\/wp\/v2\/types\/post"}],"author":[{"embeddable":true,"href":"https:\/\/bluestudio.estadao.com.br\/agencia-de-comunicacao\/wp-json\/wp\/v2\/users\/1"}],"replies":[{"embeddable":true,"href":"https:\/\/bluestudio.estadao.com.br\/agencia-de-comunicacao\/wp-json\/wp\/v2\/comments?post=71176"}],"version-history":[{"count":0,"href":"https:\/\/bluestudio.estadao.com.br\/agencia-de-comunicacao\/wp-json\/wp\/v2\/posts\/71176\/revisions"}],"wp:featuredmedia":[{"embeddable":true,"href":"https:\/\/bluestudio.estadao.com.br\/agencia-de-comunicacao\/wp-json\/wp\/v2\/media\/71177"}],"wp:attachment":[{"href":"https:\/\/bluestudio.estadao.com.br\/agencia-de-comunicacao\/wp-json\/wp\/v2\/media?parent=71176"}],"wp:term":[{"taxonomy":"category","embeddable":true,"href":"https:\/\/bluestudio.estadao.com.br\/agencia-de-comunicacao\/wp-json\/wp\/v2\/categories?post=71176"},{"taxonomy":"post_tag","embeddable":true,"href":"https:\/\/bluestudio.estadao.com.br\/agencia-de-comunicacao\/wp-json\/wp\/v2\/tags?post=71176"}],"curies":[{"name":"wp","href":"https:\/\/api.w.org\/{rel}","templated":true}]}}