{"id":70972,"date":"2023-08-21T14:54:00","date_gmt":"2023-08-21T17:54:00","guid":{"rendered":"https:\/\/bluestudio.estadao.com.br\/agencia-de-comunicacao\/releases\/releases-geral\/aposentados-buscam-aumentar-a-renda-com-a-pericia-judicial\/"},"modified":"2023-08-21T14:54:00","modified_gmt":"2023-08-21T17:54:00","slug":"aposentados-buscam-aumentar-a-renda-com-a-pericia-judicial","status":"publish","type":"post","link":"https:\/\/bluestudio.estadao.com.br\/agencia-de-comunicacao\/releases\/releases-geral\/aposentados-buscam-aumentar-a-renda-com-a-pericia-judicial\/","title":{"rendered":"Aposentados buscam aumentar a renda com a per\u00edcia judicial"},"content":{"rendered":"<p><b>DINO DIVULGADOR DE NOT\u00cdCIAS<\/b><\/p>\n<p>(<a target='_blank' href='http:\/\/www.dino.com.br' rel=\"noopener\">DINO<\/a> &#8211; 21 ago, 2023) &#8211;<br \/>\nDe acordo com dados da Pesquisa Nacional por Amostra de Domic\u00edlios Cont\u00ednua, levantamento realizado pelo IBGE, &#8216;Instituto Brasileiro de Geografia e Estat\u00edstica&#8217;, o Brasil contava em junho de 2022 com<a rel=\"follow noopener\" target='_blank' href='https:\/\/agenciabrasil.ebc.com.br\/economia\/noticia\/2022-09\/agencia-brasil-explica-como-aposentado-que-trabalha-pode-sacar-fgts' data-mce-target='_blank'> 32,24 milh\u00f5es<\/a> de brasileiros com mais de 60 anos. Destes,<a rel=\"follow noopener\" target='_blank' href='https:\/\/agenciabrasil.ebc.com.br\/economia\/noticia\/2022-09\/agencia-brasil-explica-como-aposentado-que-trabalha-pode-sacar-fgts' data-mce-target='_blank'> 7,08 milh\u00f5es<\/a> (cerca de 22%) ainda se mantinham ativos no mercado de trabalho.<\/p>\n<p>Um recente estudo elaborado pelo SPC, &#8216;Servi\u00e7o de Prote\u00e7\u00e3o ao Cr\u00e9dito&#8217;, e pela CNDL, &#8216;Confedera\u00e7\u00e3o Nacional de Dirigentes Lojistas&#8217;, em parceria com a Offer Wise Pesquisas, apontou que<a rel=\"follow noopener\" target='_blank' href='https:\/\/cndl.org.br\/politicaspublicas\/52-dos-idosos-sao-os-principais-responsaveis-pelo-sustento-da-casa-revela-pesquisa-da-cndl-spc-brasil\/' data-mce-target='_blank'> 71%<\/a> das pessoas com idade superior a 60 anos que j\u00e1 est\u00e3o aposentadas e continuam exercendo atividades laborais alegaram que o principal motivo de estarem trabalhando \u00e9 a necessidade de complementar a renda.<\/p>\n<p>O Dr. Rodrigo Hasson, CEO da Jus Expert, empresa especializada em cursos digitais no \u00e2mbito jur\u00eddico e de forma\u00e7\u00e3o de peritos judiciais, informa que, al\u00e9m da quest\u00e3o financeira, mudan\u00e7as demogr\u00e1ficas e comportamentais s\u00e3o fatores que justificam esses n\u00fameros. &#8216;Houve um aumento significativo na expectativa de vida dos brasileiros. Isso faz com que muitos aposentados ainda se sintam produtivos e queiram continuar trabalhando&#8217;.<\/p>\n<p>Ainda segundo o estudo do SPC,<a rel=\"follow noopener\" target='_blank' href='https:\/\/cndl.org.br\/politicaspublicas\/52-dos-idosos-sao-os-principais-responsaveis-pelo-sustento-da-casa-revela-pesquisa-da-cndl-spc-brasil\/' data-mce-target='_blank'> 40%<\/a> das pessoas na faixa et\u00e1ria de 60 anos ou mais que desejavam voltar a trabalhar relataram dificuldade para conseguir um emprego, sendo que<a rel=\"follow noopener\" target='_blank' href='https:\/\/cndl.org.br\/politicaspublicas\/52-dos-idosos-sao-os-principais-responsaveis-pelo-sustento-da-casa-revela-pesquisa-da-cndl-spc-brasil\/' data-mce-target='_blank'> 24%<\/a> delas acreditavam que o motivo para isso acontecer \u00e9 o preconceito por idade, denominado etarismo.<\/p>\n<p>O Prof. Dr. Gleibe Pretti, da Jus Expert, considera que cursos profissionalizantes s\u00e3o uma alternativa de qualifica\u00e7\u00e3o r\u00e1pida para os aposentados que encontram dificuldades para conquistar uma oportunidade no mercado de trabalho.&nbsp;<\/p>\n<p>A t\u00edtulo de exemplo, \u00e9 poss\u00edvel citar Francisco Tinoco, aposentado que se formou em perito judicial grafot\u00e9cnico como forma de auxiliar em sua renda, e mesmo sem qualquer experi\u00eancia na \u00e1rea de per\u00edcia, foi nomeado para trabalhar para a Justi\u00e7a 19 vezes ap\u00f3s 3 meses de seu cadastro nos tribunais, estando atualmente com mais de 150 nomea\u00e7\u00f5es.&nbsp;&#8216;Ap\u00f3s 3 dias que me cadastrei na Justi\u00e7a, j\u00e1 fui nomeado para trabalhar para um juiz. Tive que parar de me inscrever nos tribunais, pois come\u00e7aram a chegar muitas nomea\u00e7\u00f5es&#8217;.&nbsp;O profissional de per\u00edcia grafot\u00e9cnica \u00e9 contratado para emitir pareceres t\u00e9cnicos sobre a autenticidade de documentos e assinaturas em disputas judiciais.&nbsp;<\/p>\n<p>Segundo o artigo 157 do novo C\u00f3digo de Processo Civil [CPC], a nomea\u00e7\u00e3o para atuar como perito judicial grafot\u00e9cnico deve ser feita de modo equitativo aos profissionais que est\u00e3o cadastrados no tribunal, considerando apenas sua capacidade t\u00e9cnica e \u00e1rea de conhecimento, por isso, pela pouca exig\u00eancia, apresenta-se como op\u00e7\u00e3o de trabalho complementar \u00e0 renda de aposentados.<\/p>\n<p>Para assistir \u00e0 entrevista completa, basta acessar: <a rel=\"follow noopener\" target='_blank' href='https:\/\/www.instagram.com\/tv\/CT7vtY2Fiym\/?igshid=MzRlODBiNWFlZA%3D%3D' data-mce-target='_blank'>https:\/\/www.instagram.com\/tv\/CT7vtY2Fiym\/?igshid=MzRlODBiNWFlZA%3D%3D<\/a>&nbsp;<\/p>\n<p>A <b>OESP<\/b> n\u00e3o \u00e9(s\u00e3o) respons\u00e1vel(is) por erros, incorre\u00e7\u00f5es, atrasos ou quaisquer decis\u00f5es tomadas por seus clientes com base nos Conte\u00fados ora disponibilizados, bem como tais Conte\u00fados n\u00e3o representam a opini\u00e3o da <b>OESP<\/b> e s\u00e3o de inteira responsabilidade da <b>Dino Divulgador de Noticias Online Ltda<\/b><\/p>\n","protected":false},"excerpt":{"rendered":"DINO DIVULGADOR DE NOT\u00cdCIAS (DINO &#8211; 21 ago, 2023) &#8211; De acordo com dados da Pesquisa Nacional por Amostra de Domic\u00edlios Cont\u00ednua, levantamento realizado pelo IBGE, &#8216;Instituto","protected":false},"author":1,"featured_media":70973,"comment_status":"open","ping_status":"closed","sticky":false,"template":"","format":"standard","meta":{"_acf_changed":false,"inline_featured_image":false,"_monsterinsights_skip_tracking":false,"_monsterinsights_sitenote_active":false,"_monsterinsights_sitenote_note":"","_monsterinsights_sitenote_category":0,"footnotes":""},"categories":[34],"tags":[],"class_list":["post-70972","post","type-post","status-publish","format-standard","has-post-thumbnail","hentry","category-releases-geral"],"acf":[],"_links":{"self":[{"href":"https:\/\/bluestudio.estadao.com.br\/agencia-de-comunicacao\/wp-json\/wp\/v2\/posts\/70972","targetHints":{"allow":["GET"]}}],"collection":[{"href":"https:\/\/bluestudio.estadao.com.br\/agencia-de-comunicacao\/wp-json\/wp\/v2\/posts"}],"about":[{"href":"https:\/\/bluestudio.estadao.com.br\/agencia-de-comunicacao\/wp-json\/wp\/v2\/types\/post"}],"author":[{"embeddable":true,"href":"https:\/\/bluestudio.estadao.com.br\/agencia-de-comunicacao\/wp-json\/wp\/v2\/users\/1"}],"replies":[{"embeddable":true,"href":"https:\/\/bluestudio.estadao.com.br\/agencia-de-comunicacao\/wp-json\/wp\/v2\/comments?post=70972"}],"version-history":[{"count":0,"href":"https:\/\/bluestudio.estadao.com.br\/agencia-de-comunicacao\/wp-json\/wp\/v2\/posts\/70972\/revisions"}],"wp:featuredmedia":[{"embeddable":true,"href":"https:\/\/bluestudio.estadao.com.br\/agencia-de-comunicacao\/wp-json\/wp\/v2\/media\/70973"}],"wp:attachment":[{"href":"https:\/\/bluestudio.estadao.com.br\/agencia-de-comunicacao\/wp-json\/wp\/v2\/media?parent=70972"}],"wp:term":[{"taxonomy":"category","embeddable":true,"href":"https:\/\/bluestudio.estadao.com.br\/agencia-de-comunicacao\/wp-json\/wp\/v2\/categories?post=70972"},{"taxonomy":"post_tag","embeddable":true,"href":"https:\/\/bluestudio.estadao.com.br\/agencia-de-comunicacao\/wp-json\/wp\/v2\/tags?post=70972"}],"curies":[{"name":"wp","href":"https:\/\/api.w.org\/{rel}","templated":true}]}}