{"id":70956,"date":"2023-08-21T09:44:00","date_gmt":"2023-08-21T12:44:00","guid":{"rendered":"https:\/\/bluestudio.estadao.com.br\/agencia-de-comunicacao\/releases\/releases-geral\/pesquisa-aponta-altas-de-983-em-consorciados-de-caminhoes-e-1949-em-adesoes\/"},"modified":"2023-08-21T09:44:00","modified_gmt":"2023-08-21T12:44:00","slug":"pesquisa-aponta-altas-de-983-em-consorciados-de-caminhoes-e-1949-em-adesoes","status":"publish","type":"post","link":"https:\/\/bluestudio.estadao.com.br\/agencia-de-comunicacao\/releases\/releases-geral\/pesquisa-aponta-altas-de-983-em-consorciados-de-caminhoes-e-1949-em-adesoes\/","title":{"rendered":"Pesquisa aponta altas de 98,3% em consorciados de caminh\u00f5es e 194,9% em ades\u00f5es"},"content":{"rendered":"<p><b>DINO DIVULGADOR DE NOT\u00cdCIAS<\/b><\/p>\n<p>Atibaia, SP&#8211;(<a target='_blank' href='http:\/\/www.dino.com.br' rel=\"noopener\">DINO<\/a> &#8211; 21 ago, 2023) &#8211;<br \/>\nO&nbsp;transporte&nbsp;rodovi\u00e1rio de carga no&nbsp;Brasil&nbsp;tem papel fundamental na hist\u00f3ria do desenvolvimento e na interliga\u00e7\u00e3o das diversas regi\u00f5es. Sejam produtos destinados \u00e0s atividades produtivas ou de consumo, em todos os sentidos continentais do pa\u00eds, o fluxo de deslocamentos de insumos e bens prontos vem crescendo ao longo de d\u00e9cadas.<\/p>\n<p>A moderniza\u00e7\u00e3o do segmento trouxe impactos positivos nas economias urbana e rural, na vida das pessoas e no meio ambiente.&nbsp;Nas d\u00e9cadas de 60 e 70, com a chegada das primeiras montadoras, o mercado de transporte rodovi\u00e1rio de carga passou a contar tamb\u00e9m com o sistema de cons\u00f3rcios, um facilitador de neg\u00f3cios.<\/p>\n<p>A expans\u00e3o do Produto Interno Bruto do setor de Transporte, Armazenagem e Correios em 1,2% no primeiro trimestre deste ano registrou crescimento de 5,1% em rela\u00e7\u00e3o ao mesmo per\u00edodo do ano passado.<\/p>\n<p>Apoiada no cen\u00e1rio de crescente procura pelo cons\u00f3rcio de ve\u00edculos pesados, onde os caminh\u00f5es est\u00e3o inclusos, a assessoria econ\u00f4mica da ABAC (Associa\u00e7\u00e3o Brasileira de Administradoras de Cons\u00f3rcios) realizou levantamento junto \u00e0s empresas associadas \u00e0 entidade, que participam deste setor, para avaliar o desempenho acumulado do mecanismo de junho de 2020 at\u00e9 o mesmo m\u00eas deste ano.&nbsp;<\/p>\n<p>Um retrato do setor detalha que, do total de participantes ativos em ve\u00edculos pesados, dois ter\u00e7os referem-se a consorciados que desejam adquirir caminh\u00f5es e um ter\u00e7o tem por objetivo a compra de m\u00e1quinas e implementos agr\u00edcolas.<\/p>\n<p>Nos grupos de cons\u00f3rcios de caminh\u00f5es em andamento, a rela\u00e7\u00e3o apontou a exist\u00eancia de pouco mais de 230 mil consorciados ativos em junho de 2020 que, com 98,3% de crescimento, atingiu quase a marca de 460 mil, ap\u00f3s tr\u00eas anos.&nbsp;Desta forma, considerando somente os participantes que desejam caminh\u00f5es, os totais em junho passaram de 231,88 mil, em 2020, 289,29 mil, em 2021, 356,48 mil, em 2022, at\u00e9 459,92 mil, em 2023.<\/p>\n<p>A pesquisa teve como foco principal o segmento de transporte rodovi\u00e1rio de cargas, considerando principalmente a intermodalidade e a integra\u00e7\u00e3o das suas diversas categorias: dos caminh\u00f5es leves, que t\u00eam acesso \u00e0s \u00e1reas urbanas, aos extrapesados, que cumprem longos percursos e rodam pelas estradas.<\/p>\n<p>A gradativa recupera\u00e7\u00e3o, p\u00f3s-pandemia, apesar das turbul\u00eancias provocadas por influ\u00eancias internas, como custo dos combust\u00edveis, ou por internacionais, como as consequ\u00eancias da guerra no leste europeu e oscila\u00e7\u00f5es cambiais, colocou o cons\u00f3rcio no transporte rodovi\u00e1rio de cargas como fator importante para a economia, visto que 65% de tudo que \u00e9 transportado no pa\u00eds \u00e9 por via rodovi\u00e1ria.&nbsp;<\/p>\n<p>A an\u00e1lise revelou ainda que, naquele per\u00edodo, as ades\u00f5es aos cons\u00f3rcios demonstraram fortes e consistentes avan\u00e7os. Na compara\u00e7\u00e3o entre os seis primeiros meses de 2020, quando foram acumuladas 29,05 mil novas cotas, e o mesmo per\u00edodo deste ano, e o mesmo per\u00edodo deste ano, atingiu 85,67 mil novas vendas, verificando-se um aumento de 194,9%.<\/p>\n<p>Paralelamente, a somat\u00f3ria de 24,05 mil consorciados contemplados nos seis primeiros meses de 2023, no mesmo intervalo de tr\u00eas anos, anotou alta de 72,4% sobre o total de 2020, ocasi\u00e3o em que as contempla\u00e7\u00f5es atingiram 13,95 mil. Somente neste ano, anotaram potencial inje\u00e7\u00e3o de R$ 3,97 bilh\u00f5es em recursos no setor.<\/p>\n<p>Com perfis formados por 52,8% de pessoas jur\u00eddicas e 47,2% de f\u00edsicas ou aut\u00f4nomos, os consorciados ativos de caminh\u00f5es t\u00eam focado principalmente o planejamento na troca e na renova\u00e7\u00e3o de ve\u00edculos, bem como na amplia\u00e7\u00e3o de frotas.<\/p>\n<p>O Sudeste continua na lideran\u00e7a das vendas de cotas com 39,9%, seguido do Sul com 20,2%, Nordeste com 17,4%, Centro-Oeste com 14,7%, e a regi\u00e3o Norte ficou com 7,8%.<\/p>\n<p>Com sua caracter\u00edstica de flexibilidade na utiliza\u00e7\u00e3o do cr\u00e9dito, dentro de cada segmento, de acordo com a legisla\u00e7\u00e3o em vigor, o sistema de cons\u00f3rcios mais uma vez se mostrou ideal ao se ajustar ao momento e \u00e0 situa\u00e7\u00e3o de cada consorciado.&nbsp;Entre os tipos com maior utiliza\u00e7\u00e3o do cr\u00e9dito por ocasi\u00e3o da contempla\u00e7\u00e3o, estiveram os caminh\u00f5es leves, com 51,3%; os m\u00e9dios, com 33,5%; os pesados, com 15,0%; e os extrapesados, com 0,2%.<\/p>\n<p>As contempla\u00e7\u00f5es ficaram distribu\u00eddas em 33,0% na regi\u00e3o Sudeste e 26,3% na regi\u00e3o Sul. Em terceiro lugar ficou o Centro-Oeste com 18,9%, seguido da regi\u00e3o Nordeste com 15,7% e da Norte com 6,1%.&nbsp;Foi poss\u00edvel ainda observar a estabilidade das potenciais participa\u00e7\u00f5es das contempla\u00e7\u00f5es no mercado consumidor de caminh\u00f5es que atingiram 32,3% no per\u00edodo de janeiro a junho deste ano, enquanto no mesmo per\u00edodo no ano passado eram de 34,9%.&nbsp;Portanto, ao registrar potencialmente um ter\u00e7o das vendas no mercado interno, o mecanismo mostrou-se como alternativa para aquisi\u00e7\u00e3o de ve\u00edculos de carga.<\/p>\n<p>&#8216;A expressiva potencial participa\u00e7\u00e3o das contempla\u00e7\u00f5es no mercado interno do transporte rodovi\u00e1rio de cargas&#8217;, diz Paulo Roberto Rossi, presidente-executivo, &#8216;sinaliza a import\u00e2ncia do cons\u00f3rcio na renova\u00e7\u00e3o ou amplia\u00e7\u00e3o de frotas, apoiada em planejamento e em custos mais baixos. Face \u00e0s peculiaridades, que difere o cons\u00f3rcio das demais formas de aquisi\u00e7\u00e3o dispon\u00edveis no mercado, trata-se de excelente op\u00e7\u00e3o para aut\u00f4nomos e empres\u00e1rios&#8217;, adiciona.&nbsp;<\/p>\n<p>Ao realizarem ades\u00e3o \u00e0 modalidade, consorciados, independente da \u00e1rea de opera\u00e7\u00e3o, optaram por cr\u00e9ditos entre R$ 45,00 mil e R$ 1,56 milh\u00e3o, com o valor do bem sendo de R$ 180,00 mil, em m\u00e9dia.<\/p>\n<p>A taxa m\u00e9dia de administra\u00e7\u00e3o mensal dos grupos foi de 0,145% para um prazo m\u00e9dio de 98 meses de dura\u00e7\u00e3o dos grupos. Os reajustes peri\u00f3dicos estabelecidos, consideraram a tabela do fabricante para 71,4% e o IPCA, para 28,6%, para os contratos em andamento.<\/p>\n<p>Segundo Rossi, &#8216;com as boas perspectivas para a economia, nos quais os caminh\u00f5es t\u00eam fun\u00e7\u00e3o importante, como, por exemplo, no agroneg\u00f3cio, cuja proje\u00e7\u00e3o de crescimento variou de 8% a 10%, e a alimenta\u00e7\u00e3o, que apresentou avan\u00e7o de 8,8% nos primeiros meses do ano, as perspectivas para o cons\u00f3rcio de caminh\u00f5es s\u00e3o as melhores&#8217;.&nbsp;<\/p>\n<p>O mecanismo tem caracter\u00edsticas exclusivas como custo final baixo; prazos longos; aproveitamento de at\u00e9 10% do cr\u00e9dito para despesas com documenta\u00e7\u00e3o, tributos e seguro; parcelas mensais ajustadas aos or\u00e7amentos e, especialmente, a preserva\u00e7\u00e3o do poder de compra, com as corre\u00e7\u00f5es dos cr\u00e9ditos sem cobran\u00e7as retroativas, beneficiando diretamente todos aqueles que atuam nesse setor de transporte de cargas.<\/p>\n<\/p>\n<\/p>\n<\/p>\n<p>Website: <a target='_blank' href='http:\/\/www.abac.org.br' rel=\"follow noopener\">http:\/\/www.abac.org.br<\/a><img src='https:\/\/api.dino.com.br\/v2\/news\/tr\/292148' alt='' style='border:0px;width:1px;height:1px' \/><br \/>\nA <b>OESP<\/b> n\u00e3o \u00e9(s\u00e3o) respons\u00e1vel(is) por erros, incorre\u00e7\u00f5es, atrasos ou quaisquer decis\u00f5es tomadas por seus clientes com base nos Conte\u00fados ora disponibilizados, bem como tais Conte\u00fados n\u00e3o representam a opini\u00e3o da <b>OESP<\/b> e s\u00e3o de inteira responsabilidade da <b>Dino Divulgador de Noticias Online Ltda<\/b><\/p>\n","protected":false},"excerpt":{"rendered":"DINO DIVULGADOR DE NOT\u00cdCIAS Atibaia, SP&#8211;(DINO &#8211; 21 ago, 2023) &#8211; O&nbsp;transporte&nbsp;rodovi\u00e1rio de carga no&nbsp;Brasil&nbsp;tem papel fundamental na hist\u00f3ria do desenvolvimento","protected":false},"author":1,"featured_media":70957,"comment_status":"open","ping_status":"closed","sticky":false,"template":"","format":"standard","meta":{"_acf_changed":false,"inline_featured_image":false,"_monsterinsights_skip_tracking":false,"_monsterinsights_sitenote_active":false,"_monsterinsights_sitenote_note":"","_monsterinsights_sitenote_category":0,"footnotes":""},"categories":[34],"tags":[],"class_list":["post-70956","post","type-post","status-publish","format-standard","has-post-thumbnail","hentry","category-releases-geral"],"acf":[],"_links":{"self":[{"href":"https:\/\/bluestudio.estadao.com.br\/agencia-de-comunicacao\/wp-json\/wp\/v2\/posts\/70956","targetHints":{"allow":["GET"]}}],"collection":[{"href":"https:\/\/bluestudio.estadao.com.br\/agencia-de-comunicacao\/wp-json\/wp\/v2\/posts"}],"about":[{"href":"https:\/\/bluestudio.estadao.com.br\/agencia-de-comunicacao\/wp-json\/wp\/v2\/types\/post"}],"author":[{"embeddable":true,"href":"https:\/\/bluestudio.estadao.com.br\/agencia-de-comunicacao\/wp-json\/wp\/v2\/users\/1"}],"replies":[{"embeddable":true,"href":"https:\/\/bluestudio.estadao.com.br\/agencia-de-comunicacao\/wp-json\/wp\/v2\/comments?post=70956"}],"version-history":[{"count":0,"href":"https:\/\/bluestudio.estadao.com.br\/agencia-de-comunicacao\/wp-json\/wp\/v2\/posts\/70956\/revisions"}],"wp:featuredmedia":[{"embeddable":true,"href":"https:\/\/bluestudio.estadao.com.br\/agencia-de-comunicacao\/wp-json\/wp\/v2\/media\/70957"}],"wp:attachment":[{"href":"https:\/\/bluestudio.estadao.com.br\/agencia-de-comunicacao\/wp-json\/wp\/v2\/media?parent=70956"}],"wp:term":[{"taxonomy":"category","embeddable":true,"href":"https:\/\/bluestudio.estadao.com.br\/agencia-de-comunicacao\/wp-json\/wp\/v2\/categories?post=70956"},{"taxonomy":"post_tag","embeddable":true,"href":"https:\/\/bluestudio.estadao.com.br\/agencia-de-comunicacao\/wp-json\/wp\/v2\/tags?post=70956"}],"curies":[{"name":"wp","href":"https:\/\/api.w.org\/{rel}","templated":true}]}}