{"id":70861,"date":"2023-08-18T08:39:00","date_gmt":"2023-08-18T11:39:00","guid":{"rendered":"https:\/\/bluestudio.estadao.com.br\/agencia-de-comunicacao\/releases\/releases-geral\/joinville-sedia-uma-das-maiores-feiras-de-logistica-do-pais\/"},"modified":"2023-08-18T08:39:00","modified_gmt":"2023-08-18T11:39:00","slug":"joinville-sedia-uma-das-maiores-feiras-de-logistica-do-pais","status":"publish","type":"post","link":"https:\/\/bluestudio.estadao.com.br\/agencia-de-comunicacao\/releases\/releases-geral\/joinville-sedia-uma-das-maiores-feiras-de-logistica-do-pais\/","title":{"rendered":"Joinville sedia uma das maiores feiras de log\u00edstica do pa\u00eds"},"content":{"rendered":"<p><b>DINO DIVULGADOR DE NOT\u00cdCIAS<\/b><\/p>\n<p>S\u00e3o Paulo &#8211; SP&#8211;(<a target='_blank' href='http:\/\/www.dino.com.br' rel=\"noopener\">DINO<\/a> &#8211; 18 ago, 2023) &#8211;<br \/>\nCom o objetivo de reunir empresas, profissionais e especialistas do setor de log&iacute;stica, para promover oportunidades de neg&oacute;cios e conex&otilde;es profissionais, Joinville\/SC recebe a 4&ordf; edi&ccedil;&atilde;o da Logistique, Feira de Log&iacute;stica, Transporte Multimodal de Cargas, Intralog&iacute;stica e Com&eacute;rcio Internacional.<\/p>\n<p>Considerada um dos maiores polos do segmento, a Regi&atilde;o Sul impacta positivamente a economia do pa&iacute;s. Segundo <a rel=\"follow noopener\" target='_blank' href='https:\/\/observatorio.fiesc.com.br\/sites\/default\/files\/2023-01\/%5BBOLETIM%5D%20Com%C3%A9rcio%20Exterior%20-%20dez.%202022.pdf'>levantamento<\/a>&nbsp;feito pelo Observat&oacute;rio FIESC, somente o estado de Santa Catarina somou mais de R$970 milh&otilde;es de exporta&ccedil;&otilde;es no m&ecirc;s de setembro de 2022. Um aumento de 17% perante o m&ecirc;s de agosto do &uacute;ltimo ano.<\/p>\n<p>Um dos patrocinadores oficiais da Logistique &eacute; a Divis&atilde;o de Log&iacute;stica do Grupo GPS, conglomerado de empresas que atua no mercado brasileiro de servi&ccedil;os indoor sendo, representado por quatro empresas: In-Haus Log&iacute;stica, Loghis, Motus e Wrapper.<\/p>\n<p>De acordo com Jazeel Santos, diretor da divis&atilde;o log&iacute;stica do Grupo GPS, a presen&ccedil;a na Logistique &eacute; muito importante, pois &eacute; um meio de mostrar a for&ccedil;a da divis&atilde;o de log&iacute;stica do Grupo.&nbsp;&ldquo;Estamos muito entusiasmados com a feira Logistique pela oportunidade de mostrar o fortalecimento da divis&atilde;o log&iacute;stica do grupo GPS como operador log&iacute;stico, apresentando nossas quatro marcas.&rdquo;<\/p>\n<p>Jazeel ainda ressalta que o Grupo GPS ir&aacute; levar muitas novidades em tecnologia, inova&ccedil;&atilde;o, gest&atilde;o operacional e log&iacute;stica para o p&uacute;blico da Logistique.&nbsp;&#8216;A Divis&atilde;o Log&iacute;stica do grupo GPS vai participar da feira logistique como patrocinador oficial do evento E com um estande de um estande super bem localizado pr&oacute;ximo a plen&aacute;ria, onde iremos expor as nossas solu&ccedil;&otilde;es e levar muitas novidades para o p&uacute;blico da feira no que se refere &agrave; tecnologia, inova&ccedil;&atilde;o e gest&atilde;o operacional e log&iacute;stica.&rdquo;<\/p>\n<p><strong>Outras informa&ccedil;&otilde;es<\/strong><\/p>\n<p>A Logistique acontece de 22 a 24 de agosto, das 13h &agrave;s 21h no Expoville &#8211; Rua. Quinze de Novembro, 4315 &#8211; Gl&oacute;ria, Joinville\/SC. Entrada gratuita com credenciamento obrigat&oacute;rio para evitar filas.<\/p>\n<p>Website: <a target='_blank' href='http:\/\/www.gpssa.com.br' rel=\"follow noopener\">http:\/\/www.gpssa.com.br<\/a><img src='https:\/\/api.dino.com.br\/v2\/news\/tr\/290065' alt='' style='border:0px;width:1px;height:1px' \/><br \/>\nA <b>OESP<\/b> n\u00e3o \u00e9(s\u00e3o) respons\u00e1vel(is) por erros, incorre\u00e7\u00f5es, atrasos ou quaisquer decis\u00f5es tomadas por seus clientes com base nos Conte\u00fados ora disponibilizados, bem como tais Conte\u00fados n\u00e3o representam a opini\u00e3o da <b>OESP<\/b> e s\u00e3o de inteira responsabilidade da <b>Dino Divulgador de Noticias Online Ltda<\/b><\/p>\n","protected":false},"excerpt":{"rendered":"DINO DIVULGADOR DE NOT\u00cdCIAS S\u00e3o Paulo &#8211; SP&#8211;(DINO &#8211; 18 ago, 2023) &#8211; Com o objetivo de reunir empresas, profissionais e especialistas do setor de log&iacute;stica, para","protected":false},"author":1,"featured_media":70862,"comment_status":"open","ping_status":"closed","sticky":false,"template":"","format":"standard","meta":{"_acf_changed":false,"inline_featured_image":false,"_monsterinsights_skip_tracking":false,"_monsterinsights_sitenote_active":false,"_monsterinsights_sitenote_note":"","_monsterinsights_sitenote_category":0,"footnotes":""},"categories":[34],"tags":[],"class_list":["post-70861","post","type-post","status-publish","format-standard","has-post-thumbnail","hentry","category-releases-geral"],"acf":[],"_links":{"self":[{"href":"https:\/\/bluestudio.estadao.com.br\/agencia-de-comunicacao\/wp-json\/wp\/v2\/posts\/70861","targetHints":{"allow":["GET"]}}],"collection":[{"href":"https:\/\/bluestudio.estadao.com.br\/agencia-de-comunicacao\/wp-json\/wp\/v2\/posts"}],"about":[{"href":"https:\/\/bluestudio.estadao.com.br\/agencia-de-comunicacao\/wp-json\/wp\/v2\/types\/post"}],"author":[{"embeddable":true,"href":"https:\/\/bluestudio.estadao.com.br\/agencia-de-comunicacao\/wp-json\/wp\/v2\/users\/1"}],"replies":[{"embeddable":true,"href":"https:\/\/bluestudio.estadao.com.br\/agencia-de-comunicacao\/wp-json\/wp\/v2\/comments?post=70861"}],"version-history":[{"count":0,"href":"https:\/\/bluestudio.estadao.com.br\/agencia-de-comunicacao\/wp-json\/wp\/v2\/posts\/70861\/revisions"}],"wp:featuredmedia":[{"embeddable":true,"href":"https:\/\/bluestudio.estadao.com.br\/agencia-de-comunicacao\/wp-json\/wp\/v2\/media\/70862"}],"wp:attachment":[{"href":"https:\/\/bluestudio.estadao.com.br\/agencia-de-comunicacao\/wp-json\/wp\/v2\/media?parent=70861"}],"wp:term":[{"taxonomy":"category","embeddable":true,"href":"https:\/\/bluestudio.estadao.com.br\/agencia-de-comunicacao\/wp-json\/wp\/v2\/categories?post=70861"},{"taxonomy":"post_tag","embeddable":true,"href":"https:\/\/bluestudio.estadao.com.br\/agencia-de-comunicacao\/wp-json\/wp\/v2\/tags?post=70861"}],"curies":[{"name":"wp","href":"https:\/\/api.w.org\/{rel}","templated":true}]}}