{"id":70859,"date":"2023-08-18T08:49:00","date_gmt":"2023-08-18T11:49:00","guid":{"rendered":"https:\/\/bluestudio.estadao.com.br\/agencia-de-comunicacao\/releases\/releases-geral\/especialista-revela-os-tipos-de-vidros-no-mundo-e-seus-usos\/"},"modified":"2023-08-18T08:49:00","modified_gmt":"2023-08-18T11:49:00","slug":"especialista-revela-os-tipos-de-vidros-no-mundo-e-seus-usos","status":"publish","type":"post","link":"https:\/\/bluestudio.estadao.com.br\/agencia-de-comunicacao\/releases\/releases-geral\/especialista-revela-os-tipos-de-vidros-no-mundo-e-seus-usos\/","title":{"rendered":"Especialista revela os tipos de vidros no mundo e seus usos"},"content":{"rendered":"<p><b>DINO DIVULGADOR DE NOT\u00cdCIAS<\/b><\/p>\n<p>Bras\u00edlia, DF&#8211;(<a target='_blank' href='http:\/\/www.dino.com.br' rel=\"noopener\">DINO<\/a> &#8211; 18 ago, 2023) &#8211; <\/p>\n<p class='p1'>O vidro \u00e9 um material presente em muitos aspectos da vida di\u00e1ria, da arquitetura \u00e0 tecnologia. Um enorme <a rel=\"follow noopener\" target='_blank'>https:\/\/t.co\/xbyntmJGiH<\/a>&#8216; data-mce-target=&#8217;_blank&#8217; href=&#8217;<a target='_blank' href='https:\/\/t.co\/xbyntmJGiH' rel=\"follow noopener\">https:\/\/t.co\/xbyntmJGiH<\/a>&#8216;&gt;<u>mercado global<\/u><\/a>&nbsp;que em 2021 foi avaliado em aproximadamente USD 106,44 bilh\u00f5es, com uma proje\u00e7\u00e3o de crescimento anual de 5,2% entre 2022 e 2030. <a rel=\"follow noopener\" target='_blank'>https:\/\/t.co\/PASKMco9tQ<\/a>&#8216; data-mce-target=&#8217;_blank&#8217; href=&#8217;<a target='_blank' href='https:\/\/t.co\/PASKMco9tQ' rel=\"follow noopener\">https:\/\/t.co\/PASKMco9tQ<\/a>&#8216;&gt;No Brasil<\/a><a rel=\"follow noopener\" target='_blank'>https:\/\/t.co\/qPmpVgtdRn<\/a>&#8216; data-mce-target=&#8217;_blank&#8217; href=&#8217;<a target='_blank' href='https:\/\/t.co\/qPmpVgtdRn' rel=\"follow noopener\">https:\/\/t.co\/qPmpVgtdRn<\/a>&#8216;&gt;,<\/a> que \u00e9 uma grande refer\u00eancia no mercado de vidro, as processadoras faturaram R$ 5,2 bilh\u00f5es somente em 2020.&nbsp;J\u00e1 o mercado dos <a rel=\"follow noopener\" target='_blank'>https:\/\/t.co\/bs81ck0T7p<\/a>&#8216; data-mce-target=&#8217;_blank&#8217; href=&#8217;<a target='_blank' href='https:\/\/t.co\/bs81ck0T7p' rel=\"follow noopener\">https:\/\/t.co\/bs81ck0T7p<\/a>&#8216;&gt;Estados Unidos<\/a>&nbsp;faturou em 2021 USD 31.2 bilh\u00f5es e o da <a rel=\"follow noopener\" target='_blank'>https:\/\/t.co\/jiphyBgoHe<\/a>&#8216; data-mce-target=&#8217;_blank&#8217; href=&#8217;<a target='_blank' href='https:\/\/t.co\/jiphyBgoHe' rel=\"follow noopener\">https:\/\/t.co\/jiphyBgoHe<\/a>&#8216;&gt;Europa<\/a>&nbsp;em 2022 faturou USD 19.7 bilh\u00f5es.<\/p>\n<p class='p1'>Apesar dos in\u00fameros usos e aplica\u00e7\u00f5es, o conhecimento acerca da diversidade e adaptabilidade deste material ainda \u00e9 restrito. A sele\u00e7\u00e3o correta do vidro para edifica\u00e7\u00f5es, escrit\u00f3rios ou ve\u00edculos n\u00e3o \u00e9 apenas uma decis\u00e3o est\u00e9tica j\u00e1 que esta afeta diretamente a seguran\u00e7a e a efici\u00eancia energ\u00e9tica. A escolha de um vidro isolante em uma constru\u00e7\u00e3o, por exemplo, pode otimizar a reten\u00e7\u00e3o t\u00e9rmica proporcionando significativa <a rel=\"follow noopener\" target='_blank'>https:\/\/t.co\/J9EP15MBXG<\/a>&#8216; data-mce-target=&#8217;_blank&#8217; href=&#8217;<a target='_blank' href='https:\/\/t.co\/J9EP15MBXG' rel=\"follow noopener\">https:\/\/t.co\/J9EP15MBXG<\/a>&#8216;&gt;<u>economia de energia em at\u00e9 50%<\/u><\/a>.<\/p>\n<p class='p1'>Para navegar com tranquilidade nesse mundo t\u00e3o pouco conhecido, o especialista em vidros e editor do site <a rel=\"follow noopener\" target='_blank'>http:\/\/dubbelglas-tips.nl\/<\/a>&#8216; data-mce-target=&#8217;_blank&#8217; href=&#8217;<a target='_blank' href='http:\/\/dubbelglas-tips.nl\/' rel=\"follow noopener\">http:\/\/dubbelglas-tips.nl\/<\/a>&#8216;&gt;dubbelglas-tips.nl<\/a>,&nbsp;Giovanni Bruno, revela os tipos mais comuns de vidros em diferentes partes do mundo e seus usos espec\u00edficos.&nbsp;<\/p>\n<p class='p1'><strong>Vidro Simples<\/strong><\/p>\n<p class='p1'>O mais comum dos vidros \u00e9 o vidro simples, tamb\u00e9m conhecido como vidro float. \u00c9 amplamente utilizado em constru\u00e7\u00f5es antigas, onde a efici\u00eancia energ\u00e9tica n\u00e3o \u00e9 uma prioridade. Bruno destaca: &#8216;O vidro simples \u00e9 o principal tipo de vidro utilizado no Brasil e tamb\u00e9m \u00e9 comumente encontrado em janelas de edif\u00edcios hist\u00f3ricos em cidades antigas da Europa como Paris, e nas tradicionais casas de estilo vitoriano no <a rel=\"follow noopener\" target='_blank'>https:\/\/t.co\/BIkK97zFxz<\/a>&#8216; data-mce-target=&#8217;_blank&#8217; href=&#8217;<a target='_blank' href='https:\/\/t.co\/BIkK97zFxz' rel=\"follow noopener\">https:\/\/t.co\/BIkK97zFxz<\/a>&#8216;&gt;Reino Unido<\/a>. \u00c9 o vidro utilizado em <a rel=\"follow noopener\" target='_blank'>https:\/\/t.co\/hsSh9t0ehw<\/a>&#8216; data-mce-target=&#8217;_blank&#8217; href=&#8217;<a target='_blank' href='https:\/\/t.co\/hsSh9t0ehw' rel=\"follow noopener\">https:\/\/t.co\/hsSh9t0ehw<\/a>&#8216;&gt;garrafas, sendo o mais reciclado<\/a> tamb\u00e9m.<\/p>\n<p class='p1'><strong>Vidro Duplo (HR, HR+ e HR++)<\/strong><\/p>\n<p class='p1'>Em pa\u00edses com rigorosos padr\u00f5es de efici\u00eancia energ\u00e9tica, o vidro duplo HR\/HR+\/HR++, tamb\u00e9m conhecido como vidro isolante ou Termopan, ganhou muita popularidade, j\u00e1 que os mesmos chegam a economizar at\u00e9 50% de energia. Bruno compartilha: &#8216;Na <a rel=\"follow noopener\" target='_blank'>https:\/\/t.co\/y14NWYYcTo<\/a>&#8216; data-mce-target=&#8217;_blank&#8217; href=&#8217;<a target='_blank' href='https:\/\/t.co\/y14NWYYcTo' rel=\"follow noopener\">https:\/\/t.co\/y14NWYYcTo<\/a>&#8216;&gt;Holanda<\/a>&nbsp;e pa\u00edses escandinavos, como Noruega e Su\u00e9cia, o vidro duplo \u00e9 amplamente utilizado em resid\u00eancias e edif\u00edcios comerciais. \u00c9 uma escolha inteligente para economizar energia, reduzir os custos de aquecimento e resfriamento, e proporcionar um ambiente mais confort\u00e1vel.&#8217;<\/p>\n<p class='p1'><strong>Vidro Laminado (PVB ou EVA)<\/strong><\/p>\n<p class='p1'>Quando se trata de <a rel=\"follow noopener\" target='_blank'>https:\/\/t.co\/S08XZmnIyD<\/a>&#8216; data-mce-target=&#8217;_blank&#8217; href=&#8217;<a target='_blank' href='https:\/\/t.co\/S08XZmnIyD' rel=\"follow noopener\">https:\/\/t.co\/S08XZmnIyD<\/a>&#8216;&gt;seguran\u00e7a<\/a>, o vidro laminado pode ser uma pe\u00e7a essencial. Ele \u00e9 amplamente utilizado em todo o mundo em janelas de carros e fachadas de pr\u00e9dios. &#8216;No Brasil, \u00c1frica do Sul e at\u00e9 mesmo em regi\u00f5es dos Estados Unidos, onde a seguran\u00e7a \u00e9 uma preocupa\u00e7\u00e3o constante, o vidro laminado \u00e9 uma escolha comum.&nbsp;Al\u00e9m disso, em cidades como Londres, Sidney (<a rel=\"follow noopener\" target='_blank'>https:\/\/t.co\/76qIApNpxD<\/a>&#8216; data-mce-target=&#8217;_blank&#8217; href=&#8217;<a target='_blank' href='https:\/\/t.co\/76qIApNpxD' rel=\"follow noopener\">https:\/\/t.co\/76qIApNpxD<\/a>&#8216;&gt;Austr\u00e1lia<\/a>) e <a rel=\"follow noopener\" target='_blank'>https:\/\/t.co\/BvRLPxXRUI<\/a>&#8216; data-mce-target=&#8217;_blank&#8217; href=&#8217;<a target='_blank' href='https:\/\/t.co\/BvRLPxXRUI' rel=\"follow noopener\">https:\/\/t.co\/BvRLPxXRUI<\/a>&#8216;&gt;Amsterd\u00e3<\/a>, edif\u00edcios ic\u00f4nicos e embaixadas fazem uso desse tipo de vidro para garantir prote\u00e7\u00e3o e resist\u00eancia&#8217;, destaca Bruno.<\/p>\n<p class='p1'><strong>Vidro Isolante (HR+++)<\/strong><\/p>\n<p class='p1'>Em pa\u00edses com invernos rigorosos, o vidro isolante \u00e9 uma escolha bastante popular. No <a rel=\"follow noopener\" target='_blank'>https:\/\/t.co\/op0n2svQoc<\/a>&#8216; data-mce-target=&#8217;_blank&#8217; href=&#8217;<a target='_blank' href='https:\/\/t.co\/op0n2svQoc' rel=\"follow noopener\">https:\/\/t.co\/op0n2svQoc<\/a>&#8216;&gt;Canad\u00e1<\/a>, R\u00fassia e pa\u00edses n\u00f3rdicos, ele \u00e9 amplamente utilizado para manter a temperatura interna est\u00e1vel, reduzir o consumo de energia e aumentar o conforto t\u00e9rmico, utilizando o calor <a rel=\"follow noopener\" target='_blank'>https:\/\/t.co\/TnfkHCrgvQ<\/a>&#8216; data-mce-target=&#8217;_blank&#8217; href=&#8217;<a target='_blank' href='https:\/\/t.co\/TnfkHCrgvQ' rel=\"follow noopener\">https:\/\/t.co\/TnfkHCrgvQ<\/a>&#8216;&gt;solar<\/a>. &#8216;O vidro isolante \u00e9 uma solu\u00e7\u00e3o ideal para climas extremos, ajudando a manter a temperatura interna est\u00e1vel e reduzindo o consumo de energia. \u00c9 amplamente utilizado em pa\u00edses com invernos rigorosos, como o Canad\u00e1 e a R\u00fassia&#8217;, acrescenta Bruno.<\/p>\n<p class='p1'>Ao considerar a escolha do tipo de vidro, \u00e9 importante levar em conta as caracter\u00edsticas e benef\u00edcios de cada tipo. Como destaca Giovanni Bruno: &#8216;O vidro duplo \u00e9 uma escolha inteligente para economizar energia e reduzir os custos de aquecimento e resfriamento.&nbsp;J\u00e1 o vidro laminado oferece seguran\u00e7a e prote\u00e7\u00e3o contra raios UV prejudiciais.&#8217; Ele tamb\u00e9m refor\u00e7a: &#8216;O vidro isolante \u00e9 ideal para climas extremos, mantendo a temperatura interna est\u00e1vel e reduzindo o consumo de energia.&#8217;<\/p>\n<p class='p1'>Bruno continua: &#8216;Ao escolher vidros seja para sua casa, escrit\u00f3rio, com\u00e9rcio ou carro, \u00e9 muito importante considerar a regi\u00e3o, clima e <a rel=\"follow noopener\" target='_blank'>https:\/\/t.co\/pQspGpNwur<\/a>&#8216; data-mce-target=&#8217;_blank&#8217; href=&#8217;<a target='_blank' href='https:\/\/t.co\/pQspGpNwur' rel=\"follow noopener\">https:\/\/t.co\/pQspGpNwur<\/a>&#8216;&gt;taxa de criminalidade<\/a>, al\u00e9m das caracter\u00edsticas f\u00edsicas e funcionais do tipo de vidro para obter total \u00eaxito e seguran\u00e7a em sua empreitada&#8217;.<\/p>\n<p>Website: <a target='_blank' href='https:\/\/www.dubbelglas-tips.nl' rel=\"follow noopener\">https:\/\/www.dubbelglas-tips.nl<\/a><img src='https:\/\/api.dino.com.br\/v2\/news\/tr\/289113' alt='' style='border:0px;width:1px;height:1px' \/><br \/>\nA <b>OESP<\/b> n\u00e3o \u00e9(s\u00e3o) respons\u00e1vel(is) por erros, incorre\u00e7\u00f5es, atrasos ou quaisquer decis\u00f5es tomadas por seus clientes com base nos Conte\u00fados ora disponibilizados, bem como tais Conte\u00fados n\u00e3o representam a opini\u00e3o da <b>OESP<\/b> e s\u00e3o de inteira responsabilidade da <b>Dino Divulgador de Noticias Online Ltda<\/b><\/p>\n","protected":false},"excerpt":{"rendered":"DINO DIVULGADOR DE NOT\u00cdCIAS Bras\u00edlia, DF&#8211;(DINO &#8211; 18 ago, 2023) &#8211; O vidro \u00e9 um material presente em muitos aspectos da vida di\u00e1ria, da arquitetura \u00e0 tecnologia. Um enorme","protected":false},"author":1,"featured_media":70860,"comment_status":"open","ping_status":"closed","sticky":false,"template":"","format":"standard","meta":{"_acf_changed":false,"inline_featured_image":false,"_monsterinsights_skip_tracking":false,"_monsterinsights_sitenote_active":false,"_monsterinsights_sitenote_note":"","_monsterinsights_sitenote_category":0,"footnotes":""},"categories":[34],"tags":[],"class_list":["post-70859","post","type-post","status-publish","format-standard","has-post-thumbnail","hentry","category-releases-geral"],"acf":[],"_links":{"self":[{"href":"https:\/\/bluestudio.estadao.com.br\/agencia-de-comunicacao\/wp-json\/wp\/v2\/posts\/70859","targetHints":{"allow":["GET"]}}],"collection":[{"href":"https:\/\/bluestudio.estadao.com.br\/agencia-de-comunicacao\/wp-json\/wp\/v2\/posts"}],"about":[{"href":"https:\/\/bluestudio.estadao.com.br\/agencia-de-comunicacao\/wp-json\/wp\/v2\/types\/post"}],"author":[{"embeddable":true,"href":"https:\/\/bluestudio.estadao.com.br\/agencia-de-comunicacao\/wp-json\/wp\/v2\/users\/1"}],"replies":[{"embeddable":true,"href":"https:\/\/bluestudio.estadao.com.br\/agencia-de-comunicacao\/wp-json\/wp\/v2\/comments?post=70859"}],"version-history":[{"count":0,"href":"https:\/\/bluestudio.estadao.com.br\/agencia-de-comunicacao\/wp-json\/wp\/v2\/posts\/70859\/revisions"}],"wp:featuredmedia":[{"embeddable":true,"href":"https:\/\/bluestudio.estadao.com.br\/agencia-de-comunicacao\/wp-json\/wp\/v2\/media\/70860"}],"wp:attachment":[{"href":"https:\/\/bluestudio.estadao.com.br\/agencia-de-comunicacao\/wp-json\/wp\/v2\/media?parent=70859"}],"wp:term":[{"taxonomy":"category","embeddable":true,"href":"https:\/\/bluestudio.estadao.com.br\/agencia-de-comunicacao\/wp-json\/wp\/v2\/categories?post=70859"},{"taxonomy":"post_tag","embeddable":true,"href":"https:\/\/bluestudio.estadao.com.br\/agencia-de-comunicacao\/wp-json\/wp\/v2\/tags?post=70859"}],"curies":[{"name":"wp","href":"https:\/\/api.w.org\/{rel}","templated":true}]}}