{"id":70789,"date":"2023-08-17T14:39:00","date_gmt":"2023-08-17T17:39:00","guid":{"rendered":"https:\/\/bluestudio.estadao.com.br\/agencia-de-comunicacao\/releases\/releases-geral\/queda-na-taxa-selic-pode-beneficiar-economia-brasileira\/"},"modified":"2023-08-17T14:39:00","modified_gmt":"2023-08-17T17:39:00","slug":"queda-na-taxa-selic-pode-beneficiar-economia-brasileira","status":"publish","type":"post","link":"https:\/\/bluestudio.estadao.com.br\/agencia-de-comunicacao\/releases\/releases-geral\/queda-na-taxa-selic-pode-beneficiar-economia-brasileira\/","title":{"rendered":"Queda na Taxa Selic pode beneficiar economia brasileira"},"content":{"rendered":"<p><b>DINO DIVULGADOR DE NOT\u00cdCIAS<\/b><\/p>\n<p>(<a target='_blank' href='http:\/\/www.dino.com.br' rel=\"noopener\">DINO<\/a> &#8211; 17 ago, 2023) &#8211;<br \/>\nNo dia 2 de agosto, o Comit\u00ea de Pol\u00edtica Monet\u00e1ria (Copom) do Banco Central decidiu <a rel=\"follow noopener\" target='_blank' href='https:\/\/agenciabrasil.ebc.com.br\/economia\/noticia\/2023-08\/copom-reduz-juros-basicos-da-economia-para-1325-ao-ano' data-mce-target='_blank'>cortar<\/a> a taxa b\u00e1sica de juros em 0,5 ponto. Com isto, a Selic caiu de 13,75% para 13,25% ao ano. A not\u00edcia repercutiu em um cen\u00e1rio em que autoridades, como o Presidente da Rep\u00fablica, <a rel=\"follow noopener\" target='_blank' href='https:\/\/www.poder360.com.br\/economia\/campos-neto-tem-que-entender-que-nao-e-dono-do-pais-diz-lula\/' data-mce-target='_blank'>Lu\u00eds In\u00e1cio Lula da Silva<\/a>, e representantes de <a rel=\"follow noopener\" target='_blank' href='https:\/\/valorinveste.globo.com\/mercados\/moedas-e-juros\/noticia\/2023\/07\/10\/bancos-esperam-incio-do-ciclo-de-reduo-da-selic-em-agosto-diz-febraban.ghtml' data-mce-target='_blank'>setores da sociedade<\/a> pediam pela medida em prol do crescimento da economia nacional.<\/p>\n<p>A fala de Lula, em julho, durante um evento de retomada do Programa Minha Casa Minha Vida, foi no sentido de que os juros precisam ser menores para facilitar a tomada de cr\u00e9dito por parte dos empres\u00e1rios, o que facilitar\u00e1 o crescimento da economia. O \u00edndice n\u00e3o tinha cortes desde agosto de 2020.<\/p>\n<p>No <a rel=\"follow noopener\" target='_blank' href='https:\/\/www.bcb.gov.br\/detalhenoticia\/17942\/nota' data-mce-target='_blank'>comunicado<\/a>, o comit\u00ea informou que fatores como a melhora do quadro inflacion\u00e1rio e a queda das expectativas de infla\u00e7\u00e3o a longo prazo permitiram &#8216;acumular a confian\u00e7a necess\u00e1ria para iniciar um ciclo gradual de flexibiliza\u00e7\u00e3o monet\u00e1ria&#8217;. Ainda segundo o \u00f3rg\u00e3o, h\u00e1 possibilidade de mais cortes de 0,5 ponto nas pr\u00f3ximas reuni\u00f5es. Ritmo adequado para controlar a infla\u00e7\u00e3o.<\/p>\n<p>A not\u00edcia foi bem-recebida pelo mercado porque, resumidamente, juros mais baixos ajudam a baratear o cr\u00e9dito, incentivando o consumo e a produ\u00e7\u00e3o. Nesta linha, <a rel=\"follow noopener\" target='_blank' href='https:\/\/www.mauricioferro.com.br\/o-impacto-dos-juros-no-credito-e-as-consequencias-para-as-empresas\/' data-mce-target='_blank'>Maur\u00edcio Ferro, advogado formado pela PUC\/RJ,<\/a> com mestrado e especializa\u00e7\u00f5es realizadas em universidades como a London School e University of London, comenta que o reajuste pode ser bem-vindo para o com\u00e9rcio varejista.<\/p>\n<p>&#8216;Dependendo das condi\u00e7\u00f5es econ\u00f4micas e do contexto em que essa redu\u00e7\u00e3o ocorre pode ser altamente positivo. Uma queda nas taxas de juros reduz o custo do cr\u00e9dito para os consumidores e empresas. Isso pode estimular o consumo&#8217;, afirma.<\/p>\n<p>Para <a rel=\"follow noopener\" target='_blank' href='https:\/\/diariocarioca.com\/author\/mauricio-ferro' data-mce-target='_blank'>Ferro<\/a>, outro ponto importante \u00e9 que as empresas varejistas frequentemente precisam de financiamento para manter seus estoques. Com juros mais baixos, o custo de manter esse financiamento \u00e9 reduzido, o que pode permitir que as empresas mantenham estoques maiores e mais variados, atendendo o mercado consumidor de uma melhor forma.<\/p>\n<p>Ilustrando a quest\u00e3o, em mar\u00e7o deste ano a Fecom\u00e9rcio MG soltou nota demonstrando preocupa\u00e7\u00e3o com a manuten\u00e7\u00e3o da taxa de juros (\u00e0 \u00e9poca, ainda em 13,75%). Nadim Donato, presidente do Sistema Fecom\u00e9rcio MG, Sesc e Senac em Minas, <a rel=\"follow noopener\" target='_blank' href='https:\/\/www.fecomerciomg.org.br\/news\/fecomercio-destaca-a-manutencao-da-taxa-selic-em-1375-ao-ano\/' data-mce-target='_blank'>afirmou<\/a> que &#8216;a taxa Selic nesse patamar [13,75%] foi determinante para a desacelera\u00e7\u00e3o da movimenta\u00e7\u00e3o econ\u00f4mica em 2022&#8217;.<\/p>\n<p>Quanto \u00e0s possibilidades de varejistas, <a rel=\"follow noopener\" target='_blank' href='https:\/\/www.radiocacula.com.br\/a-economia-verde-amazonia-e-o-brasil-pensando-pequeno\/' data-mce-target='_blank'>o advogado Maur\u00edcio Ferro<\/a> comenta que a queda de juros pode tamb\u00e9m incentivar os empres\u00e1rios do com\u00e9rcio varejista a fazer investimentos em expans\u00e3o, inova\u00e7\u00e3o e melhorias na infraestrutura das lojas. &#8216;Isso pode levar a uma experi\u00eancia de compra melhorada para os clientes e potencialmente atrair mais pessoas para o com\u00e9rcio&#8217;, finaliza.<\/p>\n<p>O Copom \u00e9 formado pelo presidente do Banco Central e oito diretores do \u00f3rg\u00e3o e se re\u00fane, geralmente, a cada 45 dias para a defini\u00e7\u00e3o da taxa Selic. As pr\u00f3ximas reuni\u00f5es devem ocorrer entre 19 e 20 de setembro; 31 de outubro e 1\u00ba de novembro; e 12 e 13 de dezembro.<\/p>\n<p>Para mais informa\u00e7\u00f5es, basta acessar: <a rel=\"follow noopener\" target='_blank' href='http:\/\/www.mauricioferro.com.br' data-mce-target='_blank'>www.mauricioferro.com.br<\/a><\/p>\n<p>Website: <a target='_blank' href='http:\/\/www.mauricioferro.com.br' rel=\"follow noopener\">http:\/\/www.mauricioferro.com.br<\/a><img src='https:\/\/api.dino.com.br\/v2\/news\/tr\/292356' alt='' style='border:0px;width:1px;height:1px' \/><br \/>\nA <b>OESP<\/b> n\u00e3o \u00e9(s\u00e3o) respons\u00e1vel(is) por erros, incorre\u00e7\u00f5es, atrasos ou quaisquer decis\u00f5es tomadas por seus clientes com base nos Conte\u00fados ora disponibilizados, bem como tais Conte\u00fados n\u00e3o representam a opini\u00e3o da <b>OESP<\/b> e s\u00e3o de inteira responsabilidade da <b>Dino Divulgador de Noticias Online Ltda<\/b><\/p>\n","protected":false},"excerpt":{"rendered":"DINO DIVULGADOR DE NOT\u00cdCIAS (DINO &#8211; 17 ago, 2023) &#8211; No dia 2 de agosto, o Comit\u00ea de Pol\u00edtica Monet\u00e1ria (Copom) do Banco Central decidiu cortar a taxa b\u00e1sica de juros em 0,5 ponto. Com","protected":false},"author":1,"featured_media":70790,"comment_status":"open","ping_status":"closed","sticky":false,"template":"","format":"standard","meta":{"_acf_changed":false,"inline_featured_image":false,"_monsterinsights_skip_tracking":false,"_monsterinsights_sitenote_active":false,"_monsterinsights_sitenote_note":"","_monsterinsights_sitenote_category":0,"footnotes":""},"categories":[34],"tags":[],"class_list":["post-70789","post","type-post","status-publish","format-standard","has-post-thumbnail","hentry","category-releases-geral"],"acf":[],"_links":{"self":[{"href":"https:\/\/bluestudio.estadao.com.br\/agencia-de-comunicacao\/wp-json\/wp\/v2\/posts\/70789","targetHints":{"allow":["GET"]}}],"collection":[{"href":"https:\/\/bluestudio.estadao.com.br\/agencia-de-comunicacao\/wp-json\/wp\/v2\/posts"}],"about":[{"href":"https:\/\/bluestudio.estadao.com.br\/agencia-de-comunicacao\/wp-json\/wp\/v2\/types\/post"}],"author":[{"embeddable":true,"href":"https:\/\/bluestudio.estadao.com.br\/agencia-de-comunicacao\/wp-json\/wp\/v2\/users\/1"}],"replies":[{"embeddable":true,"href":"https:\/\/bluestudio.estadao.com.br\/agencia-de-comunicacao\/wp-json\/wp\/v2\/comments?post=70789"}],"version-history":[{"count":0,"href":"https:\/\/bluestudio.estadao.com.br\/agencia-de-comunicacao\/wp-json\/wp\/v2\/posts\/70789\/revisions"}],"wp:featuredmedia":[{"embeddable":true,"href":"https:\/\/bluestudio.estadao.com.br\/agencia-de-comunicacao\/wp-json\/wp\/v2\/media\/70790"}],"wp:attachment":[{"href":"https:\/\/bluestudio.estadao.com.br\/agencia-de-comunicacao\/wp-json\/wp\/v2\/media?parent=70789"}],"wp:term":[{"taxonomy":"category","embeddable":true,"href":"https:\/\/bluestudio.estadao.com.br\/agencia-de-comunicacao\/wp-json\/wp\/v2\/categories?post=70789"},{"taxonomy":"post_tag","embeddable":true,"href":"https:\/\/bluestudio.estadao.com.br\/agencia-de-comunicacao\/wp-json\/wp\/v2\/tags?post=70789"}],"curies":[{"name":"wp","href":"https:\/\/api.w.org\/{rel}","templated":true}]}}