{"id":70719,"date":"2023-08-16T16:59:00","date_gmt":"2023-08-16T19:59:00","guid":{"rendered":"https:\/\/bluestudio.estadao.com.br\/agencia-de-comunicacao\/releases\/releases-geral\/tecnologia-na-estetica-tem-crescimento-expressivo\/"},"modified":"2023-08-16T16:59:00","modified_gmt":"2023-08-16T19:59:00","slug":"tecnologia-na-estetica-tem-crescimento-expressivo","status":"publish","type":"post","link":"https:\/\/bluestudio.estadao.com.br\/agencia-de-comunicacao\/releases\/releases-geral\/tecnologia-na-estetica-tem-crescimento-expressivo\/","title":{"rendered":"Tecnologia na est\u00e9tica tem crescimento expressivo"},"content":{"rendered":"<p><b>DINO DIVULGADOR DE NOT\u00cdCIAS<\/b><\/p>\n<p>Belo Horizonte, MG&#8211;(<a target='_blank' href='http:\/\/www.dino.com.br' rel=\"noopener\">DINO<\/a> &#8211; 16 ago, 2023) &#8211;<br \/>\nO cen\u00e1rio global de medicina est\u00e9tica continua otimista e ter\u00e1 uma taxa de crescimento de 14,5% entre 2023 e 2030, \u00e9 o que aponta o <a rel=\"follow noopener\" target='_blank' href='https:\/\/www.grandviewresearch.com\/industry-analysis\/medical-aesthetics-market' data-mce-target='_blank'>Grand View Research<\/a>. Este aumento atribui-se principalmente aos procedimentos novos e menos invasivos, como por exemplo, \u00e0queles que usam tecnologia de congelamento de gordura, toxina botul\u00ednica, preenchimentos e bioestimuladores.<\/p>\n<p>As tecnologias est\u00e9ticas n\u00e3o cir\u00fargicas surgem como alternativa ou at\u00e9 mesmo como complemento das cirurgias. De acordo com a Sociedade Americana de Cirurgias Pl\u00e1sticas, a <a rel=\"follow noopener\" target='_blank' href='https:\/\/journals.lww.com\/plasreconsurg\/Fulltext\/2022\/03000\/Frequency_of_Complications_of_Aesthetic_Facial.61.aspx' data-mce-target='_blank'>taxa de procedimentos minimamente invasivos<\/a>, como por exemplo, os procedimentos de preenchimento facial, aumentou nos \u00faltimos anos, especialmente na Am\u00e9rica Latina.<\/p>\n<p>Com o avan\u00e7o da tecnologia e a populariza\u00e7\u00e3o dos procedimentos est\u00e9ticos, as pessoas est\u00e3o cada vez mais dispostas a investir em tratamentos que promovam melhorias na sua imagem. Segundo <a rel=\"follow noopener\" target='_blank' href='http:\/\/www.simonebarros.com.br' data-mce-target='_blank'>Simone Barros, fisioterapeuta e propriet\u00e1ria da Cl\u00ednica Simone Barros<\/a>, em 2023, algumas tend\u00eancias na \u00e1rea da est\u00e9tica est\u00e3o se destacando no mercado, oferecendo solu\u00e7\u00f5es inovadoras e eficazes para diversos tipos de procedimentos. &#8216;Temos observado, nos \u00faltimos anos, que os clientes est\u00e3o optando por tratamentos est\u00e9ticos mais naturais, menos invasivos, com recupera\u00e7\u00e3o r\u00e1pida e mais confort\u00e1vel&#8217;, explica.<\/p>\n<p>Ainda de acordo com Simone, &#8216;tecnologias que t\u00eam sido muito utilizadas s\u00e3o as que estimulam a produ\u00e7\u00e3o de col\u00e1geno pelo pr\u00f3prio organismo, como o CO<sub>2<\/sub>, radiofrequ\u00eancia ultrassom microfocado e bioestimuladores de col\u00e1geno, no caso do tratamento corporal&#8217;. A fisioterapeuta ressalta tamb\u00e9m, &#8216;que \u00e9 importante lembrar que esses procedimentos minimamente invasivos s\u00e3o feitos na regi\u00e3o da face como um bioestimulador potente e, o ultrassom microfocado e o bioestimulador minimamente injet\u00e1vel que d\u00e1 uma apar\u00eancia rejuvenescedora associado a toxina botul\u00ednica e laser com fibra de carbono&#8217;.<\/p>\n<div dir='auto'><a rel=\"follow noopener\" target='_blank' href='https:\/\/www.instagram.com\/dra.karlladanielly\/' data-mce-target='_blank'>Karlla Danielly, profissional de odontologia e parceira da Cl\u00ednica Simone Barros<\/a>, conta que atualmente existem diversos tratamentos est\u00e9ticos que s\u00e3o procurados com mais frequ\u00eancia pelos clientes. &#8216;O avan\u00e7o tecnol\u00f3gico na \u00e1rea est\u00e9tica, tem sido um importante aliado no gerenciamento do envelhecimento, tornando mais agrad\u00e1vel esse processo que ocorre para todos&#8217;.&nbsp;<\/div>\n<div dir='auto'>\n<\/div>\n<div dir='auto'>Karlla diz ainda que os resultados alcan\u00e7ados atrav\u00e9s da ci\u00eancia est\u00e9tica, tem tornado cada vez mais conhecido e abrangente esse mercado, despertando cada vez mais os pacientes para o autocuidado e bem-estar. &#8216;Com a queda da produ\u00e7\u00e3o de col\u00e1geno end\u00f3gena, e a perda das estruturas de sustenta\u00e7\u00e3o facial, lan\u00e7amos m\u00e3o de bioestimuladores de col\u00e1geno, volumizadores e procedimentos minimamente invasivos para manuten\u00e7\u00e3o da sa\u00fade e est\u00e9tica, sem abrir m\u00e3o da naturalidade&#8217;.<\/div>\n<div dir='auto'>\n<\/div>\n<div dir='auto'>&#8216;Por isso temos desenvolvido protocolos e associa\u00e7\u00f5es para alcan\u00e7ar o melhor resultado, sempre lembrando que como tratamento, \u00e9 necess\u00e1rio um acompanhamento e manuten\u00e7\u00e3o peri\u00f3dicas&#8217;, finaliza Karlla Danielly.<\/div>\n<p><strong>Cl\u00ednica Simone Barros<\/strong><\/p>\n<p>Com sede em Belo Horizonte (MG), a cl\u00ednica Simone Barros est\u00e1 no mercado h\u00e1 15 anos e possui uma equipe multidisciplinar que oferece tratamento de forma individualizada prestando servi\u00e7os corporais, faciais e \u00edntimos. A cl\u00ednica tamb\u00e9m tem parcerias com m\u00e9dicos dermatologistas e nutricionistas aut\u00f4nomos e especializados.<\/p>\n<p>Website: <a target='_blank' href='http:\/\/www.simonebarros.com.br' rel=\"follow noopener\">http:\/\/www.simonebarros.com.br<\/a><img src='https:\/\/api.dino.com.br\/v2\/news\/tr\/287718' alt='' style='border:0px;width:1px;height:1px' \/><br \/>\nA <b>OESP<\/b> n\u00e3o \u00e9(s\u00e3o) respons\u00e1vel(is) por erros, incorre\u00e7\u00f5es, atrasos ou quaisquer decis\u00f5es tomadas por seus clientes com base nos Conte\u00fados ora disponibilizados, bem como tais Conte\u00fados n\u00e3o representam a opini\u00e3o da <b>OESP<\/b> e s\u00e3o de inteira responsabilidade da <b>Dino Divulgador de Noticias Online Ltda<\/b><\/p>\n","protected":false},"excerpt":{"rendered":"DINO DIVULGADOR DE NOT\u00cdCIAS Belo Horizonte, MG&#8211;(DINO &#8211; 16 ago, 2023) &#8211; O cen\u00e1rio global de medicina est\u00e9tica continua otimista e ter\u00e1 uma taxa de crescimento de 14,5% entre 2023","protected":false},"author":1,"featured_media":70720,"comment_status":"open","ping_status":"closed","sticky":false,"template":"","format":"standard","meta":{"_acf_changed":false,"inline_featured_image":false,"_monsterinsights_skip_tracking":false,"_monsterinsights_sitenote_active":false,"_monsterinsights_sitenote_note":"","_monsterinsights_sitenote_category":0,"footnotes":""},"categories":[34],"tags":[],"class_list":["post-70719","post","type-post","status-publish","format-standard","has-post-thumbnail","hentry","category-releases-geral"],"acf":[],"_links":{"self":[{"href":"https:\/\/bluestudio.estadao.com.br\/agencia-de-comunicacao\/wp-json\/wp\/v2\/posts\/70719","targetHints":{"allow":["GET"]}}],"collection":[{"href":"https:\/\/bluestudio.estadao.com.br\/agencia-de-comunicacao\/wp-json\/wp\/v2\/posts"}],"about":[{"href":"https:\/\/bluestudio.estadao.com.br\/agencia-de-comunicacao\/wp-json\/wp\/v2\/types\/post"}],"author":[{"embeddable":true,"href":"https:\/\/bluestudio.estadao.com.br\/agencia-de-comunicacao\/wp-json\/wp\/v2\/users\/1"}],"replies":[{"embeddable":true,"href":"https:\/\/bluestudio.estadao.com.br\/agencia-de-comunicacao\/wp-json\/wp\/v2\/comments?post=70719"}],"version-history":[{"count":0,"href":"https:\/\/bluestudio.estadao.com.br\/agencia-de-comunicacao\/wp-json\/wp\/v2\/posts\/70719\/revisions"}],"wp:featuredmedia":[{"embeddable":true,"href":"https:\/\/bluestudio.estadao.com.br\/agencia-de-comunicacao\/wp-json\/wp\/v2\/media\/70720"}],"wp:attachment":[{"href":"https:\/\/bluestudio.estadao.com.br\/agencia-de-comunicacao\/wp-json\/wp\/v2\/media?parent=70719"}],"wp:term":[{"taxonomy":"category","embeddable":true,"href":"https:\/\/bluestudio.estadao.com.br\/agencia-de-comunicacao\/wp-json\/wp\/v2\/categories?post=70719"},{"taxonomy":"post_tag","embeddable":true,"href":"https:\/\/bluestudio.estadao.com.br\/agencia-de-comunicacao\/wp-json\/wp\/v2\/tags?post=70719"}],"curies":[{"name":"wp","href":"https:\/\/api.w.org\/{rel}","templated":true}]}}