{"id":70651,"date":"2023-08-16T09:59:00","date_gmt":"2023-08-16T12:59:00","guid":{"rendered":"https:\/\/bluestudio.estadao.com.br\/agencia-de-comunicacao\/releases\/releases-geral\/investimentos-em-transportes-miram-crescimento-da-economia-do-pais\/"},"modified":"2023-08-16T09:59:00","modified_gmt":"2023-08-16T12:59:00","slug":"investimentos-em-transportes-miram-crescimento-da-economia-do-pais","status":"publish","type":"post","link":"https:\/\/bluestudio.estadao.com.br\/agencia-de-comunicacao\/releases\/releases-geral\/investimentos-em-transportes-miram-crescimento-da-economia-do-pais\/","title":{"rendered":"Investimentos em transportes miram crescimento da economia do pa\u00eds"},"content":{"rendered":"<p><b>DINO DIVULGADOR DE NOT\u00cdCIAS<\/b><\/p>\n<p>S\u00e3o Paulo&#8211;(<a target='_blank' href='http:\/\/www.dino.com.br' rel=\"noopener\">DINO<\/a> &#8211; 16 ago, 2023) &#8211;<br \/>\nO an&uacute;ncio do novo Programa de Acelera&ccedil;&atilde;o do Crescimento (PAC), feito no dia 11 de agosto, destacou os dez eixos principais para implementa&ccedil;&atilde;o de medidas e investimentos no pa&iacute;s, um deles &eacute; o transporte.<\/p>\n<p>Chamado de transporte eficiente e sustent&aacute;vel, o eixo re&uacute;ne investimentos em rodovias, ferrovias, portos, aeroportos e hidrovias em todos os estados do Brasil. O Programa prev&ecirc; diversas a&ccedil;&otilde;es que ser&atilde;o feitas com recursos do Or&ccedil;amento Geral da Uni&atilde;o (OGU), de empresas estatais e do setor privado. No total, ser&atilde;o investidos <strong>R$ 349 bilh&otilde;es em transportes.&nbsp;<\/strong><\/p>\n<p>Algumas rodovias com obras paralisadas est&atilde;o entre as prioridades do PAC. A ideia &eacute; aproveitar parte dos trabalhos que j&aacute; est&atilde;o prontos e aumentar a chance de conclus&atilde;o de empreendimentos considerados mais importantes. &nbsp;<\/p>\n<p><strong>Verbas para o Nordeste<\/strong><\/p>\n<p>Atualmente, mesmo sendo a 2&ordf; maior regi&atilde;o em termos de desenvolvimento log&iacute;stico, o Nordeste &eacute; um dos locais mais afetados pelas p&eacute;ssimas condi&ccedil;&otilde;es das rodovias. Uma pesquisa da<a rel=\"follow noopener\" target='_blank' href='https:\/\/pesquisarodovias.cnt.org.br\/'> Confedera&ccedil;&atilde;o Nacional do Transporte (CNT)<\/a> mostrou que 71,3% da malha rodovi&aacute;ria pavimentada do Nordeste apresenta algum tipo de problema no pavimento, na sinaliza&ccedil;&atilde;o ou na geometria das estradas.<\/p>\n<p>Segundo o novo PAC, em Pernambuco, por exemplo, parte do investimento ser&aacute; para as obras de conclus&atilde;o da Transnordestina que far&aacute; a liga&ccedil;&atilde;o do ramal ferrovi&aacute;rio entre Curral Novo, no Piau&iacute;, e o Porto de Suape. Localizado entre os munic&iacute;pios do Ipojuca e Cabo de Santo Agostinho, o porto <a rel=\"follow noopener\" target='_blank' href='https:\/\/www.suape.pe.gov.br\/pt\/porto\/o-porto-do-futuro'>movimenta<\/a> anualmente mais de 23 milh&otilde;es de toneladas de cargas.<\/p>\n<p>Cabo de Santo Agostinho ser&aacute;, inclusive, sede do <strong>27&ordm; <em>Workshop<\/em> de Log&iacute;stica,&nbsp;Solu&ccedil;&otilde;es e Tend&ecirc;ncias &#8211; Especial Recife 2023<\/strong>, que acontecer&aacute; no dia 24 de agosto, das 8h30 &agrave;s 16h no Cone Multimodal. Os an&uacute;ncios do novo PAC certamente ser&atilde;o discutidos no evento, segundo Marcelo Zeferino, C<em>hief Commercial Officer<\/em> (CCO) <a rel=\"follow noopener\" target='_blank' href='https:\/\/www.prestex.com.br\/?utm_source=newsletter&amp;utm_medium=e-mail&amp;utm_campaign=choice_RP&amp;utm_id=choice_RP&amp;utm_term=prestex%2C+transporte+aereo+de+carga+emergencial%2C+logistica+aerea&amp;utm_content=choice_RP'>Prestex<\/a> &ndash; empresa especializada em solu&ccedil;&atilde;o log&iacute;stica emergencial B2B]<\/p>\n<p>Zeferino ser&aacute; palestrante e apresentar&aacute; o tema &#8216;Log&iacute;stica a&eacute;rea como vantagem competitiva: alta performance em regi&otilde;es continentais&#8217;. Al&eacute;m de sua experi&ecirc;ncia de mais de 20 anos no setor, o especialista falar&aacute; sobre o <strong>crescimento da movimenta&ccedil;&atilde;o de cargas pelo transporte a&eacute;reo emergencial<\/strong>.<\/p>\n<p>&ldquo;No Nordeste, os segmentos que mais demandam pelo transporte a&eacute;reo emergencial s&atilde;o a ind&uacute;stria automobil&iacute;stica,&nbsp;de alimentos, bebidas e produtos qu&iacute;micos.&nbsp;A vantagem deste modal &eacute; a agilidade e rapidez, al&eacute;m da seguran&ccedil;a no transporte e os menores riscos de danos &agrave;s mercadorias transportadas&rdquo;, explica o especialista.<\/p>\n<p>Marcelo ainda ressalta que o transporte a&eacute;reo &eacute; uma alternativa mais segura e eficaz, uma vez que a maioria das rodovias est&atilde;o em p&eacute;ssimas condi&ccedil;&otilde;es, al&eacute;m de constantes paralisa&ccedil;&otilde;es, deslizamentos e acidentes, que podem at&eacute; impedir o deslocamento por longos per&iacute;odos. &ldquo;Os investimentos s&atilde;o bem-vindos e teremos v&aacute;rias obras em execu&ccedil;&atilde;o at&eacute; 2026, mas para algumas cargas como pe&ccedil;as e itens de reposi&ccedil;&atilde;o de m&aacute;quinas e equipamentos &ndash; que podem deixar uma produ&ccedil;&atilde;o parada &ndash; e medicamentos &ndash; como pudemos ver claramente na &eacute;poca das vacinas da Covid-19, o transporte a&eacute;reo emergencial sempre ser&aacute; fundamental e a escolha priorit&aacute;ria&rdquo;, finaliza.<\/p>\n<p>No dia 24 de agosto, o Workshop contar&aacute; com a parceria do Cone Multimodal, um dos principais hubs de log&iacute;stica em Pernambuco e a Prestex estar&aacute; presente no espa&ccedil;o &#8216;<em>Showroom<\/em> de Solu&ccedil;&otilde;es Log&iacute;sticas&#8217;. Os participantes ter&atilde;o acesso &agrave; exposi&ccedil;&atilde;o de diversas solu&ccedil;&otilde;es, como armazenagem, movimenta&ccedil;&atilde;o, tecnologia, transportes e acess&oacute;rios.&nbsp;<\/p>\n<p>Website: <a target='_blank' href='http:\/\/www.prestex.com.br' rel=\"follow noopener\">http:\/\/www.prestex.com.br<\/a><img src='https:\/\/api.dino.com.br\/v2\/news\/tr\/291990' alt='' style='border:0px;width:1px;height:1px' \/><br \/>\nA <b>OESP<\/b> n\u00e3o \u00e9(s\u00e3o) respons\u00e1vel(is) por erros, incorre\u00e7\u00f5es, atrasos ou quaisquer decis\u00f5es tomadas por seus clientes com base nos Conte\u00fados ora disponibilizados, bem como tais Conte\u00fados n\u00e3o representam a opini\u00e3o da <b>OESP<\/b> e s\u00e3o de inteira responsabilidade da <b>Dino Divulgador de Noticias Online Ltda<\/b><\/p>\n","protected":false},"excerpt":{"rendered":"DINO DIVULGADOR DE NOT\u00cdCIAS S\u00e3o Paulo&#8211;(DINO &#8211; 16 ago, 2023) &#8211; O an&uacute;ncio do novo Programa de Acelera&ccedil;&atilde;o do Crescimento (PAC), feito no dia 11 de agosto,","protected":false},"author":1,"featured_media":70652,"comment_status":"open","ping_status":"closed","sticky":false,"template":"","format":"standard","meta":{"_acf_changed":false,"inline_featured_image":false,"_monsterinsights_skip_tracking":false,"_monsterinsights_sitenote_active":false,"_monsterinsights_sitenote_note":"","_monsterinsights_sitenote_category":0,"footnotes":""},"categories":[34],"tags":[],"class_list":["post-70651","post","type-post","status-publish","format-standard","has-post-thumbnail","hentry","category-releases-geral"],"acf":[],"_links":{"self":[{"href":"https:\/\/bluestudio.estadao.com.br\/agencia-de-comunicacao\/wp-json\/wp\/v2\/posts\/70651","targetHints":{"allow":["GET"]}}],"collection":[{"href":"https:\/\/bluestudio.estadao.com.br\/agencia-de-comunicacao\/wp-json\/wp\/v2\/posts"}],"about":[{"href":"https:\/\/bluestudio.estadao.com.br\/agencia-de-comunicacao\/wp-json\/wp\/v2\/types\/post"}],"author":[{"embeddable":true,"href":"https:\/\/bluestudio.estadao.com.br\/agencia-de-comunicacao\/wp-json\/wp\/v2\/users\/1"}],"replies":[{"embeddable":true,"href":"https:\/\/bluestudio.estadao.com.br\/agencia-de-comunicacao\/wp-json\/wp\/v2\/comments?post=70651"}],"version-history":[{"count":0,"href":"https:\/\/bluestudio.estadao.com.br\/agencia-de-comunicacao\/wp-json\/wp\/v2\/posts\/70651\/revisions"}],"wp:featuredmedia":[{"embeddable":true,"href":"https:\/\/bluestudio.estadao.com.br\/agencia-de-comunicacao\/wp-json\/wp\/v2\/media\/70652"}],"wp:attachment":[{"href":"https:\/\/bluestudio.estadao.com.br\/agencia-de-comunicacao\/wp-json\/wp\/v2\/media?parent=70651"}],"wp:term":[{"taxonomy":"category","embeddable":true,"href":"https:\/\/bluestudio.estadao.com.br\/agencia-de-comunicacao\/wp-json\/wp\/v2\/categories?post=70651"},{"taxonomy":"post_tag","embeddable":true,"href":"https:\/\/bluestudio.estadao.com.br\/agencia-de-comunicacao\/wp-json\/wp\/v2\/tags?post=70651"}],"curies":[{"name":"wp","href":"https:\/\/api.w.org\/{rel}","templated":true}]}}