{"id":70616,"date":"2023-08-15T16:44:00","date_gmt":"2023-08-15T19:44:00","guid":{"rendered":"https:\/\/bluestudio.estadao.com.br\/agencia-de-comunicacao\/releases\/releases-geral\/acoes-de-inclusao-aumentam-a-produtividade-das-empresas\/"},"modified":"2023-08-15T16:44:00","modified_gmt":"2023-08-15T19:44:00","slug":"acoes-de-inclusao-aumentam-a-produtividade-das-empresas","status":"publish","type":"post","link":"https:\/\/bluestudio.estadao.com.br\/agencia-de-comunicacao\/releases\/releases-geral\/acoes-de-inclusao-aumentam-a-produtividade-das-empresas\/","title":{"rendered":"A\u00e7\u00f5es de inclus\u00e3o aumentam a produtividade das empresas"},"content":{"rendered":"<p><b>DINO DIVULGADOR DE NOT\u00cdCIAS<\/b><\/p>\n<p>S\u00e3o Paulo, SP&#8211;(<a target='_blank' href='http:\/\/www.dino.com.br' rel=\"noopener\">DINO<\/a> &#8211; 15 ago, 2023) &#8211;<br \/>\nA\u00e7\u00f5es de Inclus\u00e3o e de Diversidade fomentam uma maior pluralidade nas institui\u00e7\u00f5es, segundo revela o estudo<a rel=\"follow noopener\" target='_blank' href='https:\/\/simaigualdaderacial.com.br\/en\/wp-content\/uploads\/2023\/01\/Relatorio_AcoesAfirmativasrevisado.docx.pdf' data-mce-target='_blank'> &#8216;A\u00e7\u00f5es Afirmativas no Mundo Corporativo: um estudo sobre o impacto da diversidade no mercado de trabalho&#8217;,<\/a> promovido pelo ID_BR (Instituto Identidades do Brasil), e para cada 10% de aumento na diversidade \u00e9tnico-racial, observa-se um incremento de quase 4% na produtividade das empresas, segundo a pesquisa. Essa correla\u00e7\u00e3o j\u00e1 foi percebida por diversos segmentos da Economia e o setor de Sa\u00fade \u00e9 um bom exemplo. Dados do levantamento global &#8216;<a rel=\"follow noopener\" target='_blank' href='https:\/\/www.pwc.com.br\/pt\/sala-de-imprensa\/release\/esg-nas-empresas-do-setor-de-saude.html' data-mce-target='_blank'>ESG para organiza\u00e7\u00f5es de sa\u00fade<\/a>&#8216;, da consultoria PwC, que analisou as atividades de 45 prestadoras de servi\u00e7os de sa\u00fade e 32 empresas farmac\u00eauticas e de bioci\u00eancias mostram que as mudan\u00e7as j\u00e1 est\u00e3o em andamento, inclusive no Brasil.<\/p>\n<p>Um exemplo no pa\u00eds \u00e9 o Projeto Toucas Afro, que disponibiliza toucas descart\u00e1veis que contemplam a pluralidade dos tipos de cabelos, incluindo crespos, volumosos e com tran\u00e7as, em diferentes tamanhos, em todos os 31 hospitais do UnitedHealth Group Brasil (19 unidades da Amil e 12 da rede Americas). A ideia surgiu no Melanina, um dos seis Grupos de Di\u00e1logo da companhia, este com foco na equidade \u00e9tnico-racial. Segundo a \u00faltima<a rel=\"follow noopener\" target='_blank' href='https:\/\/institucional.amil.com.br\/sites\/g\/files\/wrvpjl431\/files\/2023-06\/relatorio-esg-uhg-brasil-2022-2-edicao.pdf' data-mce-target='_blank'> pesquisa de autodeclara\u00e7\u00e3o da empresa, 48% da for\u00e7a de trabalho se reconhece como preta ou parda<\/a>.<\/p>\n<p>A iniciativa se alinha \u00e0 estrat\u00e9gia de Inclus\u00e3o e Diversidade do UnitedHealth Group Brasil de criar uma cultura que elimine barreiras nas a\u00e7\u00f5es, pol\u00edticas e pr\u00e1ticas da organiza\u00e7\u00e3o, tornando-se uma corpora\u00e7\u00e3o mais plural. Segundo Cristiano Borges, gerente de Cultura, Inclus\u00e3o e Diversidade do UnitedHealth Group Brasil, a implementa\u00e7\u00e3o do Projeto Toucas Afro \u00e9 fruto do compromisso da empresa de respeitar a multiplicidade e de promover um ambiente equ\u00e2nime e acolhedor. &#8216;N\u00f3s nos comprometemos em continuar ouvindo e acolhendo as pessoas colaboradoras para aperfei\u00e7oarmos nossas pr\u00e1ticas e implementarmos mais solu\u00e7\u00f5es inovadoras que atendam \u00e0s suas necessidades&#8217;, destaca Cristiano Borges.<\/p>\n<p>O UnitedHealth Group Brasil busca fortalecer seu trabalho de Inclus\u00e3o e Diversidade desde 2018, quando foram criados os Grupos de Di\u00e1logo, hoje formados por quase 900 pessoas colaboradoras volunt\u00e1rias. Al\u00e9m do Melanina, h\u00e1 outros cinco: + Eficiente (pessoas com defici\u00eancia), Pride (LGBTQIAPN+), N\u00f3s Por Elas (equidade de g\u00eanero), Nossas Gera\u00e7\u00f5es (intergeracionalidade) e Caleidosc\u00f3pio (religiosidade e regionalismos).<\/p>\n<p>A empresa \u00e9, desde 2021, uma das associadas do MOVER, o Movimento pela Equidade Racial. As 49 empresas participantes assumiram juntas o compromisso de aumentar a participa\u00e7\u00e3o de profissionais negros em seus quadros &#8211; atuam com a meta de atingir 10 mil cargos de lideran\u00e7a ocupados por pessoas pretas e pardas at\u00e9 2030 e de gerar oportunidades para outras tr\u00eas milh\u00f5es de pessoas pretas e pardas.<\/p>\n<p>O objetivo espec\u00edfico do UnitedHealth Group Brasil dentro do compromisso maior do MOVER \u00e9 de ter 384 novas pessoas negras em cargos de lideran\u00e7a at\u00e9 2030. Para alcan\u00e7\u00e1-lo, os l\u00edderes da empresa receberam metas de Inclus\u00e3o e Diversidade que necessitam cumprir. Para cargos que v\u00e3o da grade 29 \u00e0 grade 32, 50% de todas as contrata\u00e7\u00f5es realizadas neste ano de 2023, sejam por recrutamento interno ou externo, precisar\u00e3o ser de um grupo diverso: + 50, pessoas pretas ou pardas (autodeclaradas), mulheres, pessoas com defici\u00eancia ou LGBTQIAPN+. J\u00e1 para cargos do Executive Level Team (ELT), 75% de todas as contrata\u00e7\u00f5es de 2023 precisar\u00e3o ser de um grupo diverso.<\/p>\n<\/p>\n<p>Website: <a target='_blank' href='http:\/\/www.unitedhealthgroup.com' rel=\"follow noopener\">http:\/\/www.unitedhealthgroup.com<\/a><img src='https:\/\/api.dino.com.br\/v2\/news\/tr\/279113' alt='' style='border:0px;width:1px;height:1px' \/><br \/>\nA <b>OESP<\/b> n\u00e3o \u00e9(s\u00e3o) respons\u00e1vel(is) por erros, incorre\u00e7\u00f5es, atrasos ou quaisquer decis\u00f5es tomadas por seus clientes com base nos Conte\u00fados ora disponibilizados, bem como tais Conte\u00fados n\u00e3o representam a opini\u00e3o da <b>OESP<\/b> e s\u00e3o de inteira responsabilidade da <b>Dino Divulgador de Noticias Online Ltda<\/b><\/p>\n","protected":false},"excerpt":{"rendered":"DINO DIVULGADOR DE NOT\u00cdCIAS S\u00e3o Paulo, SP&#8211;(DINO &#8211; 15 ago, 2023) &#8211; A\u00e7\u00f5es de Inclus\u00e3o e de Diversidade fomentam uma maior pluralidade nas institui\u00e7\u00f5es, segundo revela o estudo","protected":false},"author":1,"featured_media":70617,"comment_status":"open","ping_status":"closed","sticky":false,"template":"","format":"standard","meta":{"_acf_changed":false,"inline_featured_image":false,"_monsterinsights_skip_tracking":false,"_monsterinsights_sitenote_active":false,"_monsterinsights_sitenote_note":"","_monsterinsights_sitenote_category":0,"footnotes":""},"categories":[34],"tags":[],"class_list":["post-70616","post","type-post","status-publish","format-standard","has-post-thumbnail","hentry","category-releases-geral"],"acf":[],"_links":{"self":[{"href":"https:\/\/bluestudio.estadao.com.br\/agencia-de-comunicacao\/wp-json\/wp\/v2\/posts\/70616","targetHints":{"allow":["GET"]}}],"collection":[{"href":"https:\/\/bluestudio.estadao.com.br\/agencia-de-comunicacao\/wp-json\/wp\/v2\/posts"}],"about":[{"href":"https:\/\/bluestudio.estadao.com.br\/agencia-de-comunicacao\/wp-json\/wp\/v2\/types\/post"}],"author":[{"embeddable":true,"href":"https:\/\/bluestudio.estadao.com.br\/agencia-de-comunicacao\/wp-json\/wp\/v2\/users\/1"}],"replies":[{"embeddable":true,"href":"https:\/\/bluestudio.estadao.com.br\/agencia-de-comunicacao\/wp-json\/wp\/v2\/comments?post=70616"}],"version-history":[{"count":0,"href":"https:\/\/bluestudio.estadao.com.br\/agencia-de-comunicacao\/wp-json\/wp\/v2\/posts\/70616\/revisions"}],"wp:featuredmedia":[{"embeddable":true,"href":"https:\/\/bluestudio.estadao.com.br\/agencia-de-comunicacao\/wp-json\/wp\/v2\/media\/70617"}],"wp:attachment":[{"href":"https:\/\/bluestudio.estadao.com.br\/agencia-de-comunicacao\/wp-json\/wp\/v2\/media?parent=70616"}],"wp:term":[{"taxonomy":"category","embeddable":true,"href":"https:\/\/bluestudio.estadao.com.br\/agencia-de-comunicacao\/wp-json\/wp\/v2\/categories?post=70616"},{"taxonomy":"post_tag","embeddable":true,"href":"https:\/\/bluestudio.estadao.com.br\/agencia-de-comunicacao\/wp-json\/wp\/v2\/tags?post=70616"}],"curies":[{"name":"wp","href":"https:\/\/api.w.org\/{rel}","templated":true}]}}