{"id":70588,"date":"2023-08-15T10:49:00","date_gmt":"2023-08-15T13:49:00","guid":{"rendered":"https:\/\/bluestudio.estadao.com.br\/agencia-de-comunicacao\/releases\/releases-geral\/socialtalk-busca-ampliar-o-acesso-a-influenciadores-digitais\/"},"modified":"2023-08-15T10:49:00","modified_gmt":"2023-08-15T13:49:00","slug":"socialtalk-busca-ampliar-o-acesso-a-influenciadores-digitais","status":"publish","type":"post","link":"https:\/\/bluestudio.estadao.com.br\/agencia-de-comunicacao\/releases\/releases-geral\/socialtalk-busca-ampliar-o-acesso-a-influenciadores-digitais\/","title":{"rendered":"SocialTalk busca ampliar o acesso a influenciadores digitais"},"content":{"rendered":"<p><b>DINO DIVULGADOR DE NOT\u00cdCIAS<\/b><\/p>\n<p>S\u00e3o Paulo, SP&#8211;(<a target='_blank' href='http:\/\/www.dino.com.br' rel=\"noopener\">DINO<\/a> &#8211; 15 ago, 2023) &#8211;<br \/>\nO uso de influenciadores digitais para tornar marcas e produtos conhecidos e despertar o desejo de compra dentro de um segmento de p\u00fablico j\u00e1 \u00e9 uma estrat\u00e9gia comum para grandes empresas, que destinam verbas consider\u00e1veis para o canal digital h\u00e1 anos.&nbsp;O investimento em publicidade digital no Brasil <a rel=\"follow noopener\" target='_blank' href='https:\/\/www.meioemensagem.com.br\/midia\/publicidade-digital-alcancou-r-324-bilhoes-em-2022' data-mce-target='_blank'>alcan\u00e7ou os R$ 32,4 bilh\u00f5es em 2022<\/a>, de acordo com o Digital Ad Spend, relat\u00f3rio elaborado pelo IAB Brasil, realizado em parceria com a Kantar Ibope Media.<\/p>\n<p>Mas os altos custos de contrata\u00e7\u00e3o das chamadas web celebridades e as restri\u00e7\u00f5es or\u00e7ament\u00e1rias impostas por um mercado aquecido de provedores de servi\u00e7os e ferramentas podem deixar uma grande parte do mercado restrita a t\u00e1ticas menos onerosas, como a oferta de an\u00fancios em sites de busca, os chamados links patrocinados, e a publicidade tradicional das redes sociais.<\/p>\n<p>Com a miss\u00e3o de mudar esse cen\u00e1rio, a europeia&nbsp;<a rel=\"follow noopener\" target='_blank' href='https:\/\/socialtalk.io' data-mce-target='_blank'>SocialTalk<\/a> desembarca no Brasil em agosto apresentando uma plataforma que j\u00e1 ajudou desde marcas como Zara e Nestl\u00e9 at\u00e9 pequenos neg\u00f3cios locais a implementarem suas a\u00e7\u00f5es de marketing de influ\u00eancia ? ou influencer marketing ? com foco em efici\u00eancia de custos e escalabilidade. &#8216;A ideia \u00e9 permitir que pequenos e m\u00e9dios neg\u00f3cios que j\u00e1 anunciam em sites como Google e Facebook, agora tamb\u00e9m possam criar suas campanhas com nano e microinfluenciadores, algo imposs\u00edvel sem o uso de tecnologia&#8217;, diz Francisco Ascens\u00e3o, CEO da SocialTalk.<\/p>\n<p>N\u00e3o \u00e9 de hoje que o Brasil apresenta n\u00fameros expressivos de uso das redes sociais. H\u00e1 mais de uma d\u00e9cada, o pa\u00eds sempre aparece entre os l\u00edderes globais em n\u00famero de usu\u00e1rios e engajamento, em parte explicado pela crescente penetra\u00e7\u00e3o da internet, que j\u00e1 passou de 90% de acordo com a <a rel=\"follow noopener\" target='_blank' href='https:\/\/www.gov.br\/casacivil\/pt-br\/assuntos\/noticias\/2022\/setembro\/90-dos-lares-brasileiros-ja-tem-acesso-a-internet-no-brasil-aponta-pesquisa' data-mce-target='_blank'>Pesquisa Nacional por Amostra de Domic\u00edlios<\/a> divulgada no ano passado.<\/p>\n<p>Segundo <a rel=\"follow noopener\" target='_blank' href='https:\/\/valorinveste.globo.com\/mercados\/brasil-e-politica\/noticia\/2022\/07\/29\/brasil-lidera-mercado-de-influenciadores.ghtml' data-mce-target='_blank'>estudo da consultoria Nielsen<\/a> de 2022, o Brasil tem em torno de 10,5 milh\u00f5es de influenciadores apenas no Instagram, mais que em qualquer outro pa\u00eds do mundo. Isso equivale a oito vezes o n\u00famero de advogados ou quase 20 vezes o n\u00famero de m\u00e9dicos brasileiros, segundo dados da Ordem dos Advogados do Brasil (<a rel=\"follow noopener\" target='_blank' href='https:\/\/www.oab.org.br' data-mce-target='_blank'>OAB<\/a>) e do Conselho Federal de Medicina (<a rel=\"follow noopener\" target='_blank' href='https:\/\/portal.cfm.org.br' data-mce-target='_blank'>CFM<\/a>).<\/p>\n<p>&#8216;Chega a ser ir\u00f4nico o fato de que um dos maiores seleiros de memes e a\u00e7\u00f5es virais do mundo como o Brasil, um pa\u00eds continental, ainda n\u00e3o se abriu de forma efetiva para a grande oportunidade do marketing de influ\u00eancia local&#8217;, diz Miguel Dorneles, l\u00edder da expans\u00e3o brasileira da SocialTalk. &#8216;Faltava uma solu\u00e7\u00e3o que inclu\u00edsse esses pequenos e m\u00e9dios neg\u00f3cios na equa\u00e7\u00e3o da m\u00eddia social. Enquanto os an\u00fancios ficam mais caros, o poder dos microinfluenciadores \u00e9 uma alternativa de ouro para essas empresas&#8217;, completa.<\/p>\n<p>Miguel Dorneles n\u00e3o \u00e9 um estranho ao tema. Em 2009 foi protagonista na opera\u00e7\u00e3o de expans\u00e3o do Facebook para o Brasil, antes de estabelecerem um escrit\u00f3rio local. J\u00e1 em 2012 foi respons\u00e1vel por trazer a Zynga \u00e0 Am\u00e9rica Latina, famosa empresa de games do mundo p\u00f3s-Facebook. Em ambos os desafios, o foco era em grandes anunciantes e ag\u00eancias de publicidade. Desta vez, espera contribuir para uma miss\u00e3o ainda mais ambiciosa.<\/p>\n<p>&#8216;Quando voc\u00ea introduz um produto que j\u00e1 \u00e9 conhecido pelo mercado, metade do trabalho j\u00e1 est\u00e1 feito. Com a SocialTalk vamos ter que apresentar uma possibilidade nova para essa base da pir\u00e2mide, al\u00e9m de mostrar os nossos diferenciais para as ag\u00eancias e marcas j\u00e1 familiares ao tema, como o pre\u00e7o agressivo e as funcionalidades exclusivas, como o Overlapping, que permite ver a sobreposi\u00e7\u00e3o de audi\u00eancias, ou o uso de IA para recomendar perfis em afinidade com os p\u00fablicos das marcas&#8217;, conclui Miguel.<\/p>\n<p>A <a rel=\"follow noopener\" target='_blank' href='https:\/\/socialtalk.io' data-mce-target='_blank'>SocialTalk<\/a> lan\u00e7ou na \u00faltima semana a vers\u00e3o em portugu\u00eas do seu site e j\u00e1 permite que usu\u00e1rios brasileiros testem a plataforma gratuitamente.<\/p>\n<p>Para saber mais, basta acessar: <a rel=\"follow noopener\" target='_blank' href='https:\/\/socialtalk.io\/' data-mce-target='_blank'>https:\/\/socialtalk.io<\/a><\/p>\n<p>Website: <a target='_blank' href='https:\/\/socialtalk.io' rel=\"follow noopener\">https:\/\/socialtalk.io<\/a><img src='https:\/\/api.dino.com.br\/v2\/news\/tr\/292329' alt='' style='border:0px;width:1px;height:1px' \/><br \/>\nA <b>OESP<\/b> n\u00e3o \u00e9(s\u00e3o) respons\u00e1vel(is) por erros, incorre\u00e7\u00f5es, atrasos ou quaisquer decis\u00f5es tomadas por seus clientes com base nos Conte\u00fados ora disponibilizados, bem como tais Conte\u00fados n\u00e3o representam a opini\u00e3o da <b>OESP<\/b> e s\u00e3o de inteira responsabilidade da <b>Dino Divulgador de Noticias Online Ltda<\/b><\/p>\n","protected":false},"excerpt":{"rendered":"DINO DIVULGADOR DE NOT\u00cdCIAS S\u00e3o Paulo, SP&#8211;(DINO &#8211; 15 ago, 2023) &#8211; O uso de influenciadores digitais para tornar marcas e produtos conhecidos e despertar o desejo de compra dentro","protected":false},"author":1,"featured_media":70589,"comment_status":"open","ping_status":"closed","sticky":false,"template":"","format":"standard","meta":{"_acf_changed":false,"inline_featured_image":false,"_monsterinsights_skip_tracking":false,"_monsterinsights_sitenote_active":false,"_monsterinsights_sitenote_note":"","_monsterinsights_sitenote_category":0,"footnotes":""},"categories":[34],"tags":[],"class_list":["post-70588","post","type-post","status-publish","format-standard","has-post-thumbnail","hentry","category-releases-geral"],"acf":[],"_links":{"self":[{"href":"https:\/\/bluestudio.estadao.com.br\/agencia-de-comunicacao\/wp-json\/wp\/v2\/posts\/70588","targetHints":{"allow":["GET"]}}],"collection":[{"href":"https:\/\/bluestudio.estadao.com.br\/agencia-de-comunicacao\/wp-json\/wp\/v2\/posts"}],"about":[{"href":"https:\/\/bluestudio.estadao.com.br\/agencia-de-comunicacao\/wp-json\/wp\/v2\/types\/post"}],"author":[{"embeddable":true,"href":"https:\/\/bluestudio.estadao.com.br\/agencia-de-comunicacao\/wp-json\/wp\/v2\/users\/1"}],"replies":[{"embeddable":true,"href":"https:\/\/bluestudio.estadao.com.br\/agencia-de-comunicacao\/wp-json\/wp\/v2\/comments?post=70588"}],"version-history":[{"count":0,"href":"https:\/\/bluestudio.estadao.com.br\/agencia-de-comunicacao\/wp-json\/wp\/v2\/posts\/70588\/revisions"}],"wp:featuredmedia":[{"embeddable":true,"href":"https:\/\/bluestudio.estadao.com.br\/agencia-de-comunicacao\/wp-json\/wp\/v2\/media\/70589"}],"wp:attachment":[{"href":"https:\/\/bluestudio.estadao.com.br\/agencia-de-comunicacao\/wp-json\/wp\/v2\/media?parent=70588"}],"wp:term":[{"taxonomy":"category","embeddable":true,"href":"https:\/\/bluestudio.estadao.com.br\/agencia-de-comunicacao\/wp-json\/wp\/v2\/categories?post=70588"},{"taxonomy":"post_tag","embeddable":true,"href":"https:\/\/bluestudio.estadao.com.br\/agencia-de-comunicacao\/wp-json\/wp\/v2\/tags?post=70588"}],"curies":[{"name":"wp","href":"https:\/\/api.w.org\/{rel}","templated":true}]}}