{"id":70423,"date":"2023-08-11T13:49:00","date_gmt":"2023-08-11T16:49:00","guid":{"rendered":"https:\/\/bluestudio.estadao.com.br\/agencia-de-comunicacao\/releases\/releases-geral\/dia-do-cardiologista-e-comemorado-em-14-de-agosto\/"},"modified":"2023-08-11T13:49:00","modified_gmt":"2023-08-11T16:49:00","slug":"dia-do-cardiologista-e-comemorado-em-14-de-agosto","status":"publish","type":"post","link":"https:\/\/bluestudio.estadao.com.br\/agencia-de-comunicacao\/releases\/releases-geral\/dia-do-cardiologista-e-comemorado-em-14-de-agosto\/","title":{"rendered":"Dia do cardiologista \u00e9 comemorado em 14 de agosto"},"content":{"rendered":"<p><b>DINO DIVULGADOR DE NOT\u00cdCIAS<\/b><\/p>\n<p>(<a target='_blank' href='http:\/\/www.dino.com.br' rel=\"noopener\">DINO<\/a> &#8211; 11 ago, 2023) &#8211;<br \/>\nA pr&oacute;xima segunda-feira, 14 de agosto, marca o Dia do cardiologista. A data foi estabelecida pela <a rel=\"follow noopener\" target='_blank' href='https:\/\/www.portal.cardiol.br\/post\/dia-do-cardiologista'>Sociedade Brasileira de Cardiologia<\/a> (SBC) em 2007, como uma forma de valorizar este profissional e relembrar a import&acirc;ncia da sa&uacute;de do cora&ccedil;&atilde;o, al&eacute;m de coincidir com a funda&ccedil;&atilde;o da pr&oacute;pria SBC, em 1943. A sa&uacute;de do cora&ccedil;&atilde;o &eacute; um assunto que merece aten&ccedil;&atilde;o, pois as doen&ccedil;as cardiovasculares s&atilde;o a principal causa de morte no Brasil e no mundo, segundo <a rel=\"follow noopener\" target='_blank' href='https:\/\/www.portal.cardiol.br\/post\/aumenta-o-n%C3%BAmero-de-mortes-por-doen%C3%A7as-cardiovasculares-no-primeiro-semestre-de-2021'>dados da pr&oacute;pria sociedade<\/a>. Cerca de 14 milh&otilde;es de brasileiros t&ecirc;m alguma doen&ccedil;a no cora&ccedil;&atilde;o e cerca de 400 mil morrem por ano em decorr&ecirc;ncia dessas enfermidades, o que corresponde a 30% de todas as mortes no pa&iacute;s. Por isso se faz t&atilde;o importante o h&aacute;bito de se consultar com o especialista em sa&uacute;de do cora&ccedil;&atilde;o e dos vasos sangu&iacute;neos.<\/p>\n<p>O cardiologista &eacute; o profissional que pode identificar, prevenir e tratar problemas card&iacute;acos, como arritmias, press&atilde;o alta, infarto, insufici&ecirc;ncia card&iacute;aca, entre outros. Ele tamb&eacute;m pode orientar sobre os fatores de risco e os h&aacute;bitos saud&aacute;veis que podem proteger o cora&ccedil;&atilde;o, como alimenta&ccedil;&atilde;o equilibrada, atividade f&iacute;sica regular, controle do estresse e do tabagismo.<\/p>\n<p>&ldquo;Para viver uma vida saud&aacute;vel e plena, &eacute; fundamental investir em cuidados com a sa&uacute;de em geral, mas principalmente, com o cora&ccedil;&atilde;o&rdquo;, lembra o Dr. Rizzieri Gomes, m&eacute;dico cardiologista, focado na mudan&ccedil;a do estilo de vida (MEV) de seus pacientes. &ldquo;Vale sempre lembrar que trata-se do &oacute;rg&atilde;o que bombeia sangue para todo o organismo, logo, &eacute; ele que mant&eacute;m a vida das pessoas&rdquo;, acrescenta.<\/p>\n<p>A consulta com o cardiologista &eacute; indicada principalmente quando a pessoa apresenta sintomas como dor no peito, palpita&ccedil;&otilde;es, falta de ar, cansa&ccedil;o excessivo, tonturas ou desmaios. Al&eacute;m disso, &eacute; recomendado fazer uma avalia&ccedil;&atilde;o cardiol&oacute;gica anualmente a partir dos 45 anos para os homens e dos 50 anos para as mulheres, ou antes se houver hist&oacute;rico familiar de doen&ccedil;as cardiovasculares.<\/p>\n<p>O cardiologista pode solicitar e realizar diversos exames para verificar o funcionamento do cora&ccedil;&atilde;o, como eletrocardiograma, ecocardiograma, teste ergom&eacute;trico e resson&acirc;ncia magn&eacute;tica. Esses exames podem detectar altera&ccedil;&otilde;es nas estruturas, no ritmo e na fun&ccedil;&atilde;o do cora&ccedil;&atilde;o, al&eacute;m de avaliar o fluxo sangu&iacute;neo nas art&eacute;rias coron&aacute;rias.<\/p>\n<p>Ao se consultar com um cardiologista, pode-se obter um diagn&oacute;stico preciso e um tratamento adequado para cada condi&ccedil;&atilde;o, al&eacute;m de receber orienta&ccedil;&otilde;es personalizadas sobre como cuidar melhor da sa&uacute;de cardiovascular e evitar complica&ccedil;&otilde;es futuras.&nbsp;<\/p>\n<p>Um momento apontado pelo Dr. Rizzieri como uma ferramenta poderosa para detectar problemas card&iacute;acos precocemente &eacute; prestar aten&ccedil;&atilde;o ao corpo durante a pr&aacute;tica de exerc&iacute;cios f&iacute;sicos. Segundo o especialista, estes s&atilde;o cinco sintomas que podem indicar problemas card&iacute;acos durante o esfor&ccedil;o f&iacute;sico:<\/p>\n<p>1 &#8211; Dor ou desconforto no peito: &eacute; preciso ficar atento(a) a sensa&ccedil;&otilde;es de aperto, press&atilde;o ou queima&ccedil;&atilde;o.<\/p>\n<p>2 &#8211; Falta de ar: a sensa&ccedil;&atilde;o de estar ofegante mesmo com um esfor&ccedil;o leve pode ser um sinal de alerta.<\/p>\n<p>3 &#8211; Palpita&ccedil;&otilde;es: um ritmo card&iacute;aco irregular ou acelerado durante o exerc&iacute;cio.<\/p>\n<p>4 &#8211; Tontura ou desmaio: sentir vertigem ou desmaiar durante o esfor&ccedil;o f&iacute;sico.<\/p>\n<p>5 &#8211; Fadiga extrema: a sensa&ccedil;&atilde;o de esgotamento rapidamente, mesmo em atividades moderadas, merece aten&ccedil;&atilde;o.<\/p>\n<p>A <b>OESP<\/b> n\u00e3o \u00e9(s\u00e3o) respons\u00e1vel(is) por erros, incorre\u00e7\u00f5es, atrasos ou quaisquer decis\u00f5es tomadas por seus clientes com base nos Conte\u00fados ora disponibilizados, bem como tais Conte\u00fados n\u00e3o representam a opini\u00e3o da <b>OESP<\/b> e s\u00e3o de inteira responsabilidade da <b>Dino Divulgador de Noticias Online Ltda<\/b><\/p>\n","protected":false},"excerpt":{"rendered":"DINO DIVULGADOR DE NOT\u00cdCIAS (DINO &#8211; 11 ago, 2023) &#8211; A pr&oacute;xima segunda-feira, 14 de agosto, marca o Dia do cardiologista. A data foi estabelecida pela Sociedade Brasileira de","protected":false},"author":1,"featured_media":70424,"comment_status":"open","ping_status":"closed","sticky":false,"template":"","format":"standard","meta":{"_acf_changed":false,"inline_featured_image":false,"_monsterinsights_skip_tracking":false,"_monsterinsights_sitenote_active":false,"_monsterinsights_sitenote_note":"","_monsterinsights_sitenote_category":0,"footnotes":""},"categories":[34],"tags":[],"class_list":["post-70423","post","type-post","status-publish","format-standard","has-post-thumbnail","hentry","category-releases-geral"],"acf":[],"_links":{"self":[{"href":"https:\/\/bluestudio.estadao.com.br\/agencia-de-comunicacao\/wp-json\/wp\/v2\/posts\/70423","targetHints":{"allow":["GET"]}}],"collection":[{"href":"https:\/\/bluestudio.estadao.com.br\/agencia-de-comunicacao\/wp-json\/wp\/v2\/posts"}],"about":[{"href":"https:\/\/bluestudio.estadao.com.br\/agencia-de-comunicacao\/wp-json\/wp\/v2\/types\/post"}],"author":[{"embeddable":true,"href":"https:\/\/bluestudio.estadao.com.br\/agencia-de-comunicacao\/wp-json\/wp\/v2\/users\/1"}],"replies":[{"embeddable":true,"href":"https:\/\/bluestudio.estadao.com.br\/agencia-de-comunicacao\/wp-json\/wp\/v2\/comments?post=70423"}],"version-history":[{"count":0,"href":"https:\/\/bluestudio.estadao.com.br\/agencia-de-comunicacao\/wp-json\/wp\/v2\/posts\/70423\/revisions"}],"wp:featuredmedia":[{"embeddable":true,"href":"https:\/\/bluestudio.estadao.com.br\/agencia-de-comunicacao\/wp-json\/wp\/v2\/media\/70424"}],"wp:attachment":[{"href":"https:\/\/bluestudio.estadao.com.br\/agencia-de-comunicacao\/wp-json\/wp\/v2\/media?parent=70423"}],"wp:term":[{"taxonomy":"category","embeddable":true,"href":"https:\/\/bluestudio.estadao.com.br\/agencia-de-comunicacao\/wp-json\/wp\/v2\/categories?post=70423"},{"taxonomy":"post_tag","embeddable":true,"href":"https:\/\/bluestudio.estadao.com.br\/agencia-de-comunicacao\/wp-json\/wp\/v2\/tags?post=70423"}],"curies":[{"name":"wp","href":"https:\/\/api.w.org\/{rel}","templated":true}]}}