{"id":70398,"date":"2023-08-11T11:54:00","date_gmt":"2023-08-11T14:54:00","guid":{"rendered":"https:\/\/bluestudio.estadao.com.br\/agencia-de-comunicacao\/releases\/releases-geral\/qualidade-do-sono-impulsiona-inovacoes-no-setor-de-industria\/"},"modified":"2023-08-11T11:54:00","modified_gmt":"2023-08-11T14:54:00","slug":"qualidade-do-sono-impulsiona-inovacoes-no-setor-de-industria","status":"publish","type":"post","link":"https:\/\/bluestudio.estadao.com.br\/agencia-de-comunicacao\/releases\/releases-geral\/qualidade-do-sono-impulsiona-inovacoes-no-setor-de-industria\/","title":{"rendered":"Qualidade do sono impulsiona inova\u00e7\u00f5es no setor de ind\u00fastria"},"content":{"rendered":"<p><b>DINO DIVULGADOR DE NOT\u00cdCIAS<\/b><\/p>\n<p>S\u00e3o Paulo&#8211;(<a target='_blank' href='http:\/\/www.dino.com.br' rel=\"noopener\">DINO<\/a> &#8211; 11 ago, 2023) &#8211;<br \/>\nA qualidade do sono vem despertando interesse nas ind\u00fastrias brasileiras de cama e colch\u00e3o que vem investindo fortemente em inova\u00e7\u00f5es e tecnologias empregadas que garantam mais conforto e benef\u00edcios ao sono dos brasileiros.<\/p>\n<p>Segundo relat\u00f3rio do instituto de pesquisa <a rel=\"follow noopener\" target='_blank' href='https:\/\/www.mordorintelligence.com\/pt\/industry-reports\/global-bed-and-bath-linen-market' data-mce-target='_blank'>Mordor Intelligence<\/a>, a roupa de cama \u00e9 a categoria l\u00edder e maior no mercado de t\u00eaxteis-lar na Am\u00e9rica Latina. O algod\u00e3o continua a ser o principal material para a confec\u00e7\u00e3o de t\u00eaxteis de cama e banho, no entanto, o mesmo relat\u00f3rio aponta uma crescente demanda por linho com materiais ecologicamente corretos e investimentos em tecnologias agregadas que oferecem repelente de manchas, secagem r\u00e1pida e antirrugas.<\/p>\n<p>&#8216;H\u00e1 alguns anos, o segmento era banalizado, n\u00e3o havia nem certifica\u00e7\u00e3o para colch\u00f5es. Hoje, as camas ganharam status de protagonistas do quarto; algumas t\u00eam at\u00e9 design assinado&#8217;, explica Thayse Freiberger, diretora de marketing da Bell&#8217;Arte Dreams, empresa especializada em camas, colch\u00f5es e travesseiros.<\/p>\n<p>Atualmente o mercado disp\u00f5e de diversas tecnologias no segmento, como edredons que se adequam \u00e0 temperatura corporal, tanto para o ver\u00e3o, como no inverno. &#8216;Esse tipo de tecnologia t\u00e9rmica funciona por meio da movimenta\u00e7\u00e3o humana durante o sono, provocada pela sensa\u00e7\u00e3o de frio\/calor e ela equilibra a temperatura, fazendo com que a pessoa durma com mais profundidade, sem a interfer\u00eancia do desconforto t\u00e9rmico&#8217;, explica Karen Jorge, consultora de produto da Mundo do Enxoval.<\/p>\n<p>Al\u00e9m de inova\u00e7\u00e3o, \u00e9 importante prezar pela qualidade das mat\u00e9rias primas, por exemplo. O diretor comercial Felipe Carniatto, da Artelass\u00ea, rede de lojas de enxovais de luxo, refor\u00e7a sobre a qualidade aliada ao conforto: &#8216;investir em bons materiais como o algod\u00e3o pima, pode facilitar a manuten\u00e7\u00e3o e resist\u00eancia do produto. Al\u00e9m disso, a qualidade das fibras permite que sejam alongadas, sem a necessidade de emendas, tornando o produto, como len\u00e7ol, mais dur\u00e1vel&#8217;.<\/p>\n<p>As tecnologias podem ser aliadas para uma melhor qualidade do sono, e para al\u00e9m do investimento, tamb\u00e9m \u00e9 recomendado seguir uma rotina de cuidados com a sa\u00fade como alimenta\u00e7\u00e3o equilibrada, exerc\u00edcios f\u00edsicos e higiene do sono, que s\u00e3o indicados pela cartilha informativa da Associa\u00e7\u00e3o Brasileira do Sono.<\/p>\n<\/p>\n<\/p>\n<p>A <b>OESP<\/b> n\u00e3o \u00e9(s\u00e3o) respons\u00e1vel(is) por erros, incorre\u00e7\u00f5es, atrasos ou quaisquer decis\u00f5es tomadas por seus clientes com base nos Conte\u00fados ora disponibilizados, bem como tais Conte\u00fados n\u00e3o representam a opini\u00e3o da <b>OESP<\/b> e s\u00e3o de inteira responsabilidade da <b>Dino Divulgador de Noticias Online Ltda<\/b><\/p>\n","protected":false},"excerpt":{"rendered":"DINO DIVULGADOR DE NOT\u00cdCIAS S\u00e3o Paulo&#8211;(DINO &#8211; 11 ago, 2023) &#8211; A qualidade do sono vem despertando interesse nas ind\u00fastrias brasileiras de cama e colch\u00e3o que vem investindo","protected":false},"author":1,"featured_media":70399,"comment_status":"open","ping_status":"closed","sticky":false,"template":"","format":"standard","meta":{"_acf_changed":false,"inline_featured_image":false,"_monsterinsights_skip_tracking":false,"_monsterinsights_sitenote_active":false,"_monsterinsights_sitenote_note":"","_monsterinsights_sitenote_category":0,"footnotes":""},"categories":[34],"tags":[],"class_list":["post-70398","post","type-post","status-publish","format-standard","has-post-thumbnail","hentry","category-releases-geral"],"acf":[],"_links":{"self":[{"href":"https:\/\/bluestudio.estadao.com.br\/agencia-de-comunicacao\/wp-json\/wp\/v2\/posts\/70398","targetHints":{"allow":["GET"]}}],"collection":[{"href":"https:\/\/bluestudio.estadao.com.br\/agencia-de-comunicacao\/wp-json\/wp\/v2\/posts"}],"about":[{"href":"https:\/\/bluestudio.estadao.com.br\/agencia-de-comunicacao\/wp-json\/wp\/v2\/types\/post"}],"author":[{"embeddable":true,"href":"https:\/\/bluestudio.estadao.com.br\/agencia-de-comunicacao\/wp-json\/wp\/v2\/users\/1"}],"replies":[{"embeddable":true,"href":"https:\/\/bluestudio.estadao.com.br\/agencia-de-comunicacao\/wp-json\/wp\/v2\/comments?post=70398"}],"version-history":[{"count":0,"href":"https:\/\/bluestudio.estadao.com.br\/agencia-de-comunicacao\/wp-json\/wp\/v2\/posts\/70398\/revisions"}],"wp:featuredmedia":[{"embeddable":true,"href":"https:\/\/bluestudio.estadao.com.br\/agencia-de-comunicacao\/wp-json\/wp\/v2\/media\/70399"}],"wp:attachment":[{"href":"https:\/\/bluestudio.estadao.com.br\/agencia-de-comunicacao\/wp-json\/wp\/v2\/media?parent=70398"}],"wp:term":[{"taxonomy":"category","embeddable":true,"href":"https:\/\/bluestudio.estadao.com.br\/agencia-de-comunicacao\/wp-json\/wp\/v2\/categories?post=70398"},{"taxonomy":"post_tag","embeddable":true,"href":"https:\/\/bluestudio.estadao.com.br\/agencia-de-comunicacao\/wp-json\/wp\/v2\/tags?post=70398"}],"curies":[{"name":"wp","href":"https:\/\/api.w.org\/{rel}","templated":true}]}}