{"id":70396,"date":"2023-08-11T11:43:00","date_gmt":"2023-08-11T14:43:00","guid":{"rendered":"https:\/\/bluestudio.estadao.com.br\/agencia-de-comunicacao\/prnewswire\/prnewseconomia\/guta-stresser-participa-de-campanha-para-divulgar-consulta-publica-que-avalia-incluir-novo-tratamento-para-esclerose-multipla-no-sus-3\/"},"modified":"2023-08-11T11:43:00","modified_gmt":"2023-08-11T14:43:00","slug":"guta-stresser-participa-de-campanha-para-divulgar-consulta-publica-que-avalia-incluir-novo-tratamento-para-esclerose-multipla-no-sus-3","status":"publish","type":"post","link":"https:\/\/bluestudio.estadao.com.br\/agencia-de-comunicacao\/prnewswire\/prnewseconomia\/guta-stresser-participa-de-campanha-para-divulgar-consulta-publica-que-avalia-incluir-novo-tratamento-para-esclerose-multipla-no-sus-3\/","title":{"rendered":"Guta Stresser participa de campanha para divulgar Consulta P\u00fablica que avalia incluir novo tratamento para esclerose m\u00faltipla no SUS"},"content":{"rendered":"<p><b>PR NEWSWIRE<\/b><\/p>\n<div class=\"xn-content\">\n<ul type=\"disc\">\n<li><i>At\u00e9 o dia 14\/08, qualquer brasileiro poder\u00e1 opinar sobre a inclus\u00e3o da cladribina oral no SUS para tratamento da esclerose m\u00faltipla;<\/i><\/li>\n<li><i>Atriz, diagnostica em 2021, \u00e9 embaixadora do movimento &#8220;Esclerose M\u00faltipla: sua opini\u00e3o pode mudar vidas #contribua&#8221;, realizado pela Merck e que visa mobilizar a sociedade e chamar a aten\u00e7\u00e3o para necessidades n\u00e3o atendidas dos pacientes<\/i><\/li>\n<\/ul>\n<p><span class=\"legendSpanClass\">S\u00c3O PAULO<\/span>, <span class=\"legendSpanClass\">11 de agosto de 2023<\/span> \/PRNewswire\/ &#8212; At\u00e9 o dia 14 de agosto, a\u00a0Comiss\u00e3o Nacional de Incorpora\u00e7\u00e3o de Novas Tecnologias (CONITEC) disponibiliza em seu site a <a href=\"https:\/\/www.gov.br\/participamaisbrasil\/consulta-publica-conitec-sectics-n-27-2023-opiniao-cladribina-oral-para-tratamento-de-pacientes-com-esclerose-multipla-remitente-recorrente-altamente-ativa\" target=\"_blank\" rel=\"nofollow noopener\">consulta p\u00fablica de n\u00ba 27\/2023<\/a>, para receber a opini\u00e3o dos brasileiros sobre a inclus\u00e3o da cladribina oral no Sistema \u00danico de Sa\u00fade (SUS). O medicamento, da Merck, foi aprovado pela Anvisa em 2019 para o tratamento de adultos com esclerose m\u00faltipla (EM) remitente recorrente altamente ativa, e j\u00e1 est\u00e1 dispon\u00edvel em sistemas p\u00fablicos de sa\u00fade de pelo menos 16 pa\u00edses. Em parecer inicial, a recomenda\u00e7\u00e3o da CONITEC foi desfavor\u00e1vel a inclus\u00e3o.<\/p>\n<p>A atriz <span class=\"xn-person\">Guta Stresser<\/span>, diagnosticada em 2021, est\u00e1 engajada na campanha <i>&#8220;Esclerose M\u00faltipla: sua opini\u00e3o pode mudar vidas #contribua&#8221;<\/i>, que visa chamar aten\u00e7\u00e3o sobre a import\u00e2ncia de expandir as possibilidades de tratamento com olhar para aqueles que hoje n\u00e3o t\u00eam suas necessidades atendidas pelo sistema p\u00fablico de sa\u00fade.\u00a0<\/p>\n<p>&#8220;Eu felizmente tenho respondido bem aos tratamentos dispon\u00edveis no SUS. Entretanto, essa infelizmente n\u00e3o \u00e9 a realidade de todos os brasileiros que convivem com a EM e pode inclusive n\u00e3o ser a minha no futuro, j\u00e1 que a esclerose m\u00faltipla \u00e9 uma doen\u00e7a cr\u00f4nica e complexa, que exige uma abordagem individualizada. Por isso, fa\u00e7o um convite \u00e0 sociedade para debatermos juntos a inclus\u00e3o de novas terapias no sistema p\u00fablico de sa\u00fade, com olhar para a disponibiliza\u00e7\u00e3o de mais op\u00e7\u00f5es de tratamento que respondam as necessidades hoje n\u00e3o atendidas de pessoas que como eu vivem com esclerose m\u00faltipla&#8221;, refor\u00e7a a embaixadora Guta.\u00a0<\/p>\n<p>A esclerose m\u00faltipla \u00e9 uma doen\u00e7a neurol\u00f3gica, autoimune e potencialmente incapacitante, que apresenta maior incid\u00eancia em mulheres entre 20 e 40 anos de idade.<sup>1<\/sup> Por ser uma doen\u00e7a que atinge diferentes \u00e1reas do sistema nervoso central, pode se apresentar em cada pessoa de maneira diferente e, normalmente, com mais de um sintoma no mesmo paciente. Os sintomas podem se manifestar e regredir ou causar danos permanentes, entre eles est\u00e3o cansa\u00e7o extremo e fraqueza muscular; dificuldades para andar; altera\u00e7\u00f5es na sensibilidade, como formigamento e dorm\u00eancia de bra\u00e7os e pernas; esquecimento ou confus\u00e3o mental; e perda de vis\u00e3o.<sup>2<\/sup><\/p>\n<p>&#8220;Nas \u00faltimas duas d\u00e9cadas, o tratamento da esclerose m\u00faltipla avan\u00e7ou significativamente, oferecendo novas perspectivas aos pacientes, que antes associavam o diagn\u00f3stico da EM a uma vida na cadeira de rodas. Hoje, o que buscamos oferecer \u00e9 um tratamento que permita aos pacientes seguirem ativos, estudando, trabalhando e se relacionando de acordo com o seu potencial e desejo. Para isso, precisamos considerar as realidades e particularidades de cada paciente, bem como a terapia mais adequada para cada subtipo e gravidade da EM&#8221;, explica Dra. <span class=\"xn-person\">Ana Claudia Piccolo<\/span>, neurologista e vice coordenadora do departamento cient\u00edfico de neuroimunologia da Academia Brasileira de Neurologia.\u00a0<\/p>\n<p>A cladribina oral \u00e9 uma terapia administrada por meio de comprimidos ao longo de 20 dias durante os primeiros dois anos de tratamento, com efic\u00e1cia sustentada por pelo menos quatro anos<sup>3<\/sup><sup>,4<\/sup>. Os estudos cl\u00ednicos realizados com o medicamento apontam que ele re\u00fane todos os requisitos de seguran\u00e7a, simplicidade de administra\u00e7\u00e3o, efic\u00e1cia e inova\u00e7\u00e3o em um \u00fanico tratamento, o que, at\u00e9 ent\u00e3o, n\u00e3o havia sido apresentado por outro tratamento para esclerose m\u00faltipla.<sup>5<\/sup><\/p>\n<p>Sua administra\u00e7\u00e3o simples e c\u00f4moda reduz o tempo e os custos p\u00fablicos gastos na administra\u00e7\u00e3o de medicamentos infusionais, que hoje s\u00e3o os \u00fanicos dispon\u00edveis no SUS para quem apresenta EM altamente ativa. Al\u00e9m disso, os ciclos curtos de tratamento em comprimidos tornam-se mais convenientes para os pacientes que moram afastados dos grandes centros de dispensa\u00e7\u00e3o e administra\u00e7\u00e3o de terapias infusionais ou injet\u00e1veis, permitindo que sigam sua rotina de trabalho e estudo, entre outras atividades pessoais.<\/p>\n<p><b>Como participar da Consulta P\u00fablica?<\/b><\/p>\n<p>Qualquer cidad\u00e3o com 18 anos ou mais pode contribuir dando sua opini\u00e3o sobre a inclus\u00e3o da cladribina oral no SUS. Basta acessar o site da CONITEC, procurar pela <a href=\"https:\/\/www.gov.br\/participamaisbrasil\/consulta-publica-conitec-sectics-n-27-2023-opiniao-cladribina-oral-para-tratamento-de-pacientes-com-esclerose-multipla-remitente-recorrente-altamente-ativa\" target=\"_blank\" rel=\"nofollow noopener\">consulta p\u00fablica n\u00ba 27\/2023<\/a> e seguir as orienta\u00e7\u00f5es da tela.<\/p>\n<p><b>Sobre MAVENCLAD<sup>&reg;<\/sup> (cladribina oral)\u00a0\u00a0 <\/b><br \/>MAVENCLAD<sup>&reg;<\/sup> \u00e9 primeiro tratamento oral de curta dura\u00e7\u00e3o que age com a\u00e7\u00e3o seletiva sobre os linf\u00f3citos B e T, seguidos de um padr\u00e3o definido de reconstitui\u00e7\u00e3o das c\u00e9lulas de defesa sem supress\u00e3o cont\u00ednua do sistema imunol\u00f3gico&sup3;<sub>.<\/sub><\/p>\n<p>Estudos recentes refor\u00e7aram a efic\u00e1cia sustentada ap\u00f3s 9-15 anos de acompanhamento de pacientes do programa de desenvolvimento cl\u00ednico de cladribina oral. Ao longo de uma mediana de 10,9 anos de acompanhamento de 435 pacientes, 90% n\u00e3o precisaram de cadeira de rodas, 81,2% n\u00e3o necessitaram de qualquer apoio para caminhar e 55,8% n\u00e3o precisaram fazer uso de nenhum outro medicamento para EM<sup>6<\/sup>.<\/p>\n<p>Em rela\u00e7\u00e3o \u00e0 seguran\u00e7a de longo prazo, dados p\u00f3s-aprova\u00e7\u00e3o n\u00e3o mostraram novo evento adverso relacionado a infec\u00e7\u00f5es, malignidade e leucoencefalopatia multifocal progressiva (LEMP), doen\u00e7a com alta taxa de mortalidade<sup>7<\/sup>.<\/p>\n<p><b>Sobre a Merck<\/b><\/p>\n<p>A Merck \u00e9 uma empresa l\u00edder em ci\u00eancia e tecnologia em Sa\u00fade, Life Science e Electronics. Cerca de 58.000 colaboradores trabalham para fazer uma diferen\u00e7a positiva na vida de milh\u00f5es de pessoas todos os dias, criando maneiras de viver mais qualitativas e sustent\u00e1veis. Desde o avan\u00e7o das tecnologias de edi\u00e7\u00e3o de genes e a descoberta de maneiras \u00fanicas de tratar as doen\u00e7as mais desafiadoras at\u00e9 a viabiliza\u00e7\u00e3o do uso da intelig\u00eancia dos dispositivos, a Merck est\u00e1 presente. Em 2021, a Merck gerou vendas de ? 19,7 bilh\u00f5es em 66 pa\u00edses.<\/p>\n<p>A explora\u00e7\u00e3o cient\u00edfica e o empreendedorismo respons\u00e1vel foram essenciais para os avan\u00e7os tecnol\u00f3gicos e cient\u00edficos da Merck. Foi assim que a empresa prosperou desde a sua funda\u00e7\u00e3o em 1668. A fam\u00edlia fundadora continua sendo a propriet\u00e1ria majorit\u00e1ria da empresa de capital aberto. A Merck det\u00e9m os direitos globais do nome e da marca Merck, com exce\u00e7\u00e3o dos Estados Unidos e Canad\u00e1, onde os setores de neg\u00f3cios da Merck operam como EMD Serono na \u00e1rea da sa\u00fade, MilliporeSigma em ci\u00eancias da vida e EMD\u00a0Electronics. Para saber mais, acesse<a href=\"http:\/\/www.merck.com.br\/\" target=\"_blank\" rel=\"nofollow noopener\"> www.merck.com.br<\/a> e siga-nos no <a href=\"https:\/\/www.facebook.com\/grupomerckbrasil\" target=\"_blank\" rel=\"nofollow noopener\">Facebook<\/a> (@grupomerckbrasil), <a href=\"https:\/\/www.instagram.com\/merckbrasil\/\" target=\"_blank\" rel=\"nofollow noopener\">Instagram<\/a> (@merckbrasil) e LinkedIn (Merck Brasil).<\/p>\n<p><sup>1<\/sup> Federa\u00e7\u00e3o Internacional de Esclerose M\u00faltipla. <a href=\"https:\/\/www.msif.org\/about-us\/who-we-are-and-what-we-do\/advocacy\/atlas\/atlas-of-ms-faqs\/\" rel=\"nofollow\">https:\/\/www.msif.org\/about-us\/who-we-are-and-what-we-do\/advocacy\/atlas\/atlas-of-ms-faqs\/<\/a> (Acesso em abril de 2023)<br \/><sup>2<\/sup> Minist\u00e9rio da Sa\u00fade <a href=\"https:\/\/bvsms.saude.gov.br\/eu-me-conecto-nos-nos-conectamos-30-5-dia-mundial-da-esclerose-multipla\/\" rel=\"nofollow\">https:\/\/bvsms.saude.gov.br\/eu-me-conecto-nos-nos-conectamos-30-5-dia-mundial-da-esclerose-multipla\/<\/a> (Acesso em abril de 2023)<br \/><sup>3<\/sup> MAVENCLAD&trade; Product Monograph. <span class=\"xn-chron\">November 2017<\/span>.<br \/><sup>4<\/sup> Minist\u00e9rio da Sa\u00fade, Conitec, Bula, Mavenclad. Dispon\u00edvel em: <a href=\"https:\/\/www.gov.br\/conitec\/pt-br\/midias\/consultas\/dossie\/2022\/20220414_dossie_mavenclad-cp23.pdf\" target=\"_blank\" rel=\"nofollow noopener\">https:\/\/www.gov.br\/conitec\/pt-br\/midias\/consultas\/dossie\/2022\/20220414_dossie_mavenclad-cp23.pdf<\/a> (Acesso em maio 2023)<br \/><sup>5<\/sup> Giovannoni G. Cladribine to Treat Relapsing Forms of Multiple Sclerosis. Neurotherapeutics. <span class=\"xn-chron\">November 2017<\/span><br \/><sup>6<\/sup> Giovannoni G et al. ECTRIMS 2021 [P975]<br \/><sup>7<\/sup>\u00a0Giovannoni G et Al. Presented at ECTRIMS 2021 [P766]<\/p>\n<p>FONTE  Merck<\/p>\n<\/div>\n<p><img decoding=\"async\" alt=\"\" src=\"https:\/\/rt.prnewswire.com\/rt.gif?NewsItemId=PT80049&amp;Transmission_Id=202308091300PR_NEWS_LATAM____PT80049&amp;DateId=20230811\" style=\"border:0px;width:1px;height:1px\" \/><\/p>\n<p>A <b>OESP<\/b> n\u00e3o \u00e9(s\u00e3o) respons\u00e1vel(is) por erros, incorre\u00e7\u00f5es, atrasos ou quaisquer decis\u00f5es tomadas por seus clientes com base nos Conte\u00fados ora disponibilizados, bem como tais Conte\u00fados n\u00e3o representam a opini\u00e3o da <b>OESP<\/b> e s\u00e3o de inteira responsabilidade da <b>PR Newswire Ltda<\/b><\/p>\n","protected":false},"excerpt":{"rendered":"PR NEWSWIRE At\u00e9 o dia 14\/08, qualquer brasileiro poder\u00e1 opinar sobre a inclus\u00e3o da cladribina oral no SUS para tratamento da esclerose m\u00faltipla; Atriz, diagnostica em 2021, \u00e9 embaixadora do","protected":false},"author":1,"featured_media":70397,"comment_status":"open","ping_status":"closed","sticky":false,"template":"","format":"standard","meta":{"_acf_changed":false,"inline_featured_image":false,"_monsterinsights_skip_tracking":false,"_monsterinsights_sitenote_active":false,"_monsterinsights_sitenote_note":"","_monsterinsights_sitenote_category":0,"footnotes":""},"categories":[29],"tags":[],"class_list":["post-70396","post","type-post","status-publish","format-standard","has-post-thumbnail","hentry","category-prnewseconomia"],"acf":[],"_links":{"self":[{"href":"https:\/\/bluestudio.estadao.com.br\/agencia-de-comunicacao\/wp-json\/wp\/v2\/posts\/70396","targetHints":{"allow":["GET"]}}],"collection":[{"href":"https:\/\/bluestudio.estadao.com.br\/agencia-de-comunicacao\/wp-json\/wp\/v2\/posts"}],"about":[{"href":"https:\/\/bluestudio.estadao.com.br\/agencia-de-comunicacao\/wp-json\/wp\/v2\/types\/post"}],"author":[{"embeddable":true,"href":"https:\/\/bluestudio.estadao.com.br\/agencia-de-comunicacao\/wp-json\/wp\/v2\/users\/1"}],"replies":[{"embeddable":true,"href":"https:\/\/bluestudio.estadao.com.br\/agencia-de-comunicacao\/wp-json\/wp\/v2\/comments?post=70396"}],"version-history":[{"count":0,"href":"https:\/\/bluestudio.estadao.com.br\/agencia-de-comunicacao\/wp-json\/wp\/v2\/posts\/70396\/revisions"}],"wp:featuredmedia":[{"embeddable":true,"href":"https:\/\/bluestudio.estadao.com.br\/agencia-de-comunicacao\/wp-json\/wp\/v2\/media\/70397"}],"wp:attachment":[{"href":"https:\/\/bluestudio.estadao.com.br\/agencia-de-comunicacao\/wp-json\/wp\/v2\/media?parent=70396"}],"wp:term":[{"taxonomy":"category","embeddable":true,"href":"https:\/\/bluestudio.estadao.com.br\/agencia-de-comunicacao\/wp-json\/wp\/v2\/categories?post=70396"},{"taxonomy":"post_tag","embeddable":true,"href":"https:\/\/bluestudio.estadao.com.br\/agencia-de-comunicacao\/wp-json\/wp\/v2\/tags?post=70396"}],"curies":[{"name":"wp","href":"https:\/\/api.w.org\/{rel}","templated":true}]}}