{"id":70187,"date":"2023-08-09T16:14:00","date_gmt":"2023-08-09T19:14:00","guid":{"rendered":"https:\/\/bluestudio.estadao.com.br\/agencia-de-comunicacao\/releases\/releases-geral\/especialista-fala-sobre-os-desafios-da-depressao\/"},"modified":"2023-08-09T16:14:00","modified_gmt":"2023-08-09T19:14:00","slug":"especialista-fala-sobre-os-desafios-da-depressao","status":"publish","type":"post","link":"https:\/\/bluestudio.estadao.com.br\/agencia-de-comunicacao\/releases\/releases-geral\/especialista-fala-sobre-os-desafios-da-depressao\/","title":{"rendered":"Especialista fala sobre os desafios da depress\u00e3o"},"content":{"rendered":"<p><b>DINO DIVULGADOR DE NOT\u00cdCIAS<\/b><\/p>\n<p>S\u00e3o Paulo &#8211;(<a target='_blank' href='http:\/\/www.dino.com.br' rel=\"noopener\">DINO<\/a> &#8211; 09 ago, 2023) &#8211;<br \/>\nA depress&atilde;o, um dos transtornos psiqui&aacute;tricos mais frequentes no mundo, est&aacute; atingindo um n&uacute;mero cada vez maior de pessoas no Brasil, como revelou o &uacute;ltimo levantamento nacional, o <a rel=\"follow noopener\" target='_blank' href='https:\/\/www.vitalstrategies.org\/resources\/covitel-inquerito-telefonico-de-fatores-de-risco-para-doencas-cronicas-nao-transmissiveis-em-tempos-de-pandemia\/'>Covitel 2023<\/a>. De acordo com a pesquisa, 12,7% dos entrevistados afirmaram j&aacute; terem recebido um diagn&oacute;stico m&eacute;dico para a doen&ccedil;a. As maiores preval&ecirc;ncias foram encontradas na regi&atilde;o Sul (18,3%), entre as mulheres (18,1%) e na faixa et&aacute;ria de 55 a 64 anos (17%), seguida pelos jovens de 18 a 24 anos (14,1%).<\/p>\n<p>O estudo, que ouviu 9.000 pessoas de todas as regi&otilde;es do pa&iacute;s, destaca a import&acirc;ncia de aprimorar estrat&eacute;gias de diagn&oacute;stico precoce e combate ao estigma associado aos transtornos psiqui&aacute;tricos.<\/p>\n<p>O aumento do n&uacute;mero de pessoas com depress&atilde;o entre as mulheres, segundo o m&eacute;dico psiquiatra Cyro Masci, pode estar relacionado a diversos fatores, incluindo quest&otilde;es hormonais, estresse decorrente de m&uacute;ltiplas responsabilidades, press&atilde;o social e cultural, entre outros. No caso dos jovens, o isolamento social imposto pela pandemia, a press&atilde;o pelo sucesso acad&ecirc;mico e a incerteza em rela&ccedil;&atilde;o ao futuro podem ser fatores contribuintes.<\/p>\n<p>Masci ressalta que o diagn&oacute;stico precoce &eacute; fundamental, pois quanto mais cedo a depress&atilde;o for identificada, mais eficaz ser&aacute; o tratamento. Entretanto, o psiquiatra alerta que ainda h&aacute; muito preconceito e desinforma&ccedil;&atilde;o em torno dos transtornos psiqui&aacute;tricos.<\/p>\n<p>Segundo o m&eacute;dico, o estigma em torno da depress&atilde;o cria barreiras para a busca de ajuda e tratamento. Muitas pessoas evitam procurar ajuda profissional com medo de serem rotuladas ou mal compreendidas. Isso s&oacute; agrava a situa&ccedil;&atilde;o, j&aacute; que o adiamento do tratamento pode levar a uma progress&atilde;o mais grave da doen&ccedil;a.<\/p>\n<p>O psiquiatra ressalta que, embora seja uma condi&ccedil;&atilde;o trat&aacute;vel, a depress&atilde;o &eacute; frequentemente subdiagnosticada ou mal interpretada, especialmente devido ao estigma social que ainda existe em torno dos transtornos mentais. Isso dificulta n&atilde;o apenas o diagn&oacute;stico precoce, mas tamb&eacute;m o acesso ao tratamento adequado, que geralmente envolve uma combina&ccedil;&atilde;o de medicamentos, psicoterapia e mudan&ccedil;as no estilo de vida.<\/p>\n<p>Para Cyro Masci, &eacute; fundamental que haja uma mudan&ccedil;a na forma como a sociedade encara a depress&atilde;o e outros transtornos mentais. Ele afirma que os transtornos psiqui&aacute;tricos s&atilde;o condi&ccedil;&otilde;es m&eacute;dicas leg&iacute;timas, que merecem o mesmo cuidado, compreens&atilde;o e tratamento que qualquer outra doen&ccedil;a. <\/p>\n<p>&#8216;A depress&atilde;o n&atilde;o &eacute; uma escolha, e ningu&eacute;m deve se sentir envergonhado por buscar ajuda. Os transtornos psiqui&aacute;tricos devem ser encarados como um componente vital da sa&uacute;de geral do indiv&iacute;duo, sendo preciso combater o estigma, promover a conscientiza&ccedil;&atilde;o e garantir o acesso adequado ao tratamento, para que mais pessoas possam encontrar al&iacute;vio e esperan&ccedil;a diante desse desafio urgente&#8217;, finaliza.<\/p>\n<p>Website: <a target='_blank' href='https:\/\/masci.com.br\/' rel=\"follow noopener\">https:\/\/masci.com.br\/<\/a><img src='https:\/\/api.dino.com.br\/v2\/news\/tr\/290386' alt='' style='border:0px;width:1px;height:1px' \/><br \/>\nA <b>OESP<\/b> n\u00e3o \u00e9(s\u00e3o) respons\u00e1vel(is) por erros, incorre\u00e7\u00f5es, atrasos ou quaisquer decis\u00f5es tomadas por seus clientes com base nos Conte\u00fados ora disponibilizados, bem como tais Conte\u00fados n\u00e3o representam a opini\u00e3o da <b>OESP<\/b> e s\u00e3o de inteira responsabilidade da <b>Dino Divulgador de Noticias Online Ltda<\/b><\/p>\n","protected":false},"excerpt":{"rendered":"DINO DIVULGADOR DE NOT\u00cdCIAS S\u00e3o Paulo &#8211;(DINO &#8211; 09 ago, 2023) &#8211; A depress&atilde;o, um dos transtornos psiqui&aacute;tricos mais frequentes no mundo, est&aacute; atingindo um","protected":false},"author":1,"featured_media":70188,"comment_status":"open","ping_status":"closed","sticky":false,"template":"","format":"standard","meta":{"_acf_changed":false,"inline_featured_image":false,"_monsterinsights_skip_tracking":false,"_monsterinsights_sitenote_active":false,"_monsterinsights_sitenote_note":"","_monsterinsights_sitenote_category":0,"footnotes":""},"categories":[34],"tags":[],"class_list":["post-70187","post","type-post","status-publish","format-standard","has-post-thumbnail","hentry","category-releases-geral"],"acf":[],"_links":{"self":[{"href":"https:\/\/bluestudio.estadao.com.br\/agencia-de-comunicacao\/wp-json\/wp\/v2\/posts\/70187","targetHints":{"allow":["GET"]}}],"collection":[{"href":"https:\/\/bluestudio.estadao.com.br\/agencia-de-comunicacao\/wp-json\/wp\/v2\/posts"}],"about":[{"href":"https:\/\/bluestudio.estadao.com.br\/agencia-de-comunicacao\/wp-json\/wp\/v2\/types\/post"}],"author":[{"embeddable":true,"href":"https:\/\/bluestudio.estadao.com.br\/agencia-de-comunicacao\/wp-json\/wp\/v2\/users\/1"}],"replies":[{"embeddable":true,"href":"https:\/\/bluestudio.estadao.com.br\/agencia-de-comunicacao\/wp-json\/wp\/v2\/comments?post=70187"}],"version-history":[{"count":0,"href":"https:\/\/bluestudio.estadao.com.br\/agencia-de-comunicacao\/wp-json\/wp\/v2\/posts\/70187\/revisions"}],"wp:featuredmedia":[{"embeddable":true,"href":"https:\/\/bluestudio.estadao.com.br\/agencia-de-comunicacao\/wp-json\/wp\/v2\/media\/70188"}],"wp:attachment":[{"href":"https:\/\/bluestudio.estadao.com.br\/agencia-de-comunicacao\/wp-json\/wp\/v2\/media?parent=70187"}],"wp:term":[{"taxonomy":"category","embeddable":true,"href":"https:\/\/bluestudio.estadao.com.br\/agencia-de-comunicacao\/wp-json\/wp\/v2\/categories?post=70187"},{"taxonomy":"post_tag","embeddable":true,"href":"https:\/\/bluestudio.estadao.com.br\/agencia-de-comunicacao\/wp-json\/wp\/v2\/tags?post=70187"}],"curies":[{"name":"wp","href":"https:\/\/api.w.org\/{rel}","templated":true}]}}