{"id":69880,"date":"2023-08-04T16:08:00","date_gmt":"2023-08-04T19:08:00","guid":{"rendered":"https:\/\/bluestudio.estadao.com.br\/agencia-de-comunicacao\/releases\/releases-geral\/r-crio-investe-em-sistema-de-franquias-para-a-expansao\/"},"modified":"2023-08-04T16:08:00","modified_gmt":"2023-08-04T19:08:00","slug":"r-crio-investe-em-sistema-de-franquias-para-a-expansao","status":"publish","type":"post","link":"https:\/\/bluestudio.estadao.com.br\/agencia-de-comunicacao\/releases\/releases-geral\/r-crio-investe-em-sistema-de-franquias-para-a-expansao\/","title":{"rendered":"R-Crio investe em sistema de franquias para a expans\u00e3o"},"content":{"rendered":"<p><b>DINO DIVULGADOR DE NOT\u00cdCIAS<\/b><\/p>\n<p>S\u00e3o Paulo&#8211;(<a target='_blank' href='http:\/\/www.dino.com.br' rel=\"noopener\">DINO<\/a> &#8211; 04 ago, 2023) &#8211;<br \/>\nEm Campinas, interior de S&atilde;o Paulo, est&aacute; o centro de isolamento, expans&atilde;o e armazenamento de c&eacute;lulas-tronco do dente, tecido adiposo e do c&eacute;u da boca (peri&oacute;steo do palato) do pa&iacute;s, a R-Crio. O laborat&oacute;rio tem &agrave; frente o cientista Jos&eacute; Ricardo Muniz Ferreira, que estudou e aprimorou a t&eacute;cnica de extra&ccedil;&atilde;o, armazenamento e cultivo desse tipo de c&eacute;lula.<\/p>\n<p>Recentemente, a empresa decidiu por uma nova frente. Adotou o sistema de franchising para expans&atilde;o e estreitamento nas rela&ccedil;&otilde;es com m&eacute;dicos e dentistas.<\/p>\n<p>Segundo o diretor executivo da R-Crio, Walker Jeveaux, a atua&ccedil;&atilde;o no setor de sa&uacute;de por tantos anos, al&eacute;m de parcerias importantes que desenvolveram no percurso, como a que mant&eacute;m com a Sociedade Brasileira de Direito M&eacute;dico e Biom&eacute;dico (Anadem), abriram espa&ccedil;o para a iniciativa. &ldquo;A solu&ccedil;&atilde;o oferecida pela R-Crio busca agregar valor &agrave;s cl&iacute;nicas m&eacute;dicas e aos consult&oacute;rios de odontologia. Al&eacute;m disso, disseminar o potencial da medicina regenerativa no Brasil&#8217;, explica Jeveaux.<\/p>\n<p>Para o diretor de gest&atilde;o e planejamento estrat&eacute;gico da&nbsp;Anadem, diretor do projeto&nbsp;Anadem-R-Crio e respons&aacute;vel pela expans&atilde;o da franquia,&nbsp;Jos&eacute;&nbsp;Antonio Ramalho, a expertise da R-Crio na &aacute;rea faz a nova estrat&eacute;gia muito promissora. &#8216;O sucesso no sistema de franquias depende do conhecimento do produto ou servi&ccedil;o, al&eacute;m de saber se o sistema piloto teve sucesso. Durante seis anos testamos a unidade piloto sob a gest&atilde;o de cientistas nacionais e internacionais&#8217;, garante.&nbsp;<\/p>\n<p>Sem esbarrar em quest&otilde;es &eacute;ticas e regulat&oacute;rias que regem m&eacute;dicos e dentistas, a R-Crio ainda proporcionar&aacute; aos franqueados assist&ecirc;ncia. &ldquo;S&atilde;o processos que est&atilde;o al&eacute;m da coleta, como os comerciais e de p&oacute;s-venda, treinamentos &ndash; que anteriormente s&oacute; contemplavam o sistema de coleta &ndash; foram acrescidos de m&oacute;dulos de venda, marketing, log&iacute;stica e institucional. Apesar de proporcionar ao credenciado autonomia, seremos mais pr&oacute;ximos. Uma equipe estar&aacute; sempre dispon&iacute;vel para treinar, auxiliar e assistir de perto todos os processos&rdquo;, conta Jeveaux.<\/p>\n<p>Para finalizar, o&nbsp;diretor executivo acrescenta que descobriu nesse caminho uma forma para fortalecer a rela&ccedil;&atilde;o e criar mais proximidade com os credenciados. O que inclui, futuramente, a transfer&ecirc;ncia de informa&ccedil;&otilde;es t&eacute;cnicas referentes aos produtos de terapia avan&ccedil;ada.<\/p>\n<p>&ldquo;O que era essencialmente comercial e de servi&ccedil;o de coleta, transforma-se em uma extens&atilde;o da R-Crio. Dessa forma, o franqueado participar&aacute; e acompanhar&aacute; o que desenvolvemos em prol da sociedade: produtos de terapia avan&ccedil;ada, investimentos em pesquisas e desenvolvimentos, que favore&ccedil;am o mercado o mais breve poss&iacute;vel. J&aacute; contamos com alguns produtos em fase avan&ccedil;ada. Tudo isso far&aacute; parte da nova rela&ccedil;&atilde;o que estabeleceremos&rdquo;, finaliza.<\/p>\n<p>Website: <a target='_blank' href='https:\/\/r-crio.com\/' rel=\"follow noopener\">https:\/\/r-crio.com\/<\/a><img src='https:\/\/api.dino.com.br\/v2\/news\/tr\/287941' alt='' style='border:0px;width:1px;height:1px' \/><br \/>\nA <b>OESP<\/b> n\u00e3o \u00e9(s\u00e3o) respons\u00e1vel(is) por erros, incorre\u00e7\u00f5es, atrasos ou quaisquer decis\u00f5es tomadas por seus clientes com base nos Conte\u00fados ora disponibilizados, bem como tais Conte\u00fados n\u00e3o representam a opini\u00e3o da <b>OESP<\/b> e s\u00e3o de inteira responsabilidade da <b>Dino Divulgador de Noticias Online Ltda<\/b><\/p>\n","protected":false},"excerpt":{"rendered":"DINO DIVULGADOR DE NOT\u00cdCIAS S\u00e3o Paulo&#8211;(DINO &#8211; 04 ago, 2023) &#8211; Em Campinas, interior de S&atilde;o Paulo, est&aacute; o centro de isolamento, expans&atilde;o e armazenamento de","protected":false},"author":1,"featured_media":69881,"comment_status":"open","ping_status":"closed","sticky":false,"template":"","format":"standard","meta":{"_acf_changed":false,"inline_featured_image":false,"_monsterinsights_skip_tracking":false,"_monsterinsights_sitenote_active":false,"_monsterinsights_sitenote_note":"","_monsterinsights_sitenote_category":0,"footnotes":""},"categories":[34],"tags":[],"class_list":["post-69880","post","type-post","status-publish","format-standard","has-post-thumbnail","hentry","category-releases-geral"],"acf":[],"_links":{"self":[{"href":"https:\/\/bluestudio.estadao.com.br\/agencia-de-comunicacao\/wp-json\/wp\/v2\/posts\/69880","targetHints":{"allow":["GET"]}}],"collection":[{"href":"https:\/\/bluestudio.estadao.com.br\/agencia-de-comunicacao\/wp-json\/wp\/v2\/posts"}],"about":[{"href":"https:\/\/bluestudio.estadao.com.br\/agencia-de-comunicacao\/wp-json\/wp\/v2\/types\/post"}],"author":[{"embeddable":true,"href":"https:\/\/bluestudio.estadao.com.br\/agencia-de-comunicacao\/wp-json\/wp\/v2\/users\/1"}],"replies":[{"embeddable":true,"href":"https:\/\/bluestudio.estadao.com.br\/agencia-de-comunicacao\/wp-json\/wp\/v2\/comments?post=69880"}],"version-history":[{"count":0,"href":"https:\/\/bluestudio.estadao.com.br\/agencia-de-comunicacao\/wp-json\/wp\/v2\/posts\/69880\/revisions"}],"wp:featuredmedia":[{"embeddable":true,"href":"https:\/\/bluestudio.estadao.com.br\/agencia-de-comunicacao\/wp-json\/wp\/v2\/media\/69881"}],"wp:attachment":[{"href":"https:\/\/bluestudio.estadao.com.br\/agencia-de-comunicacao\/wp-json\/wp\/v2\/media?parent=69880"}],"wp:term":[{"taxonomy":"category","embeddable":true,"href":"https:\/\/bluestudio.estadao.com.br\/agencia-de-comunicacao\/wp-json\/wp\/v2\/categories?post=69880"},{"taxonomy":"post_tag","embeddable":true,"href":"https:\/\/bluestudio.estadao.com.br\/agencia-de-comunicacao\/wp-json\/wp\/v2\/tags?post=69880"}],"curies":[{"name":"wp","href":"https:\/\/api.w.org\/{rel}","templated":true}]}}