{"id":69522,"date":"2023-08-01T17:38:00","date_gmt":"2023-08-01T20:38:00","guid":{"rendered":"https:\/\/bluestudio.estadao.com.br\/agencia-de-comunicacao\/releases\/releases-geral\/hidratacao-da-pele-e-cuidado-fundamental-no-inverno\/"},"modified":"2023-08-01T17:38:00","modified_gmt":"2023-08-01T20:38:00","slug":"hidratacao-da-pele-e-cuidado-fundamental-no-inverno","status":"publish","type":"post","link":"https:\/\/bluestudio.estadao.com.br\/agencia-de-comunicacao\/releases\/releases-geral\/hidratacao-da-pele-e-cuidado-fundamental-no-inverno\/","title":{"rendered":"Hidrata\u00e7\u00e3o da pele \u00e9 cuidado fundamental no inverno"},"content":{"rendered":"<p><b>DINO DIVULGADOR DE NOT\u00cdCIAS<\/b><\/p>\n<p>S\u00e3o Paulo&#8211;(<a target='_blank' href='http:\/\/www.dino.com.br' rel=\"noopener\">DINO<\/a> &#8211; 01 ago, 2023) &#8211;<br \/>\nA pele \u00e9 o maior \u00f3rg\u00e3o do corpo humano e exerce a fun\u00e7\u00e3o de prote\u00e7\u00e3o, pois evita a entrada de micro-organismos que podem causar infec\u00e7\u00f5es no corpo, al\u00e9m de ser composta majoritariamente por \u00e1gua. Durante o inverno ou em climas frios, \u00e9 comum que ocorra o ressecamento por falta de \u00e1gua e a derme se torne um alvo para irrita\u00e7\u00f5es que podem criar fissuras e escamas impercept\u00edveis, facilitando a entrada de agentes externos.&nbsp;&nbsp;<\/p>\n<p>O inverno pode ser um desafio para a pele, pois o ar frio e seco pode ainda causar descama\u00e7\u00e3o e sensibilidade. Por isso, segundo <a rel=\"follow noopener\" target='_blank' href='https:\/\/www.sbd.org.br\/no-inverno-redobre-cuidados-com-a-pele-cabelos-e-unhas-avisam-especialistas-da-sociedade-brasileira-de-dermatologia\/' data-mce-target='_blank'>publica\u00e7\u00e3o<\/a> da Sociedade Brasileira de Dermatologia (SBD), manter um n\u00edvel adequado de hidrata\u00e7\u00e3o \u00e9 essencial para o funcionamento saud\u00e1vel da derme, a fim de proteger a barreira cut\u00e2nea, preservando a integridade contra agress\u00f5es externas, como polui\u00e7\u00e3o, radia\u00e7\u00e3o solar, bact\u00e9rias e produtos qu\u00edmicos, al\u00e9m de melhorar a elasticidade, luminosidade, prevenir rugas, espinhas e linhas de express\u00e3o, no caso do rosto.<\/p>\n<p>De acordo com a <a rel=\"follow noopener\" target='_blank' href='https:\/\/gente.globo.com\/infografico-a-pele-e-a-protagonista\/' data-mce-target='_blank'>pesquisa<\/a> Expertise Setorial em Higiene, Beleza e Farma feita pelo Lightspeed em 2019 e divulgada pela plataforma Gente Globo, para 57% dos brasileiros o item corporal mais consumido \u00e9 o hidratante, destacando que os brasileiros est\u00e3o cientes da import\u00e2ncia desse passo de autocuidado na rotina di\u00e1ria.<\/p>\n<p>Bruna Veneziano, Diretora de Marketing e porta-voz da Skala Cosm\u00e9ticos, comenta que a equipe t\u00e9cnica da empresa, formada por dermatologistas e qu\u00edmicos, alerta sobre os cuidados com a queda das temperaturas, refor\u00e7ando que a hidrata\u00e7\u00e3o pode ser feita diariamente, em \u00e1reas como m\u00e3os, cotovelos, joelhos e p\u00e9s, que tendem a ficar mais ressecados.<\/p>\n<p>&#8216;Uma informa\u00e7\u00e3o importante passada pelo time t\u00e9cnico \u00e9 a de que a aplica\u00e7\u00e3o do hidratante deve ocorrer ap\u00f3s o banho, isso porque a pele est\u00e1 \u00famida e os poros podem se tornar mais receptivos \u00e0 absor\u00e7\u00e3o dos nutrientes, al\u00e9m de dar prefer\u00eancia a produtos enriquecidos com ingredientes como manteiga de karit\u00e9 e \u00f3leo de am\u00eandoas, que proporcionam uma hidrata\u00e7\u00e3o profunda e duradoura&#8217;, explica a porta-voz.<\/p>\n<p><strong>Skala busca acompanhar o mercado<\/strong><\/p>\n<p>Desde julho de 2018, a Skala tornou-se uma marca 100% vegana, cruelty free (livre de crueldade, em portugu\u00eas), que utiliza ingredientes de origem vegetal e promove constantes estudos para manter suas f\u00f3rmulas mais completas. Atualmente, os produtos est\u00e3o dispon\u00edveis em mais de 40 pa\u00edses ao redor do mundo.<\/p>\n<p>Entre os itens oferecidos ao consumidor est\u00e3o linhas de cuidados para todos os tipos de cabelos, de crian\u00e7as at\u00e9 adultos. Presente no mercado nacional h\u00e1 mais de 30 anos, conhecida por seus &#8216;pot\u00f5es&#8217; de um quilo, a Skala Cosm\u00e9ticos possui mais de 150 tipos de produtos em seu cat\u00e1logo, que v\u00e3o desde shampoos, condicionadores, cremes de hidrata\u00e7\u00e3o e cremes para pentear e finalizadores.<\/p>\n<p>Para saber mais sobre a Skala Cosm\u00e9ticos, basta acessar: <a rel=\"follow noopener\" target='_blank' href='https:\/\/www.skala.com.br\/' data-mce-target='_blank'>https:\/\/www.skala.com.br\/<\/a><\/p>\n<p>Website: <a target='_blank' href='https:\/\/www.skala.com.br\/' rel=\"follow noopener\">https:\/\/www.skala.com.br\/<\/a><img src='https:\/\/api.dino.com.br\/v2\/news\/tr\/291298' alt='' style='border:0px;width:1px;height:1px' \/><br \/>\nA <b>OESP<\/b> n\u00e3o \u00e9(s\u00e3o) respons\u00e1vel(is) por erros, incorre\u00e7\u00f5es, atrasos ou quaisquer decis\u00f5es tomadas por seus clientes com base nos Conte\u00fados ora disponibilizados, bem como tais Conte\u00fados n\u00e3o representam a opini\u00e3o da <b>OESP<\/b> e s\u00e3o de inteira responsabilidade da <b>Dino Divulgador de Noticias Online Ltda<\/b><\/p>\n","protected":false},"excerpt":{"rendered":"DINO DIVULGADOR DE NOT\u00cdCIAS S\u00e3o Paulo&#8211;(DINO &#8211; 01 ago, 2023) &#8211; A pele \u00e9 o maior \u00f3rg\u00e3o do corpo humano e exerce a fun\u00e7\u00e3o de prote\u00e7\u00e3o, pois evita a entrada de micro-organismos","protected":false},"author":1,"featured_media":69523,"comment_status":"open","ping_status":"closed","sticky":false,"template":"","format":"standard","meta":{"_acf_changed":false,"inline_featured_image":false,"_monsterinsights_skip_tracking":false,"_monsterinsights_sitenote_active":false,"_monsterinsights_sitenote_note":"","_monsterinsights_sitenote_category":0,"footnotes":""},"categories":[34],"tags":[],"class_list":["post-69522","post","type-post","status-publish","format-standard","has-post-thumbnail","hentry","category-releases-geral"],"acf":[],"_links":{"self":[{"href":"https:\/\/bluestudio.estadao.com.br\/agencia-de-comunicacao\/wp-json\/wp\/v2\/posts\/69522","targetHints":{"allow":["GET"]}}],"collection":[{"href":"https:\/\/bluestudio.estadao.com.br\/agencia-de-comunicacao\/wp-json\/wp\/v2\/posts"}],"about":[{"href":"https:\/\/bluestudio.estadao.com.br\/agencia-de-comunicacao\/wp-json\/wp\/v2\/types\/post"}],"author":[{"embeddable":true,"href":"https:\/\/bluestudio.estadao.com.br\/agencia-de-comunicacao\/wp-json\/wp\/v2\/users\/1"}],"replies":[{"embeddable":true,"href":"https:\/\/bluestudio.estadao.com.br\/agencia-de-comunicacao\/wp-json\/wp\/v2\/comments?post=69522"}],"version-history":[{"count":0,"href":"https:\/\/bluestudio.estadao.com.br\/agencia-de-comunicacao\/wp-json\/wp\/v2\/posts\/69522\/revisions"}],"wp:featuredmedia":[{"embeddable":true,"href":"https:\/\/bluestudio.estadao.com.br\/agencia-de-comunicacao\/wp-json\/wp\/v2\/media\/69523"}],"wp:attachment":[{"href":"https:\/\/bluestudio.estadao.com.br\/agencia-de-comunicacao\/wp-json\/wp\/v2\/media?parent=69522"}],"wp:term":[{"taxonomy":"category","embeddable":true,"href":"https:\/\/bluestudio.estadao.com.br\/agencia-de-comunicacao\/wp-json\/wp\/v2\/categories?post=69522"},{"taxonomy":"post_tag","embeddable":true,"href":"https:\/\/bluestudio.estadao.com.br\/agencia-de-comunicacao\/wp-json\/wp\/v2\/tags?post=69522"}],"curies":[{"name":"wp","href":"https:\/\/api.w.org\/{rel}","templated":true}]}}