{"id":69512,"date":"2023-08-01T16:38:00","date_gmt":"2023-08-01T19:38:00","guid":{"rendered":"https:\/\/bluestudio.estadao.com.br\/agencia-de-comunicacao\/releases\/releases-geral\/dia-da-sobrecarga-da-terra-destaca-preservacao-do-planeta\/"},"modified":"2023-08-01T16:38:00","modified_gmt":"2023-08-01T19:38:00","slug":"dia-da-sobrecarga-da-terra-destaca-preservacao-do-planeta","status":"publish","type":"post","link":"https:\/\/bluestudio.estadao.com.br\/agencia-de-comunicacao\/releases\/releases-geral\/dia-da-sobrecarga-da-terra-destaca-preservacao-do-planeta\/","title":{"rendered":"Dia da Sobrecarga da Terra destaca preserva\u00e7\u00e3o do planeta"},"content":{"rendered":"<p><b>DINO DIVULGADOR DE NOT\u00cdCIAS<\/b><\/p>\n<p>S\u00e3o Paulo&#8211;(<a target='_blank' href='http:\/\/www.dino.com.br' rel=\"noopener\">DINO<\/a> &#8211; 01 ago, 2023) &#8211;<br \/>\nChamar a aten\u00e7\u00e3o \u00e0s a\u00e7\u00f5es para a preserva\u00e7\u00e3o do planeta. Esse \u00e9 um dos objetivos do Earth Overshoot Day &#8211; Dia da Sobrecarga da Terra, que neste ano cai em 2 de agosto, conforme o <a rel=\"follow noopener\" target='_blank' href='https:\/\/www.overshootday.org\/content\/uploads\/2023\/06\/Earth-Overshoot-Day-2023-Nowcast-Report.pdf' data-mce-target='_blank'>c\u00e1lculo da Global Footprint Network<\/a>, que considera os dias em que a biocapacidade da Terra \u00e9 suficiente para fornecer a Pegada Ecol\u00f3gica da humanidade.<\/p>\n<p>De acordo com a organiza\u00e7\u00e3o internacional de pesquisa, o Earth Overshoot Day se d\u00e1 pela divis\u00e3o da quantidade de recursos ecol\u00f3gicos que a Terra \u00e9 capaz de gerar naquele ano, pela Pegada Ecol\u00f3gica da humanidade, multiplicado por 365 &#8211; n\u00famero de dias em um ano.<\/p>\n<p><a rel=\"follow noopener\" target='_blank' href='https:\/\/www.overshootday.org\/content\/uploads\/2023\/06\/Earth-Overshoot-Day-2023-Nowcast-Report.pdf' data-mce-target='_blank'>Segundo as estimativas do Earth Overshoot Day<\/a>, para 2023, a Pegada Ecol\u00f3gica total teve uma alta de 0,2% em rela\u00e7\u00e3o ao ano anterior, enquanto a biocapacidade total cresceu 0,3% no mesmo per\u00edodo. Esses efeitos combinados reduziram a propor\u00e7\u00e3o da Pegada para a biocapacidade em 0,1%.<\/p>\n<p>O levantamento mostra, ainda, que o ano de 2020, marcado por bloqueios resultantes da pandemia de covid-19, registrou queda inicial acentuada nas emiss\u00f5es de di\u00f3xido de carbono (CO\u00b2). No fim daquele ano, as emiss\u00f5es totais foram 5% menores do que as de 2019. Por sua vez, de 2021 a 2022, estima-se que as emiss\u00f5es tiveram um aumento de 1,5%.<\/p>\n<p>A mobiliza\u00e7\u00e3o vem tamb\u00e9m ao encontro do <a rel=\"follow noopener\" target='_blank' href='https:\/\/library.wmo.int\/doc_num.php?explnum_id=11629' data-mce-target='_blank'>alerta emitido pela Organiza\u00e7\u00e3o Meteorol\u00f3gica Mundial (OMM)<\/a>, que diz que 2023 pode ser o ano mais quente j\u00e1 registrado. Al\u00e9m disso, h\u00e1 uma probabilidade de 66% de que a temperatura m\u00e9dia anual, pr\u00f3xima \u00e0 superf\u00edcie global entre 2023 e 2027, fique mais de 1,5\u00b0C acima dos n\u00edveis pr\u00e9-industriais por pelo menos um ano.<\/p>\n<p>Para o fundador e principal executivo do Latin American Quality Institute (LAQI), Daniel Maximilian Da Costa, o Dia da Sobrecarga da Terra n\u00e3o pode passar despercebido pelo mundo corporativo. Ele refor\u00e7a, ainda, que a data n\u00e3o deve gerar apenas reflex\u00f5es, mas a\u00e7\u00f5es na cultura da empresa, mudando, inclusive, o modo de pensar e agir.<\/p>\n<p>&#8216;Esse assunto \u00e9 de grande relev\u00e2ncia e demanda aten\u00e7\u00e3o, n\u00e3o somente dos governos, mas de todos, especialmente do \u00e2mbito empresarial. Por meio dos Objetivos de Desenvolvimento Sustent\u00e1vel (ODS), pr\u00e1ticas ESG e <a rel=\"follow noopener\" target='_blank' href='https:\/\/qualitymagazine.org\/' data-mce-target='_blank'>publica\u00e7\u00f5es pr\u00f3prias<\/a>, atestamos essa preocupa\u00e7\u00e3o apresentada pelo Earth Overshoot Day. Se desejamos estar nos trilhos da Responsabilidade Total, \u00e9 preciso mudar o modo de pensar e agir&#8217;, conclui.<\/p>\n<p>Website: <a target='_blank' href='http:\/\/www.laqi.org' rel=\"follow noopener\">http:\/\/www.laqi.org<\/a><img src='https:\/\/api.dino.com.br\/v2\/news\/tr\/281449' alt='' style='border:0px;width:1px;height:1px' \/><br \/>\nA <b>OESP<\/b> n\u00e3o \u00e9(s\u00e3o) respons\u00e1vel(is) por erros, incorre\u00e7\u00f5es, atrasos ou quaisquer decis\u00f5es tomadas por seus clientes com base nos Conte\u00fados ora disponibilizados, bem como tais Conte\u00fados n\u00e3o representam a opini\u00e3o da <b>OESP<\/b> e s\u00e3o de inteira responsabilidade da <b>Dino Divulgador de Noticias Online Ltda<\/b><\/p>\n","protected":false},"excerpt":{"rendered":"DINO DIVULGADOR DE NOT\u00cdCIAS S\u00e3o Paulo&#8211;(DINO &#8211; 01 ago, 2023) &#8211; Chamar a aten\u00e7\u00e3o \u00e0s a\u00e7\u00f5es para a preserva\u00e7\u00e3o do planeta. Esse \u00e9 um dos objetivos do Earth Overshoot Day","protected":false},"author":1,"featured_media":69513,"comment_status":"open","ping_status":"closed","sticky":false,"template":"","format":"standard","meta":{"_acf_changed":false,"inline_featured_image":false,"_monsterinsights_skip_tracking":false,"_monsterinsights_sitenote_active":false,"_monsterinsights_sitenote_note":"","_monsterinsights_sitenote_category":0,"footnotes":""},"categories":[34],"tags":[],"class_list":["post-69512","post","type-post","status-publish","format-standard","has-post-thumbnail","hentry","category-releases-geral"],"acf":[],"_links":{"self":[{"href":"https:\/\/bluestudio.estadao.com.br\/agencia-de-comunicacao\/wp-json\/wp\/v2\/posts\/69512","targetHints":{"allow":["GET"]}}],"collection":[{"href":"https:\/\/bluestudio.estadao.com.br\/agencia-de-comunicacao\/wp-json\/wp\/v2\/posts"}],"about":[{"href":"https:\/\/bluestudio.estadao.com.br\/agencia-de-comunicacao\/wp-json\/wp\/v2\/types\/post"}],"author":[{"embeddable":true,"href":"https:\/\/bluestudio.estadao.com.br\/agencia-de-comunicacao\/wp-json\/wp\/v2\/users\/1"}],"replies":[{"embeddable":true,"href":"https:\/\/bluestudio.estadao.com.br\/agencia-de-comunicacao\/wp-json\/wp\/v2\/comments?post=69512"}],"version-history":[{"count":0,"href":"https:\/\/bluestudio.estadao.com.br\/agencia-de-comunicacao\/wp-json\/wp\/v2\/posts\/69512\/revisions"}],"wp:featuredmedia":[{"embeddable":true,"href":"https:\/\/bluestudio.estadao.com.br\/agencia-de-comunicacao\/wp-json\/wp\/v2\/media\/69513"}],"wp:attachment":[{"href":"https:\/\/bluestudio.estadao.com.br\/agencia-de-comunicacao\/wp-json\/wp\/v2\/media?parent=69512"}],"wp:term":[{"taxonomy":"category","embeddable":true,"href":"https:\/\/bluestudio.estadao.com.br\/agencia-de-comunicacao\/wp-json\/wp\/v2\/categories?post=69512"},{"taxonomy":"post_tag","embeddable":true,"href":"https:\/\/bluestudio.estadao.com.br\/agencia-de-comunicacao\/wp-json\/wp\/v2\/tags?post=69512"}],"curies":[{"name":"wp","href":"https:\/\/api.w.org\/{rel}","templated":true}]}}