{"id":69289,"date":"2023-07-28T18:33:00","date_gmt":"2023-07-28T21:33:00","guid":{"rendered":"https:\/\/bluestudio.estadao.com.br\/agencia-de-comunicacao\/releases\/releases-geral\/sao-paulo-recebe-versao-de-feira-de-alimentos-funcionais-da-europa\/"},"modified":"2023-07-28T18:33:00","modified_gmt":"2023-07-28T21:33:00","slug":"sao-paulo-recebe-versao-de-feira-de-alimentos-funcionais-da-europa","status":"publish","type":"post","link":"https:\/\/bluestudio.estadao.com.br\/agencia-de-comunicacao\/releases\/releases-geral\/sao-paulo-recebe-versao-de-feira-de-alimentos-funcionais-da-europa\/","title":{"rendered":"S\u00e3o Paulo recebe vers\u00e3o de feira de alimentos funcionais da Europa"},"content":{"rendered":"<p><b>DINO DIVULGADOR DE NOT\u00cdCIAS<\/b><\/p>\n<p>S\u00e3o Paulo&#8211;(<a target='_blank' href='http:\/\/www.dino.com.br' rel=\"noopener\">DINO<\/a> &#8211; 28 jul, 2023) &#8211;<br \/>\nNos dias 28 e 29 de julho acontece, no Centro de Conven\u00e7\u00f5es Frei Caneca o 2\u00ba Free From Functional Food Expo South America, vers\u00e3o nacional da maior feira de alimentos funcionais e mercado Free Form (termo atribu\u00eddo a produtos aliment\u00edcios ou suplementos livres de algum tipo de subst\u00e2ncia espec\u00edfica, como gl\u00faten, lactose, prote\u00ednas l\u00e1cteas e aditivos artificiais) da Europa, que conta com edi\u00e7\u00f5es anuais que ocorrem em Barcelona, Amsterd\u00e3, Bangkok e Dubai.&nbsp;Paralelamente ser\u00e1 realizado o 12\u00ba Congresso Internacional Nutri\u00e7\u00e3o Integrativa.&nbsp;<\/p>\n<p>Durante a Expo, os visitantes encontrar\u00e3o as principais novidades no setor em produtos Free From, plant based, veganos, ricos em nutrientes, org\u00e2nicos e funcionais.&nbsp;J\u00e1 est\u00e3o confirmadas importantes marcas do setor que apresentar\u00e3o seus lan\u00e7amentos e inova\u00e7\u00f5es em suplementos, nutrac\u00eauticos e superfoods mais prescritos na nutri\u00e7\u00e3o cl\u00ednica.<\/p>\n<p>O 12\u00b0 Congresso Internacional Nutri\u00e7\u00e3o Integrativa, que antes era nomeado como Gluten Free, se tornou mais abrangente e sin\u00e9rgico com profissionais e marcas que reconhecem a import\u00e2ncia da nutri\u00e7\u00e3o. O simp\u00f3sio contar\u00e1 com apresenta\u00e7\u00e3o de casos cl\u00ednicos no palco e seis m\u00f3dulos, quatro NutriTalks e Mindful Eating Experience.<\/p>\n<p>Este ano a programa\u00e7\u00e3o est\u00e1 dividida por salas: Nutri\u00e7\u00e3o Integrativa contar\u00e1 com nomes como Murilo Pereira, Luciano Bruno, Val\u00e9ria Paschoal, al\u00e9m do convidado internacional Pedro Bastos; a sala Comportamento Alimentar receber\u00e1 Jo\u00e3o Motarelli, Marcela Vilela e o psic\u00f3logo Fellipe Lima. Ao todo o evento contar\u00e1 com mais de 46 palestrantes nacionais e internacionais, quatros salas simult\u00e2neas, mais de 40 horas de conte\u00fado, seis talk shows e mais de 90 expositores.<\/p>\n<p>Na sexta-feira, dia 28, acontece a 5\u00b0 Trends &amp; Nutrition. Nesta sala, lojistas e varejistas ter\u00e3o acesso a discuss\u00f5es voltada a profissionais de mercado que procuram por atualiza\u00e7\u00f5es em ESG, inova\u00e7\u00e3o, tend\u00eancias no varejo especializado e novidades do setor de suplementa\u00e7\u00e3o saud\u00e1vel. Est\u00e3o confirmadas as presen\u00e7as de profissionais como Valeria Firjan, Camila Lupetti, Bruno Peres, al\u00e9m do talk show sobre varejo especializado com a participa\u00e7\u00e3o de Marcelo Quinn, CEO do Grupo Quility Nutrition, e Emiliano Amaral, Cofundador do grupo Puro.<\/p>\n<p>Em paralelo ocorre a 6\u00b0 Congresso Brasileiro de Gastronomia Funcional, com uma programa\u00e7\u00e3o que acontece somente no s\u00e1bado, dia 29\/07, com apresenta\u00e7\u00e3o cientifica, talk shows, aulas pr\u00e1ticas e te\u00f3ricas. Confirmadas as presen\u00e7as de Andr\u00e9 Luiz, Carolina Yamamoto, Larissa Vidal e Lidiane Barbosa.<\/p>\n<p>Ao longo das edi\u00e7\u00f5es, h\u00e1 sempre um alimento homenageado. Em 2023, o caju, pseudofruto genuinamente brasileiro, \u00e9 o grande homenageado. Nativo do Nordeste, \u00e9 fonte de renda para mais de 190 mil pequenos produtores, organizados em cooperativas. \u00c9 rico em vitamina C, combate o colesterol ruim e est\u00e1 presente na fabrica\u00e7\u00e3o de sucos, caju\u00edna, bebidas e licores, mela\u00e7o e carne vegetal. Al\u00e9m de um espa\u00e7o ambientado, o Lounge do Caju, que receber\u00e1 convidados especiais e palestrantes que abordar\u00e3o o tema, haver\u00e1 a apresenta\u00e7\u00e3o de novos produtos que utilizam o fruto como mat\u00e9ria-prima e a exibi\u00e7\u00e3o de um document\u00e1rio em que ele \u00e9 a estrela.<\/p>\n<p>&#8216;N\u00e3o \u00e9 apenas uma mudan\u00e7a de nomenclatura, \u00e9 o entendimento sobre a import\u00e2ncia da nutri\u00e7\u00e3o. J\u00e1 que o nosso intuito \u00e9 difundir o conhecimento aos profissionais da \u00e1rea. Os n\u00fameros comprovam que os profissionais brasileiros t\u00eam se interessado. Por isso, a nossa expectativa \u00e9 ampliar o p\u00fablico. J\u00e1 levamos conhecimento para mais de 3100 pessoas, que j\u00e1 participaram de mais 171 cidades de 22 estados. Grandes profissionais compartilhar\u00e3o com os congressistas experi\u00eancias, casos cl\u00ednicos al\u00e9m de conhecer as novidades para o setor&#8217;, afirma o diretor E4 ag\u00eancia, organizadora dos eventos, Gustavo Negrini.<\/p>\n<\/p>\n<p>Servi\u00e7o<\/p>\n<p>2\u00b0 Free From Functional Food Expo South America e 12\u00ba Congresso Internacional Nutri\u00e7\u00e3o Integrativa<\/p>\n<p>Data: 28 e 29 de julho<br \/>\nHor\u00e1rio: Das 8h \u00e0s 18h<br \/>\nLocal: Centro de Conven\u00e7\u00f5es Frei Caneca<br \/>\nEndere\u00e7o: R. Frei Caneca, 569 &#8211; Bela Vista &#8211; S\u00e3o Paulo &#8211; SP<\/p>\n<p>Website: <a target='_blank' href='https:\/\/glutenfreebrasil.com' rel=\"follow noopener\">https:\/\/glutenfreebrasil.com<\/a><img src='https:\/\/api.dino.com.br\/v2\/news\/tr\/291807' alt='' style='border:0px;width:1px;height:1px' \/><br \/>\nA <b>OESP<\/b> n\u00e3o \u00e9(s\u00e3o) respons\u00e1vel(is) por erros, incorre\u00e7\u00f5es, atrasos ou quaisquer decis\u00f5es tomadas por seus clientes com base nos Conte\u00fados ora disponibilizados, bem como tais Conte\u00fados n\u00e3o representam a opini\u00e3o da <b>OESP<\/b> e s\u00e3o de inteira responsabilidade da <b>Dino Divulgador de Noticias Online Ltda<\/b><\/p>\n","protected":false},"excerpt":{"rendered":"DINO DIVULGADOR DE NOT\u00cdCIAS S\u00e3o Paulo&#8211;(DINO &#8211; 28 jul, 2023) &#8211; Nos dias 28 e 29 de julho acontece, no Centro de Conven\u00e7\u00f5es Frei Caneca o 2\u00ba Free From Functional Food Expo South","protected":false},"author":1,"featured_media":69290,"comment_status":"open","ping_status":"closed","sticky":false,"template":"","format":"standard","meta":{"_acf_changed":false,"inline_featured_image":false,"_monsterinsights_skip_tracking":false,"_monsterinsights_sitenote_active":false,"_monsterinsights_sitenote_note":"","_monsterinsights_sitenote_category":0,"footnotes":""},"categories":[34],"tags":[],"class_list":["post-69289","post","type-post","status-publish","format-standard","has-post-thumbnail","hentry","category-releases-geral"],"acf":[],"_links":{"self":[{"href":"https:\/\/bluestudio.estadao.com.br\/agencia-de-comunicacao\/wp-json\/wp\/v2\/posts\/69289","targetHints":{"allow":["GET"]}}],"collection":[{"href":"https:\/\/bluestudio.estadao.com.br\/agencia-de-comunicacao\/wp-json\/wp\/v2\/posts"}],"about":[{"href":"https:\/\/bluestudio.estadao.com.br\/agencia-de-comunicacao\/wp-json\/wp\/v2\/types\/post"}],"author":[{"embeddable":true,"href":"https:\/\/bluestudio.estadao.com.br\/agencia-de-comunicacao\/wp-json\/wp\/v2\/users\/1"}],"replies":[{"embeddable":true,"href":"https:\/\/bluestudio.estadao.com.br\/agencia-de-comunicacao\/wp-json\/wp\/v2\/comments?post=69289"}],"version-history":[{"count":0,"href":"https:\/\/bluestudio.estadao.com.br\/agencia-de-comunicacao\/wp-json\/wp\/v2\/posts\/69289\/revisions"}],"wp:featuredmedia":[{"embeddable":true,"href":"https:\/\/bluestudio.estadao.com.br\/agencia-de-comunicacao\/wp-json\/wp\/v2\/media\/69290"}],"wp:attachment":[{"href":"https:\/\/bluestudio.estadao.com.br\/agencia-de-comunicacao\/wp-json\/wp\/v2\/media?parent=69289"}],"wp:term":[{"taxonomy":"category","embeddable":true,"href":"https:\/\/bluestudio.estadao.com.br\/agencia-de-comunicacao\/wp-json\/wp\/v2\/categories?post=69289"},{"taxonomy":"post_tag","embeddable":true,"href":"https:\/\/bluestudio.estadao.com.br\/agencia-de-comunicacao\/wp-json\/wp\/v2\/tags?post=69289"}],"curies":[{"name":"wp","href":"https:\/\/api.w.org\/{rel}","templated":true}]}}