{"id":69184,"date":"2023-07-28T11:28:00","date_gmt":"2023-07-28T14:28:00","guid":{"rendered":"https:\/\/bluestudio.estadao.com.br\/agencia-de-comunicacao\/releases\/releases-geral\/turne-tardezinha-estima-receber-40-mil-pessoas-no-mineirao\/"},"modified":"2023-07-28T11:28:00","modified_gmt":"2023-07-28T14:28:00","slug":"turne-tardezinha-estima-receber-40-mil-pessoas-no-mineirao","status":"publish","type":"post","link":"https:\/\/bluestudio.estadao.com.br\/agencia-de-comunicacao\/releases\/releases-geral\/turne-tardezinha-estima-receber-40-mil-pessoas-no-mineirao\/","title":{"rendered":"Turn\u00ea Tardezinha estima receber 40 mil pessoas no Mineir\u00e3o"},"content":{"rendered":"<p><b>DINO DIVULGADOR DE NOT\u00cdCIAS<\/b><\/p>\n<p>Minas Gerais&#8211;(<a target='_blank' href='http:\/\/www.dino.com.br' rel=\"noopener\">DINO<\/a> &#8211; 28 jul, 2023) &#8211;<br \/>\nO cantor Thiaguinho retorna para a capital mineira neste s\u00e1bado (29) para mais uma edi\u00e7\u00e3o da turn\u00ea Tardezinha. O show ser\u00e1 realizado no Est\u00e1dio do Mineir\u00e3o, a partir das 14h e a expectativa \u00e9 receber um p\u00fablico de, aproximadamente, 40 mil pessoas.<\/p>\n<p>Com o patroc\u00ednio da Itaipava, cerveja do Grupo Petr\u00f3polis, ser\u00e1 oferecida para os presentes na vers\u00e3o Ita-Draft, chopp na lata da Itaipava. A marca tamb\u00e9m far\u00e1 a\u00e7\u00f5es no local e fornecer\u00e1 copos personalizados para o p\u00fablico.<\/p>\n<p>O evento contar\u00e1 com tr\u00eas espa\u00e7os: Surreal, Tardezinha e Ousadia. Todos os setores incluem bares e espa\u00e7os tem\u00e1ticos, a fim de proporcionar experi\u00eancias para o p\u00fablico. No local, haver\u00e1 um minipalco e uma roleta de pr\u00eamios, em que o p\u00fablico ter\u00e1 a chance de participar de um desafio musical, envolvendo canto e dan\u00e7a de um trecho da m\u00fasica &#8216;Delirante&#8217;, feita especialmente para o evento Tardezinha. Quem cumprir o desafio poder\u00e1 rodar a roleta e ganhar pr\u00eamios exclusivos.<\/p>\n<p>O evento criado pelo pr\u00f3prio cantor Thiaguinho existe h\u00e1 mais de seis anos e alcan\u00e7ou quase um milh\u00e3o de pessoas ao redor do Brasil. A cobertura do show ficar\u00e1 por conta de um time de influenciadores, que registrar\u00e1 os momentos nas redes sociais da Itaipava.<\/p>\n<p>A Tardezinha ter\u00e1 um total de 26 apresenta\u00e7\u00f5es, abrangendo 90% dos estados do Brasil, com a expectativa de impactar fisicamente 750 mil pessoas e alcan\u00e7ar mais de 100 milh\u00f5es de pessoas ao longo do ano.<\/p>\n<p><strong>TARDEZINHA EM BELO HORIZONTE:<br \/>\n<\/strong><\/p>\n<p>Cerveja oficial: Ita-Draft<br \/>\n Data: 29\/07\/2023<br \/>\n Abertura dos port\u00f5es: 14h<br \/>\n Local: Est\u00e1dio do Mineir\u00e3o &#8211; Av. Ant\u00f4nio Abrah\u00e3o Caram, 1001<\/p>\n<p> <strong>SOBRE O GRUPO PETR\u00d3POLIS<\/strong><\/p>\n<p>Atualmente o Grupo Petr\u00f3polis est\u00e1 presente em quase todo o territ\u00f3rio nacional, por meio de 8 f\u00e1bricas (Petr\u00f3polis\/RJ, Teres\u00f3polis\/RJ, Boituva\/SP, Bragan\u00e7a Paulista\/SP, Rondon\u00f3polis\/MT, Alagoinhas\/BA, Itapissuma\/PE e Uberaba\/MG) e centros de distribui\u00e7\u00e3o. Produz, dentre outras marcas de cerveja, a Itaipava, patrocinadora do evento.<\/p>\n<p>Criada em Petr\u00f3polis (RJ), a Itaipava conta com diferentes estilos: Itaipava Pilsen, Itaipava 100% Malte, Ita-Draft, Itaipava Malzbier, Itaipava Chopp e Itaipava Zero \u00c1lcool.<\/p>\n<p>Para saber mais, basta acessar:<a rel=\"follow noopener\" target='_blank' href='http:\/\/www.cervejaitaipava.com.br\/' data-mce-target='_blank'> http:\/\/www.cervejaitaipava.com.br<\/a> \/<a rel=\"follow noopener\" target='_blank' href='https:\/\/www.instagram.com\/Itaipava\/' data-mce-target='_blank'> @itaipava<\/a><\/p>\n<p>Website: <a target='_blank' href='https:\/\/www.cervejaitaipava.com.br\/' rel=\"follow noopener\">https:\/\/www.cervejaitaipava.com.br\/<\/a><img src='https:\/\/api.dino.com.br\/v2\/news\/tr\/273536' alt='' style='border:0px;width:1px;height:1px' \/><br \/>\nA <b>OESP<\/b> n\u00e3o \u00e9(s\u00e3o) respons\u00e1vel(is) por erros, incorre\u00e7\u00f5es, atrasos ou quaisquer decis\u00f5es tomadas por seus clientes com base nos Conte\u00fados ora disponibilizados, bem como tais Conte\u00fados n\u00e3o representam a opini\u00e3o da <b>OESP<\/b> e s\u00e3o de inteira responsabilidade da <b>Dino Divulgador de Noticias Online Ltda<\/b><\/p>\n","protected":false},"excerpt":{"rendered":"DINO DIVULGADOR DE NOT\u00cdCIAS Minas Gerais&#8211;(DINO &#8211; 28 jul, 2023) &#8211; O cantor Thiaguinho retorna para a capital mineira neste s\u00e1bado (29) para mais uma edi\u00e7\u00e3o da turn\u00ea Tardezinha. O","protected":false},"author":1,"featured_media":69185,"comment_status":"open","ping_status":"closed","sticky":false,"template":"","format":"standard","meta":{"_acf_changed":false,"inline_featured_image":false,"_monsterinsights_skip_tracking":false,"_monsterinsights_sitenote_active":false,"_monsterinsights_sitenote_note":"","_monsterinsights_sitenote_category":0,"footnotes":""},"categories":[34],"tags":[],"class_list":["post-69184","post","type-post","status-publish","format-standard","has-post-thumbnail","hentry","category-releases-geral"],"acf":[],"_links":{"self":[{"href":"https:\/\/bluestudio.estadao.com.br\/agencia-de-comunicacao\/wp-json\/wp\/v2\/posts\/69184","targetHints":{"allow":["GET"]}}],"collection":[{"href":"https:\/\/bluestudio.estadao.com.br\/agencia-de-comunicacao\/wp-json\/wp\/v2\/posts"}],"about":[{"href":"https:\/\/bluestudio.estadao.com.br\/agencia-de-comunicacao\/wp-json\/wp\/v2\/types\/post"}],"author":[{"embeddable":true,"href":"https:\/\/bluestudio.estadao.com.br\/agencia-de-comunicacao\/wp-json\/wp\/v2\/users\/1"}],"replies":[{"embeddable":true,"href":"https:\/\/bluestudio.estadao.com.br\/agencia-de-comunicacao\/wp-json\/wp\/v2\/comments?post=69184"}],"version-history":[{"count":0,"href":"https:\/\/bluestudio.estadao.com.br\/agencia-de-comunicacao\/wp-json\/wp\/v2\/posts\/69184\/revisions"}],"wp:featuredmedia":[{"embeddable":true,"href":"https:\/\/bluestudio.estadao.com.br\/agencia-de-comunicacao\/wp-json\/wp\/v2\/media\/69185"}],"wp:attachment":[{"href":"https:\/\/bluestudio.estadao.com.br\/agencia-de-comunicacao\/wp-json\/wp\/v2\/media?parent=69184"}],"wp:term":[{"taxonomy":"category","embeddable":true,"href":"https:\/\/bluestudio.estadao.com.br\/agencia-de-comunicacao\/wp-json\/wp\/v2\/categories?post=69184"},{"taxonomy":"post_tag","embeddable":true,"href":"https:\/\/bluestudio.estadao.com.br\/agencia-de-comunicacao\/wp-json\/wp\/v2\/tags?post=69184"}],"curies":[{"name":"wp","href":"https:\/\/api.w.org\/{rel}","templated":true}]}}