{"id":69092,"date":"2023-07-27T12:43:00","date_gmt":"2023-07-27T15:43:00","guid":{"rendered":"https:\/\/bluestudio.estadao.com.br\/agencia-de-comunicacao\/releases\/releases-geral\/brasil-tem-o-4o-maior-mercado-de-beleza-e-cenario-favorece-profissionais-da-area\/"},"modified":"2023-07-27T12:43:00","modified_gmt":"2023-07-27T15:43:00","slug":"brasil-tem-o-4o-maior-mercado-de-beleza-e-cenario-favorece-profissionais-da-area","status":"publish","type":"post","link":"https:\/\/bluestudio.estadao.com.br\/agencia-de-comunicacao\/releases\/releases-geral\/brasil-tem-o-4o-maior-mercado-de-beleza-e-cenario-favorece-profissionais-da-area\/","title":{"rendered":"Brasil tem o 4\u00ba maior mercado de beleza e cen\u00e1rio favorece profissionais da \u00e1rea"},"content":{"rendered":"<p><b>DINO DIVULGADOR DE NOT\u00cdCIAS<\/b><\/p>\n<p>S\u00e3o Paulo, SP&#8211;(<a target='_blank' href='http:\/\/www.dino.com.br' rel=\"noopener\">DINO<\/a> &#8211; 27 jul, 2023) &#8211;<br \/>\nPassada a situa&ccedil;&atilde;o de emerg&ecirc;ncia sanit&aacute;ria da pandemia da Covid-19, o Brasil vivencia um cen&aacute;rio favor&aacute;vel para o crescimento ainda maior do mercado de beleza. As reuni&otilde;es presenciais no trabalho e com os amigos tendem a impulsionar o cuidado pessoal que aumentou durante a pandemia, quando 47% dos brasileiros passaram a se preocupar mais com a apar&ecirc;ncia, segundo <a rel=\"follow noopener\" target='_blank' href='https:\/\/revistahec.com.br\/a-pandemia-estimulou-brasileiros-a-se-preocuparem-mais-com-a-estetica\/'>pesquisa<\/a> realizada pela empresa Merz Aesthetics. A demanda dos consumidores gera oportunidades para quem deseja trabalhar na &aacute;rea e os cursos profissionalizantes s&atilde;o op&ccedil;&otilde;es que preparam para a entrada no mercado de trabalho de forma r&aacute;pida e com custo-benef&iacute;cio que atrai estudantes.<\/p>\n<p>Se o segmento de beleza brasileiro &eacute; refer&ecirc;ncia mundial, ocupando o quarto maior mercado de beleza e cuidados pessoais, atr&aacute;s apenas de Estados Unidos, China e Jap&atilde;o, de acordo com levantamento da <a rel=\"follow noopener\" target='_blank' href='https:\/\/mercadoeconsumo.com.br\/30\/04\/2023\/economia\/brasil-ja-e-o-quarto-maior-mercado-de-beleza-no-mundo\/#:~:text=Segundo%20o%20%C3%BAltimo%20levantamento%20realizado,se%20destacar%20na%20economia%20brasileira.'>Euromonitor International<\/a>, no mercado interno o panorama n&atilde;o &eacute; diferente. Segundo a <a rel=\"follow noopener\" target='_blank' href='https:\/\/www.abf.com.br\/franchisingbrasil\/noticias\/franquias-de-beleza-empresas-brasileiras-do-segundo-segmento-que-mais-cresce-no-mercado-para-conhecer\/'>Associa&ccedil;&atilde;o Brasileira de Franchising (ABF)<\/a>, entre os segmentos que mais cresceram no &uacute;ltimo ano, as franquias de beleza e est&eacute;tica despontam e ocupam o segundo lugar no ranking da ABF, abaixo somente do ramo de alimenta&ccedil;&atilde;o.&nbsp;<\/p>\n<p>Quem deseja aproveitar a crescente do segmento de beleza e buscar uma vaga de trabalho, ou mesmo empreender na &aacute;rea, conta com op&ccedil;&otilde;es variadas de cursos profissionalizantes que capacitam com foco no mercado de trabalho e s&atilde;o mais acess&iacute;veis do que a gradua&ccedil;&atilde;o. Roy Khouri, CEO do Instituto Embelleze, conta que os cursos profissionalizantes s&atilde;o ideais para quem busca recoloca&ccedil;&atilde;o profissional, quer mudar de carreira ou acabou de se formar no ensino m&eacute;dio e pretende j&aacute; iniciar a vida profissional. &ldquo;Os benef&iacute;cios que esses cursos trazem s&atilde;o quase que imediatos na vida do estudante que se forma. Como o foco &eacute; a capacita&ccedil;&atilde;o para o mercado de trabalho, a pessoa sai do curso apta para trabalhar, j&aacute; que foi preparada para isso por outros profissionais&rdquo;, afirma Roy.<\/p>\n<p>&Agrave; frente da empresa que j&aacute; formou mais de dois milh&otilde;es de profissionais na &aacute;rea da beleza e que, recentemente, conquistou a certifica&ccedil;&atilde;o de 4 estrelas no <a rel=\"follow noopener\" target='_blank' href='https:\/\/revistapegn.globo.com\/melhores-franquias\/noticia\/2023\/06\/conheca-as-franquias-4-estrelas-do-premio-as-melhores-franquias-do-brasil-2023.ghtml'>pr&ecirc;mio<\/a> &ldquo;As Melhores Franquias do Brasil&rdquo;, Roy diz ainda que o Instituto Embelleze coleciona boas hist&oacute;rias de alunos que transformaram a sua pr&oacute;pria vida e a da fam&iacute;lia por meio do estudo profissionalizante e indica as op&ccedil;&otilde;es mais procuradas nas unidades da marca. Estas cinco op&ccedil;&otilde;es de cursos capacitam profissionais para come&ccedil;ar a trabalhar com beleza:<\/p>\n<p>&nbsp;<\/p>\n<p>1 &#8211; Cabeleireiro Profissional: forma profissionais para trabalhar com tratamentos, modelagem, cortes femininos e masculinos, colora&ccedil;&otilde;es e transforma&ccedil;&atilde;o capilar, que abrange alisamento, relaxamento e permanente. As aulas s&atilde;o presenciais e aliam teoria e pr&aacute;tica, simulando atendimentos em um ambiente de sal&atilde;o de beleza. O profissional formado poder&aacute; atuar em sal&otilde;es ou de forma individual, apto a garantir a seguran&ccedil;a e a sa&uacute;de dos clientes.<\/p>\n<p>&nbsp;<\/p>\n<p>2 &#8211; Manicure e Pedicure Profissional: para formar profissionais de excel&ecirc;ncia, as aulas presenciais do curso abordam uma s&oacute;lida base sobre o universo das unhas, com conhecimentos em anatomia, estudos da pele e das unhas, higieniza&ccedil;&atilde;o e esteriliza&ccedil;&atilde;o dos materiais e biosseguran&ccedil;a, seguindo as orienta&ccedil;&otilde;es da Vigil&acirc;ncia Sanit&aacute;ria. Os alunos tamb&eacute;m aprendem conhecimentos sobre visagismo para as m&atilde;os e p&eacute;s, estilos e temperamentos, t&eacute;cnicas de esmalta&ccedil;&atilde;o, cosmetologia, terapias e massagens.<\/p>\n<p>&nbsp;<\/p>\n<p>3 &#8211; Barbeiro Profissional Pleno: com aulas presenciais, o curso ensina sobre biosseguran&ccedil;a, tricologia, anamnese capilar, colorimetria, visagismo, corte, remo&ccedil;&atilde;o de barba, aparo de pelos faciais, modelagem de barba e bigode, mudan&ccedil;a de forma, alisamento, relaxamento e quais s&atilde;o os produtos mais indicados para cada processo. O profissional formado estar&aacute; apto para atuar em sal&otilde;es renomados ou em atendimento individual<\/p>\n<p>&nbsp;<\/p>\n<p>4 &#8211; Designer de C&iacute;lios e Designer de Sobrancelhas: a proposta do curso &eacute; formar especialistas na beleza do olhar. Nas aulas presenciais, o aluno aprende a calcular o desenho perfeito das sobrancelhas e dos c&iacute;lios para transformar o olhar de suas clientes, as t&eacute;cnicas mais inovadoras do mercado, como o famoso alongamento de c&iacute;lios fio a fio, t&eacute;cnicas de lifting, colora&ccedil;&atilde;o de c&iacute;lios e sobrancelhas, preenchimento com henna e modelagem de sobrancelhas.<\/p>\n<p>&nbsp;<\/p>\n<p>5 &#8211; Maquiador Profissional Avan&ccedil;ado: com aulas presenciais, o curso &eacute; ideal para quem quer se aprofundar no universo da maquiagem. O aluno conhecer&aacute; t&eacute;cnicas avan&ccedil;adas de maquiagem, tanto da social, tamb&eacute;m chamada de &#8216;maquiagem de beleza&#8217;, quanto de caracteriza&ccedil;&atilde;o, utilizada para a cria&ccedil;&atilde;o de personagens e efeitos especiais.<\/p>\n<p>&nbsp;<\/p>\n<p>Para oferecer um processo de estudo continuado, levando o profissional do n&iacute;vel b&aacute;sico ao pleno, os cursos possuem ainda possibilidades de especializa&ccedil;&atilde;o, com conte&uacute;dos espec&iacute;ficos em cada &aacute;rea de atua&ccedil;&atilde;o. Para conhecer todas as op&ccedil;&otilde;es, os interessados podem acessar o <a rel=\"follow noopener\" target='_blank' href='https:\/\/institutoembelleze.com\/pt-br\/'>site do Instituto Embelleze<\/a>.<\/p>\n<\/p>\n<p><strong>Sobre o Instituto Embelleze<\/strong><\/p>\n<p>O Instituto Embelleze foi fundado em 1998 para qualificar e certificar profissionais que buscam extrair o melhor do mundo da beleza e inspirar as pessoas ao seu redor. Desde ent&atilde;o, a marca j&aacute; formou mais de 2 milh&otilde;es de profissionais e tem mais de 150 mil alunos inscritos em cursos de suas unidades, que est&atilde;o presentes em 99% dos estados brasileiros e n&atilde;o param de aumentar.<\/p>\n<p>Website: <a target='_blank' href='https:\/\/institutoembelleze.com\/pt-br' rel=\"follow noopener\">https:\/\/institutoembelleze.com\/pt-br<\/a><img src='https:\/\/api.dino.com.br\/v2\/news\/tr\/283915' alt='' style='border:0px;width:1px;height:1px' \/><br \/>\nA <b>OESP<\/b> n\u00e3o \u00e9(s\u00e3o) respons\u00e1vel(is) por erros, incorre\u00e7\u00f5es, atrasos ou quaisquer decis\u00f5es tomadas por seus clientes com base nos Conte\u00fados ora disponibilizados, bem como tais Conte\u00fados n\u00e3o representam a opini\u00e3o da <b>OESP<\/b> e s\u00e3o de inteira responsabilidade da <b>Dino Divulgador de Noticias Online Ltda<\/b><\/p>\n","protected":false},"excerpt":{"rendered":"DINO DIVULGADOR DE NOT\u00cdCIAS S\u00e3o Paulo, SP&#8211;(DINO &#8211; 27 jul, 2023) &#8211; Passada a situa&ccedil;&atilde;o de emerg&ecirc;ncia sanit&aacute;ria da pandemia da Covid-19, o Brasil vivencia","protected":false},"author":1,"featured_media":69093,"comment_status":"open","ping_status":"closed","sticky":false,"template":"","format":"standard","meta":{"_acf_changed":false,"inline_featured_image":false,"_monsterinsights_skip_tracking":false,"_monsterinsights_sitenote_active":false,"_monsterinsights_sitenote_note":"","_monsterinsights_sitenote_category":0,"footnotes":""},"categories":[34],"tags":[],"class_list":["post-69092","post","type-post","status-publish","format-standard","has-post-thumbnail","hentry","category-releases-geral"],"acf":[],"_links":{"self":[{"href":"https:\/\/bluestudio.estadao.com.br\/agencia-de-comunicacao\/wp-json\/wp\/v2\/posts\/69092","targetHints":{"allow":["GET"]}}],"collection":[{"href":"https:\/\/bluestudio.estadao.com.br\/agencia-de-comunicacao\/wp-json\/wp\/v2\/posts"}],"about":[{"href":"https:\/\/bluestudio.estadao.com.br\/agencia-de-comunicacao\/wp-json\/wp\/v2\/types\/post"}],"author":[{"embeddable":true,"href":"https:\/\/bluestudio.estadao.com.br\/agencia-de-comunicacao\/wp-json\/wp\/v2\/users\/1"}],"replies":[{"embeddable":true,"href":"https:\/\/bluestudio.estadao.com.br\/agencia-de-comunicacao\/wp-json\/wp\/v2\/comments?post=69092"}],"version-history":[{"count":0,"href":"https:\/\/bluestudio.estadao.com.br\/agencia-de-comunicacao\/wp-json\/wp\/v2\/posts\/69092\/revisions"}],"wp:featuredmedia":[{"embeddable":true,"href":"https:\/\/bluestudio.estadao.com.br\/agencia-de-comunicacao\/wp-json\/wp\/v2\/media\/69093"}],"wp:attachment":[{"href":"https:\/\/bluestudio.estadao.com.br\/agencia-de-comunicacao\/wp-json\/wp\/v2\/media?parent=69092"}],"wp:term":[{"taxonomy":"category","embeddable":true,"href":"https:\/\/bluestudio.estadao.com.br\/agencia-de-comunicacao\/wp-json\/wp\/v2\/categories?post=69092"},{"taxonomy":"post_tag","embeddable":true,"href":"https:\/\/bluestudio.estadao.com.br\/agencia-de-comunicacao\/wp-json\/wp\/v2\/tags?post=69092"}],"curies":[{"name":"wp","href":"https:\/\/api.w.org\/{rel}","templated":true}]}}