{"id":68982,"date":"2023-07-26T16:18:00","date_gmt":"2023-07-26T19:18:00","guid":{"rendered":"https:\/\/bluestudio.estadao.com.br\/agencia-de-comunicacao\/releases\/releases-geral\/holu-instala-energia-solar-em-duas-unidades-basicas-de-saude\/"},"modified":"2023-07-26T16:18:00","modified_gmt":"2023-07-26T19:18:00","slug":"holu-instala-energia-solar-em-duas-unidades-basicas-de-saude","status":"publish","type":"post","link":"https:\/\/bluestudio.estadao.com.br\/agencia-de-comunicacao\/releases\/releases-geral\/holu-instala-energia-solar-em-duas-unidades-basicas-de-saude\/","title":{"rendered":"Holu instala energia solar em duas unidades b\u00e1sicas de sa\u00fade"},"content":{"rendered":"<p><b>DINO DIVULGADOR DE NOT\u00cdCIAS<\/b><\/p>\n<p>S\u00e3o Paulo &#8211; SP&#8211;(<a target='_blank' href='http:\/\/www.dino.com.br' rel=\"noopener\">DINO<\/a> &#8211; 26 jul, 2023) &#8211;<br \/>\nNo dia 19 de maio de 2023, foram inaugurados dois sistemas de energia solar fotovoltaica nas Unidades B\u00e1sicas de Sa\u00fade (UBS) 6 e 7 da cidade de Nova Odessa, em S\u00e3o Paulo. A instala\u00e7\u00e3o dos pain\u00e9is solares, conduzida pela empresa Holu Solar, \u00e9 resultado de uma parceria entre o Grupo Gera e a UTE Paul\u00ednia Verde.<\/p>\n<p>A partir da intera\u00e7\u00e3o entre as empresas envolvidas e a prefeitura de Nova Odessa, que se mostrou interessada em construir a parceria, surgiu a iniciativa de doar dois sistemas fotovoltaicos para a gera\u00e7\u00e3o de energia das unidades de sa\u00fade. O objetivo da a\u00e7\u00e3o \u00e9 reduzir os custos da prefeitura e fornecer energia limpa e renov\u00e1vel para a cidade.<\/p>\n<p>&#8216;Utilizar energia limpa \u00e9 um respeito ao meio ambiente, e ainda traz economia e sustentabilidade ao munic\u00edpio. Estou muito contente com a inaugura\u00e7\u00e3o dos sistemas fotovoltaicos nas UBSs da cidade&#8217;<em>,<\/em> afirma Jos\u00e9 Schooder, Prefeito de Nova Odessa<\/p>\n<p>A Holu Solar desempenhou a parte operacional da instala\u00e7\u00e3o, desde a aquisi\u00e7\u00e3o dos materiais at\u00e9 a homologa\u00e7\u00e3o dos sistemas junto \u00e0 concession\u00e1ria Companhia Paulista de For\u00e7a e Luz Paulista (CPFL). Hoje, os dois sistemas fotovoltaicos est\u00e3o operando normalmente, viabilizando o objetivo de ambas as partes.<\/p>\n<p>&#8216;O objetivo, tanto da Holu quanto do Grupo Gera, \u00e9 levar energia renov\u00e1vel e acess\u00edvel para todos, e aqui, buscamos fazer exatamente isso, dando acesso \u00e1 comunidade local com energia renov\u00e1vel&#8221;, afirma Christian Schock, Diretor de Opera\u00e7\u00f5es Grupo Gera.<\/p>\n<p><strong>Sobre a Holu Solar<\/strong><\/p>\n<p>A Holu Solar \u00e9 uma startup com o objetivo de democratizar o acesso a energia solar atrav\u00e9s de uma&nbsp;experi\u00eancia digital, simples e segura, com sedes em S\u00e3o Paulo e Rio de Janeiro.&nbsp;Desde a sua funda\u00e7\u00e3o em 2020, por meio de uma parceria estrat\u00e9gica do Grupo Gera com a empresa norueguesa Otovo, a Holu se tornou representante exclusiva da empresa europeia no Brasil.<\/p>\n<p>Ao longo da sua trajet\u00f3ria, a Holu investiu em uma s\u00e9rie de parcerias, tornando-se fornecedora oficial de energia solar do Banco Santander e se integrando no Grupo Ra\u00edzen.<\/p>\n<p>Website: <a target='_blank' href='http:\/\/holu.com.br' rel=\"follow noopener\">http:\/\/holu.com.br<\/a><img src='https:\/\/api.dino.com.br\/v2\/news\/tr\/291334' alt='' style='border:0px;width:1px;height:1px' \/><br \/>\nA <b>OESP<\/b> n\u00e3o \u00e9(s\u00e3o) respons\u00e1vel(is) por erros, incorre\u00e7\u00f5es, atrasos ou quaisquer decis\u00f5es tomadas por seus clientes com base nos Conte\u00fados ora disponibilizados, bem como tais Conte\u00fados n\u00e3o representam a opini\u00e3o da <b>OESP<\/b> e s\u00e3o de inteira responsabilidade da <b>Dino Divulgador de Noticias Online Ltda<\/b><\/p>\n","protected":false},"excerpt":{"rendered":"DINO DIVULGADOR DE NOT\u00cdCIAS S\u00e3o Paulo &#8211; SP&#8211;(DINO &#8211; 26 jul, 2023) &#8211; No dia 19 de maio de 2023, foram inaugurados dois sistemas de energia solar fotovoltaica nas Unidades","protected":false},"author":1,"featured_media":68983,"comment_status":"open","ping_status":"closed","sticky":false,"template":"","format":"standard","meta":{"_acf_changed":false,"inline_featured_image":false,"_monsterinsights_skip_tracking":false,"_monsterinsights_sitenote_active":false,"_monsterinsights_sitenote_note":"","_monsterinsights_sitenote_category":0,"footnotes":""},"categories":[34],"tags":[],"class_list":["post-68982","post","type-post","status-publish","format-standard","has-post-thumbnail","hentry","category-releases-geral"],"acf":[],"_links":{"self":[{"href":"https:\/\/bluestudio.estadao.com.br\/agencia-de-comunicacao\/wp-json\/wp\/v2\/posts\/68982","targetHints":{"allow":["GET"]}}],"collection":[{"href":"https:\/\/bluestudio.estadao.com.br\/agencia-de-comunicacao\/wp-json\/wp\/v2\/posts"}],"about":[{"href":"https:\/\/bluestudio.estadao.com.br\/agencia-de-comunicacao\/wp-json\/wp\/v2\/types\/post"}],"author":[{"embeddable":true,"href":"https:\/\/bluestudio.estadao.com.br\/agencia-de-comunicacao\/wp-json\/wp\/v2\/users\/1"}],"replies":[{"embeddable":true,"href":"https:\/\/bluestudio.estadao.com.br\/agencia-de-comunicacao\/wp-json\/wp\/v2\/comments?post=68982"}],"version-history":[{"count":0,"href":"https:\/\/bluestudio.estadao.com.br\/agencia-de-comunicacao\/wp-json\/wp\/v2\/posts\/68982\/revisions"}],"wp:featuredmedia":[{"embeddable":true,"href":"https:\/\/bluestudio.estadao.com.br\/agencia-de-comunicacao\/wp-json\/wp\/v2\/media\/68983"}],"wp:attachment":[{"href":"https:\/\/bluestudio.estadao.com.br\/agencia-de-comunicacao\/wp-json\/wp\/v2\/media?parent=68982"}],"wp:term":[{"taxonomy":"category","embeddable":true,"href":"https:\/\/bluestudio.estadao.com.br\/agencia-de-comunicacao\/wp-json\/wp\/v2\/categories?post=68982"},{"taxonomy":"post_tag","embeddable":true,"href":"https:\/\/bluestudio.estadao.com.br\/agencia-de-comunicacao\/wp-json\/wp\/v2\/tags?post=68982"}],"curies":[{"name":"wp","href":"https:\/\/api.w.org\/{rel}","templated":true}]}}