{"id":68656,"date":"2023-07-24T17:43:00","date_gmt":"2023-07-24T20:43:00","guid":{"rendered":"https:\/\/bluestudio.estadao.com.br\/agencia-de-comunicacao\/releases\/releases-geral\/apos-post-sobre-pai-analfabeto-filha-se-torna-tedx-speaker\/"},"modified":"2023-07-24T17:43:00","modified_gmt":"2023-07-24T20:43:00","slug":"apos-post-sobre-pai-analfabeto-filha-se-torna-tedx-speaker","status":"publish","type":"post","link":"https:\/\/bluestudio.estadao.com.br\/agencia-de-comunicacao\/releases\/releases-geral\/apos-post-sobre-pai-analfabeto-filha-se-torna-tedx-speaker\/","title":{"rendered":"Ap\u00f3s post sobre pai analfabeto, filha se torna TEDx Speaker"},"content":{"rendered":"<p><b>DINO DIVULGADOR DE NOT\u00cdCIAS<\/b><\/p>\n<p>Rio de Janeiro&#8211;(<a target='_blank' href='http:\/\/www.dino.com.br' rel=\"noopener\">DINO<\/a> &#8211; 24 jul, 2023) &#8211;<br \/>\nEm 2016, Micarla Lins compartilhou uma<a rel=\"follow noopener\" target='_blank' href='https:\/\/www.facebook.com\/photo.php?fbid=1280374451974907&amp;set=a.458245904187770&amp;type=3&amp;mibextid=r5uJeJ' data-mce-target='_blank'> mensagem em seu perfil pessoal no Facebook<\/a> que acabou repercutindo entre os internautas brasileiros. O post era um relato sobre a emo\u00e7\u00e3o de receber uma mensagem escrita de seu pai pedindo desculpas por n\u00e3o saber escrever, mas expressando seu amor. Sete anos depois, a ent\u00e3o estudante se tornou <a rel=\"follow noopener\" target='_blank' href='https:\/\/www.youtube.com\/watch?v=3n32yDit95U' data-mce-target='_blank'>palestrante TEDx e internacional.<\/a><\/p>\n<p>O post com a captura de tela da mensagem do pai recebeu mais de 300 mil curtidas e foi compartilhado outras 66 mil vezes. Na legenda, Micarla questionou os leitores: &#8216;Quantas vezes voc\u00ea j\u00e1 se disp\u00f4s a ajudar algu\u00e9m a ler? Quantas vezes voc\u00ea j\u00e1 se ofereceu para ensinar algu\u00e9m a escrever?&#8217;,&nbsp;incitando uma reflex\u00e3o.<\/p>\n<p>A jovem, nascida no Recife e criada em S\u00e3o Gon\u00e7alo, Rio de Janeiro, fala sobre o preconceito e a falta de empatia em rela\u00e7\u00e3o \u00e0s pessoas que n\u00e3o sabem escrever e aborda quest\u00f5es como a falta de oportunidades. &#8216;Espero poder usar meu privil\u00e9gio para evitar que meu pai passe por esse tipo de piada. Estou cansada, \u00e9 hora de voc\u00eas aceitarem que nem todos t\u00eam as mesmas oportunidades&#8217;, escreveu Micarla na legenda.<\/p>\n<p><strong>Superando adversidades<\/strong><\/p>\n<p>O que ningu\u00e9m sabe \u00e9 que, na \u00e9poca, a jovem enfrentava uma profunda depress\u00e3o. &#8216;Meus pais s\u00e3o nordestinos que migraram em busca de uma vida melhor. Meu pai \u00e9 praticamente analfabeto, minha m\u00e3e concluiu o terceiro ano do ensino fundamental durante a pandemia, em um programa de supletivo. Sa\u00ed de casa aos 18 anos para cursar a faculdade e buscar uma vida melhor, mas me deparei com diversas dificuldades&#8217;.<\/p>\n<p>Ap\u00f3s a repercuss\u00e3o do post, Micarla Lins decidiu estudar comunica\u00e7\u00e3o. &#8216;Tornei-me campe\u00e3 de orat\u00f3ria, sendo uma das primeiras mulheres brasileiras a vencer um torneio nas categorias &#8216;orat\u00f3ria&#8217; e &#8216;argumenta\u00e7\u00e3o&#8217;. Tamb\u00e9m fui uma das primeiras mulheres a ser convidada para integrar o corpo de jurados do Campeonato Mundial de Debates em Espanhol e a ser palestrante TEDx&#8217;, revela.<\/p>\n<p>Atualmente, Micarla Lins \u00e9 empres\u00e1ria, mentora de comunica\u00e7\u00e3o e especialista em orat\u00f3ria para mulheres, pois acredita que \u00e9 poss\u00edvel desenvolver todo o potencial e a voz feminina. &#8216;N\u00f3s, mulheres, falamos pouco, somos mais inseguras, nos cobramos mais e ocupamos menos cargos de lideran\u00e7a. Portanto, acredito verdadeiramente que, por meio da comunica\u00e7\u00e3o, qualquer mulher pode alcan\u00e7ar tudo o que deseja: cargos mais elevados, aumento de sal\u00e1rio, mais autoridade, visibilidade e maior presen\u00e7a pol\u00edtica. Para isso, precisamos nos comunicar de maneira clara e assertiva&#8217;, conclui Lins.<\/p>\n<p>&#8216;Desde o post sobre meu pai n\u00e3o saber escrever que me ama, continuo defendendo que saber escrever corretamente n\u00e3o tem nada a ver com a nova comunica\u00e7\u00e3o que \u00e9 o ser entendido e se expressar com emo\u00e7\u00e3o, apesar das regras gramaticais&#8217;, afirma.<\/p>\n<p>Nas redes sociais, a TEDx Speaker e palestrante internacional compartilha conhecimentos e questionamentos em seu perfil @micarla.<\/p>\n<p>Website: <a target='_blank' href='https:\/\/www.instagram.com\/micarla\/' rel=\"follow noopener\">https:\/\/www.instagram.com\/micarla\/<\/a><img src='https:\/\/api.dino.com.br\/v2\/news\/tr\/291262' alt='' style='border:0px;width:1px;height:1px' \/><br \/>\nA <b>OESP<\/b> n\u00e3o \u00e9(s\u00e3o) respons\u00e1vel(is) por erros, incorre\u00e7\u00f5es, atrasos ou quaisquer decis\u00f5es tomadas por seus clientes com base nos Conte\u00fados ora disponibilizados, bem como tais Conte\u00fados n\u00e3o representam a opini\u00e3o da <b>OESP<\/b> e s\u00e3o de inteira responsabilidade da <b>Dino Divulgador de Noticias Online Ltda<\/b><\/p>\n","protected":false},"excerpt":{"rendered":"DINO DIVULGADOR DE NOT\u00cdCIAS Rio de Janeiro&#8211;(DINO &#8211; 24 jul, 2023) &#8211; Em 2016, Micarla Lins compartilhou uma mensagem em seu perfil pessoal no Facebook que acabou repercutindo entre os","protected":false},"author":1,"featured_media":68657,"comment_status":"open","ping_status":"closed","sticky":false,"template":"","format":"standard","meta":{"_acf_changed":false,"inline_featured_image":false,"_monsterinsights_skip_tracking":false,"_monsterinsights_sitenote_active":false,"_monsterinsights_sitenote_note":"","_monsterinsights_sitenote_category":0,"footnotes":""},"categories":[34],"tags":[],"class_list":["post-68656","post","type-post","status-publish","format-standard","has-post-thumbnail","hentry","category-releases-geral"],"acf":[],"_links":{"self":[{"href":"https:\/\/bluestudio.estadao.com.br\/agencia-de-comunicacao\/wp-json\/wp\/v2\/posts\/68656","targetHints":{"allow":["GET"]}}],"collection":[{"href":"https:\/\/bluestudio.estadao.com.br\/agencia-de-comunicacao\/wp-json\/wp\/v2\/posts"}],"about":[{"href":"https:\/\/bluestudio.estadao.com.br\/agencia-de-comunicacao\/wp-json\/wp\/v2\/types\/post"}],"author":[{"embeddable":true,"href":"https:\/\/bluestudio.estadao.com.br\/agencia-de-comunicacao\/wp-json\/wp\/v2\/users\/1"}],"replies":[{"embeddable":true,"href":"https:\/\/bluestudio.estadao.com.br\/agencia-de-comunicacao\/wp-json\/wp\/v2\/comments?post=68656"}],"version-history":[{"count":0,"href":"https:\/\/bluestudio.estadao.com.br\/agencia-de-comunicacao\/wp-json\/wp\/v2\/posts\/68656\/revisions"}],"wp:featuredmedia":[{"embeddable":true,"href":"https:\/\/bluestudio.estadao.com.br\/agencia-de-comunicacao\/wp-json\/wp\/v2\/media\/68657"}],"wp:attachment":[{"href":"https:\/\/bluestudio.estadao.com.br\/agencia-de-comunicacao\/wp-json\/wp\/v2\/media?parent=68656"}],"wp:term":[{"taxonomy":"category","embeddable":true,"href":"https:\/\/bluestudio.estadao.com.br\/agencia-de-comunicacao\/wp-json\/wp\/v2\/categories?post=68656"},{"taxonomy":"post_tag","embeddable":true,"href":"https:\/\/bluestudio.estadao.com.br\/agencia-de-comunicacao\/wp-json\/wp\/v2\/tags?post=68656"}],"curies":[{"name":"wp","href":"https:\/\/api.w.org\/{rel}","templated":true}]}}