{"id":68557,"date":"2023-07-21T16:12:00","date_gmt":"2023-07-21T19:12:00","guid":{"rendered":"https:\/\/bluestudio.estadao.com.br\/agencia-de-comunicacao\/releases\/releases-geral\/llyc-anuncia-novos-conselheiros-na-area-de-cultura-e-consumo\/"},"modified":"2023-07-21T16:12:00","modified_gmt":"2023-07-21T19:12:00","slug":"llyc-anuncia-novos-conselheiros-na-area-de-cultura-e-consumo","status":"publish","type":"post","link":"https:\/\/bluestudio.estadao.com.br\/agencia-de-comunicacao\/releases\/releases-geral\/llyc-anuncia-novos-conselheiros-na-area-de-cultura-e-consumo\/","title":{"rendered":"LLYC anuncia novos conselheiros na \u00e1rea de cultura e consumo"},"content":{"rendered":"<p><b>DINO DIVULGADOR DE NOT\u00cdCIAS<\/b><\/p>\n<p>S\u00e3o Paulo &#8211; SP&#8211;(<a target='_blank' href='http:\/\/www.dino.com.br' rel=\"noopener\">DINO<\/a> &#8211; 21 jul, 2023) &#8211;<br \/>\nA LLYC Brasil, consultoria de comunica&ccedil;&atilde;o, marketing digital e assuntos p&uacute;blicos, anuncia a incorpora&ccedil;&atilde;o de mais dois especialistas em seu conselho consultivo. A empresa conta a partir de agora com <a rel=\"follow noopener\" target='_blank' href='https:\/\/www.linkedin.com\/in\/shslf\/'>S&eacute;rgio S&aacute; Leit&atilde;o<\/a>, ex-ministro da cultura e profissional experiente no setor, e <a rel=\"follow noopener\" target='_blank' href='https:\/\/www.linkedin.com\/in\/monica-mendes-75872021\/'>Monica Mendes<\/a>, especialista em consumo com foco no mercado de luxo, que passa a contribuir com sua expertise para aportar ainda mais conhecimento a projetos estrat&eacute;gicos voltados &agrave; &aacute;rea.<\/p>\n<p>Al&eacute;m dos novos conselheiros, Tato Carbonaro assume a presid&ecirc;ncia do Conselho Consultivo da LLYC, em nova fase. A miss&atilde;o de Carbonaro &eacute; liderar estrategicamente com sua vis&atilde;o inovadora esse grupo de conselheiros de forma a contribuir para impulsionar o crescimento cont&iacute;nuo da opera&ccedil;&atilde;o na LLYC no Brasil.<\/p>\n<p>Com ampla experi&ecirc;ncia em gest&atilde;o cultural no setor p&uacute;blico e privado, S&eacute;rgio S&aacute; Leit&atilde;o &eacute; presidente do LIDE Cultura e s&oacute;cio e CEO da Transversal &#8211; Cultura, Economia Criativa e Cidadania. Exerceu a fun&ccedil;&atilde;o de Ministro da Cultura do Brasil entre os anos de 2017 e 2018 e foi Secret&aacute;rio de Cultura e Economia Criativa do Estado de S&atilde;o Paulo entre 2019 e 2022. Sua atua&ccedil;&atilde;o tamb&eacute;m engloba importantes passagens por institui&ccedil;&otilde;es culturais de destaque, onde desempenhou papel fundamental no desenvolvimento de projetos e de pol&iacute;ticas p&uacute;blicas voltadas para o setor. Com sua expertise em cultura e entretenimento, S&aacute; Leit&atilde;o fortalecer&aacute; ainda mais a capacidade da LLYC de oferecer solu&ccedil;&otilde;es estrat&eacute;gicas e inovadoras nesse segmento. &ldquo;Estou entusiasmado em colaborar com uma empresa t&atilde;o reconhecida por sua excel&ecirc;ncia em comunica&ccedil;&atilde;o corporativa. Espero contribuir para impulsionar ainda mais o sucesso dos clientes atuais e futuros, promovendo iniciativas inovadoras para o mercado&#8217;, declarou.<\/p>\n<p>Monica Mendes &eacute; uma profissional experiente no campo do consumo, com uma carreira s&oacute;lida na &aacute;rea de pesquisa e intelig&ecirc;ncia de mercado. Com uma compreens&atilde;o profunda das tend&ecirc;ncias e comportamentos do consumidor, Monica tem ajudado empresas e organiza&ccedil;&otilde;es a adaptar suas estrat&eacute;gias e a tomar decis&otilde;es assertivas. Foi a respons&aacute;vel pelo marketing e comunica&ccedil;&atilde;o da Daslu e pelo lan&ccedil;amento de algumas das influenciadoras de consumo e lifestyle com maior volume de seguidores no Brasil. Al&eacute;m da experi&ecirc;ncia no &acirc;mbito do consumo, conta com uma s&oacute;lida trajet&oacute;ria na &aacute;rea de estudos e an&aacute;lise de mercado para o varejo. &#8216;&Eacute; uma honra fazer parte do Conselho Consultivo da LLYC. Estou empolgada com a oportunidade de trabalhar com uma equipe t&atilde;o talentosa e oferecer minha experi&ecirc;ncia e insights para contribuir no campo do consumo. Quando somamos solu&ccedil;&otilde;es, quem ganha s&atilde;o os clientes, que tendem a alcan&ccedil;ar seus objetivos de neg&oacute;cio com mais precis&atilde;o&#8217;, destacou.&nbsp;<\/p>\n<p><a rel=\"follow noopener\" target='_blank' href='https:\/\/www.linkedin.com\/in\/thyago-mathias\/'>Thyago Mathias<\/a>, diretor-geral da LLYC Brasil, fala sobre a import&acirc;ncia da nova composi&ccedil;&atilde;o do conselho: &#8216;As chegadas de S&eacute;rgio e Monica ao nosso Conselho Consultivo s&atilde;o motivo de grande satisfa&ccedil;&atilde;o para todos n&oacute;s. Juntos e juntas, fortalecemos ainda mais nossa equipe de especialistas, trazendo diferentes perspectivas e conhecimentos que enriquecem nossas solu&ccedil;&otilde;es estrat&eacute;gicas, para impulsionar o sucesso de nossos clientes e avan&ccedil;ar em dire&ccedil;&atilde;o a um futuro cada vez mais promissor.&#8217;<\/p>\n<p>Al&eacute;m de Tato e dos novos conselheiro, a empresa, que est&aacute; h&aacute; 15 anos no Brasil, conta ainda com a presen&ccedil;a de Gustavo San Martin, para temas de Sa&uacute;de e Sociedade Civil, Ariane Abdallah, especialista em Empreendedorismo e Posicionamento Executivo, Paulo Feldman, com Contexto Pol&iacute;tico e Econ&ocirc;mico, Edney Souza, em Tecnologia, Inova&ccedil;&atilde;o e Educa&ccedil;&atilde;o, Mois&eacute;s Cona, em Infraestrutura, Roberto Brandt, em Sustentabilidade Global, Renata Camargo, em Diversidade e Inclus&atilde;o, Cec&iacute;lia Seabra para temas voltados &agrave; ESG, Adecio Vasconcelos, conselheiro para a Regi&atilde;o Nordeste, e Mariana Clark, na &aacute;rea de Talent Engagement.<\/p>\n<p>Website: <a target='_blank' href='https:\/\/www.llorenteycuenca.com\/br\/' rel=\"follow noopener\">https:\/\/www.llorenteycuenca.com\/br\/<\/a><img src='https:\/\/api.dino.com.br\/v2\/news\/tr\/291456' alt='' style='border:0px;width:1px;height:1px' \/><br \/>\nA <b>OESP<\/b> n\u00e3o \u00e9(s\u00e3o) respons\u00e1vel(is) por erros, incorre\u00e7\u00f5es, atrasos ou quaisquer decis\u00f5es tomadas por seus clientes com base nos Conte\u00fados ora disponibilizados, bem como tais Conte\u00fados n\u00e3o representam a opini\u00e3o da <b>OESP<\/b> e s\u00e3o de inteira responsabilidade da <b>Dino Divulgador de Noticias Online Ltda<\/b><\/p>\n","protected":false},"excerpt":{"rendered":"DINO DIVULGADOR DE NOT\u00cdCIAS S\u00e3o Paulo &#8211; SP&#8211;(DINO &#8211; 21 jul, 2023) &#8211; A LLYC Brasil, consultoria de comunica&ccedil;&atilde;o, marketing digital e assuntos p&uacute;blicos,","protected":false},"author":1,"featured_media":68558,"comment_status":"open","ping_status":"closed","sticky":false,"template":"","format":"standard","meta":{"_acf_changed":false,"inline_featured_image":false,"_monsterinsights_skip_tracking":false,"_monsterinsights_sitenote_active":false,"_monsterinsights_sitenote_note":"","_monsterinsights_sitenote_category":0,"footnotes":""},"categories":[34],"tags":[],"class_list":["post-68557","post","type-post","status-publish","format-standard","has-post-thumbnail","hentry","category-releases-geral"],"acf":[],"_links":{"self":[{"href":"https:\/\/bluestudio.estadao.com.br\/agencia-de-comunicacao\/wp-json\/wp\/v2\/posts\/68557","targetHints":{"allow":["GET"]}}],"collection":[{"href":"https:\/\/bluestudio.estadao.com.br\/agencia-de-comunicacao\/wp-json\/wp\/v2\/posts"}],"about":[{"href":"https:\/\/bluestudio.estadao.com.br\/agencia-de-comunicacao\/wp-json\/wp\/v2\/types\/post"}],"author":[{"embeddable":true,"href":"https:\/\/bluestudio.estadao.com.br\/agencia-de-comunicacao\/wp-json\/wp\/v2\/users\/1"}],"replies":[{"embeddable":true,"href":"https:\/\/bluestudio.estadao.com.br\/agencia-de-comunicacao\/wp-json\/wp\/v2\/comments?post=68557"}],"version-history":[{"count":0,"href":"https:\/\/bluestudio.estadao.com.br\/agencia-de-comunicacao\/wp-json\/wp\/v2\/posts\/68557\/revisions"}],"wp:featuredmedia":[{"embeddable":true,"href":"https:\/\/bluestudio.estadao.com.br\/agencia-de-comunicacao\/wp-json\/wp\/v2\/media\/68558"}],"wp:attachment":[{"href":"https:\/\/bluestudio.estadao.com.br\/agencia-de-comunicacao\/wp-json\/wp\/v2\/media?parent=68557"}],"wp:term":[{"taxonomy":"category","embeddable":true,"href":"https:\/\/bluestudio.estadao.com.br\/agencia-de-comunicacao\/wp-json\/wp\/v2\/categories?post=68557"},{"taxonomy":"post_tag","embeddable":true,"href":"https:\/\/bluestudio.estadao.com.br\/agencia-de-comunicacao\/wp-json\/wp\/v2\/tags?post=68557"}],"curies":[{"name":"wp","href":"https:\/\/api.w.org\/{rel}","templated":true}]}}