{"id":68273,"date":"2023-07-19T09:07:00","date_gmt":"2023-07-19T12:07:00","guid":{"rendered":"https:\/\/bluestudio.estadao.com.br\/agencia-de-comunicacao\/releases\/releases-geral\/itausa-s-a-fato-relevante-alienacao-de-acoes-da-xp-inc\/"},"modified":"2023-07-19T09:07:00","modified_gmt":"2023-07-19T12:07:00","slug":"itausa-s-a-fato-relevante-alienacao-de-acoes-da-xp-inc","status":"publish","type":"post","link":"https:\/\/bluestudio.estadao.com.br\/agencia-de-comunicacao\/releases\/releases-geral\/itausa-s-a-fato-relevante-alienacao-de-acoes-da-xp-inc\/","title":{"rendered":"Ita\u00fasa S.A.: Fato Relevante ? Aliena\u00e7\u00e3o de a\u00e7\u00f5es da XP Inc"},"content":{"rendered":"<p><b>DINO DIVULGADOR DE NOT\u00cdCIAS<\/b><\/p>\n<p>S\u00e3o Paulo, SP&#8211;(<a target='_blank' href='http:\/\/www.dino.com.br' rel=\"noopener\">DINO<\/a> &#8211; 19 jul, 2023) &#8211;<br \/>\n<strong>ITA&Uacute;SA S.A<\/strong><strong><strong>.<\/strong><\/strong>&nbsp;(&ldquo;Ita&uacute;sa&rdquo; ou &ldquo;Companhia&rdquo;)&nbsp;(B3: ITSA3, ITSA4) comunica aos seus acionistas e ao mercado em geral que efetuou a venda de 5.600.000 a&ccedil;&otilde;es Classe&nbsp;A de emiss&atilde;o da XP&nbsp;Inc. (&ldquo;XP&rdquo;), correspondentes a 1,02% do capital da XP (desconsideradas as a&ccedil;&otilde;es em tesouraria), pelo valor aproximado de R$&nbsp;0,6 bilh&atilde;o, considerando a taxa de c&acirc;mbio de fechamento de ontem (&ldquo;Aliena&ccedil;&atilde;o&rdquo;).<\/p>\n<p>&nbsp;<\/p>\n<p>Assim, a Ita&uacute;sa passou a deter 17.870.985 de a&ccedil;&otilde;es da XP, equivalentes a 3,27% do capital da XP e 1,15% de seu capital votante.<\/p>\n<p>&nbsp;<\/p>\n<p>A Aliena&ccedil;&atilde;o decorre da decis&atilde;o estrat&eacute;gica da Companhia de reduzir sua participa&ccedil;&atilde;o na XP, conforme divulgado anteriormente, por n&atilde;o se tratar de ativo estrat&eacute;gico, sendo que os recursos obtidos ser&atilde;o destinados ao refor&ccedil;o de caixa e &agrave; amplia&ccedil;&atilde;o do n&iacute;vel de liquidez da Ita&uacute;sa.<\/p>\n<p>&nbsp;<\/p>\n<p>N&atilde;o s&atilde;o esperados impactos relevantes aos resultados da Ita&uacute;sa do 3&ordm; trimestre de 2023 adicionais aos efeitos relativos &agrave; mudan&ccedil;a no tratamento cont&aacute;bil do investimento na XP j&aacute; comunicados ao mercado no Fato Relevante divulgado pela Companhia em 10.07.2023.<\/p>\n<p>&nbsp;<\/p>\n<p>&nbsp;<\/p>\n<p>S&atilde;o Paulo (SP), 19 de julho de 2023.&nbsp;<\/p>\n<p>&nbsp;<\/p>\n<p>&nbsp;<\/p>\n<p><strong>ALFREDO EGYDIO SETUBAL<\/strong>&nbsp;<\/p>\n<p>Diretor de Rela&ccedil;&otilde;es com Investidores<\/p>\n<p>Website: <a target='_blank' href='https:\/\/www.itausa.com.br\/' rel=\"follow noopener\">https:\/\/www.itausa.com.br\/<\/a><img src='https:\/\/api.dino.com.br\/v2\/news\/tr\/286880' alt='' style='border:0px;width:1px;height:1px' \/><br \/>\nA <b>OESP<\/b> n\u00e3o \u00e9(s\u00e3o) respons\u00e1vel(is) por erros, incorre\u00e7\u00f5es, atrasos ou quaisquer decis\u00f5es tomadas por seus clientes com base nos Conte\u00fados ora disponibilizados, bem como tais Conte\u00fados n\u00e3o representam a opini\u00e3o da <b>OESP<\/b> e s\u00e3o de inteira responsabilidade da <b>Dino Divulgador de Noticias Online Ltda<\/b><\/p>\n","protected":false},"excerpt":{"rendered":"DINO DIVULGADOR DE NOT\u00cdCIAS S\u00e3o Paulo, SP&#8211;(DINO &#8211; 19 jul, 2023) &#8211; ITA&Uacute;SA S.A.&nbsp;(&ldquo;Ita&uacute;sa&rdquo; ou &ldquo;Companhia&rdquo;)&nbsp;(B3: ITSA3, ITSA4) comunica","protected":false},"author":1,"featured_media":68274,"comment_status":"open","ping_status":"closed","sticky":false,"template":"","format":"standard","meta":{"_acf_changed":false,"inline_featured_image":false,"_monsterinsights_skip_tracking":false,"_monsterinsights_sitenote_active":false,"_monsterinsights_sitenote_note":"","_monsterinsights_sitenote_category":0,"footnotes":""},"categories":[34],"tags":[],"class_list":["post-68273","post","type-post","status-publish","format-standard","has-post-thumbnail","hentry","category-releases-geral"],"acf":[],"_links":{"self":[{"href":"https:\/\/bluestudio.estadao.com.br\/agencia-de-comunicacao\/wp-json\/wp\/v2\/posts\/68273","targetHints":{"allow":["GET"]}}],"collection":[{"href":"https:\/\/bluestudio.estadao.com.br\/agencia-de-comunicacao\/wp-json\/wp\/v2\/posts"}],"about":[{"href":"https:\/\/bluestudio.estadao.com.br\/agencia-de-comunicacao\/wp-json\/wp\/v2\/types\/post"}],"author":[{"embeddable":true,"href":"https:\/\/bluestudio.estadao.com.br\/agencia-de-comunicacao\/wp-json\/wp\/v2\/users\/1"}],"replies":[{"embeddable":true,"href":"https:\/\/bluestudio.estadao.com.br\/agencia-de-comunicacao\/wp-json\/wp\/v2\/comments?post=68273"}],"version-history":[{"count":0,"href":"https:\/\/bluestudio.estadao.com.br\/agencia-de-comunicacao\/wp-json\/wp\/v2\/posts\/68273\/revisions"}],"wp:featuredmedia":[{"embeddable":true,"href":"https:\/\/bluestudio.estadao.com.br\/agencia-de-comunicacao\/wp-json\/wp\/v2\/media\/68274"}],"wp:attachment":[{"href":"https:\/\/bluestudio.estadao.com.br\/agencia-de-comunicacao\/wp-json\/wp\/v2\/media?parent=68273"}],"wp:term":[{"taxonomy":"category","embeddable":true,"href":"https:\/\/bluestudio.estadao.com.br\/agencia-de-comunicacao\/wp-json\/wp\/v2\/categories?post=68273"},{"taxonomy":"post_tag","embeddable":true,"href":"https:\/\/bluestudio.estadao.com.br\/agencia-de-comunicacao\/wp-json\/wp\/v2\/tags?post=68273"}],"curies":[{"name":"wp","href":"https:\/\/api.w.org\/{rel}","templated":true}]}}