{"id":68211,"date":"2023-07-18T14:32:00","date_gmt":"2023-07-18T17:32:00","guid":{"rendered":"https:\/\/bluestudio.estadao.com.br\/agencia-de-comunicacao\/releases\/releases-geral\/pmes-respondem-por-70-das-vagas-de-trabalho-nos-mercados-emergentes\/"},"modified":"2023-07-18T14:32:00","modified_gmt":"2023-07-18T17:32:00","slug":"pmes-respondem-por-70-das-vagas-de-trabalho-nos-mercados-emergentes","status":"publish","type":"post","link":"https:\/\/bluestudio.estadao.com.br\/agencia-de-comunicacao\/releases\/releases-geral\/pmes-respondem-por-70-das-vagas-de-trabalho-nos-mercados-emergentes\/","title":{"rendered":"PMEs respondem por 70% das vagas de trabalho nos mercados emergentes"},"content":{"rendered":"<p><b>DINO DIVULGADOR DE NOT\u00cdCIAS<\/b><\/p>\n<p>S\u00e3o Paulo&#8211;(<a target='_blank' href='http:\/\/www.dino.com.br' rel=\"noopener\">DINO<\/a> &#8211; 18 jul, 2023) &#8211;<br \/>\nAt&eacute; 2030, o mundo precisar&aacute; de 600 milh&otilde;es de novos postos de trabalho para absorver o crescimento da m&atilde;o de obra. A perspectiva &eacute; da Organiza&ccedil;&atilde;o das Na&ccedil;&otilde;es Unidas (ONU), que tem como base <a rel=\"follow noopener\" target='_blank' href='https:\/\/www.ilo.org\/wcmsp5\/groups\/public\/---dgreports\/---dcomm\/documents\/publication\/wcms_544325.pdf'>dados da Organiza&ccedil;&atilde;o Internacional do Trabalho (OIT)<\/a> e evidencia as micro, pequenas e m&eacute;dias empresas como um fator positivo para a cria&ccedil;&atilde;o desses empregos, uma vez que, nos mercados emergentes, 70% das vagas formais est&atilde;o nas pequenas e m&eacute;dias corpora&ccedil;&otilde;es.<\/p>\n<p>Esses tipos de empresas s&atilde;o vistos como um dos caminhos na contram&atilde;o da desacelera&ccedil;&atilde;o econ&ocirc;mica, dada a <a rel=\"follow noopener\" target='_blank' href='https:\/\/www.ilo.org\/wcmsp5\/groups\/public\/---dgreports\/---inst\/documents\/publication\/wcms_865332.pdf'>proje&ccedil;&atilde;o da (OIT)<\/a> de que o crescimento global do emprego ser&aacute; de apenas 1% em 2023 &ndash; menos da metade do n&iacute;vel de 2022. Assim, o desemprego global dever&aacute; aumentar cerca de 3 milh&otilde;es, para 208 milh&otilde;es.<\/p>\n<p>A ONU enfatiza a Agenda dos Objetivos de Desenvolvimento Sustent&aacute;vel (ODS), especialmente o n&uacute;mero 8, como uma diretriz para o progresso das empresas que visam &agrave; oferta de trabalhos decentes. Para tanto, sustenta a necessidade de pol&iacute;ticas orientadas para o desenvolvimento, que apoiem as atividades produtivas e a gera&ccedil;&atilde;o de empregos dignos.<\/p>\n<p>Ainda de acordo com a OIT, medidas precisam ser implementas com urg&ecirc;ncia, visto que a desacelera&ccedil;&atilde;o pode indicar que muitos trabalhadores ter&atilde;o de aceitar vagas de menor qualidade, mal remuneradas e com n&uacute;mero reduzido de horas.<\/p>\n<p>Da mesma ideia compartilha o fundador e principal executivo do Latin American Quality Institute (LAQI), Daniel Maximilian Da Costa, ressaltando que as micro, pequenas e m&eacute;dias empresas t&ecirc;m grande import&acirc;ncia nas economias. <a rel=\"follow noopener\" target='_blank' href='https:\/\/qualitymagazine.org\/'>Ele cita que especialistas destacam que inova&ccedil;&atilde;o, redu&ccedil;&atilde;o de desemprego e surgimento de novos mercados est&atilde;o atrelados a esses tipos de organiza&ccedil;&otilde;es<\/a>.<\/p>\n<p>&ldquo;O apoio a micro, pequenas e m&eacute;dias empresas &eacute; imprescind&iacute;vel. Embora a vis&atilde;o esteja mudando aos poucos, muitos l&iacute;deres empresariais ainda precisam incorporar a cultura da inclus&atilde;o, da diversidade e da igualdade de acesso. Sem d&uacute;vidas, os ODS e as pr&aacute;ticas ESG, sigla para Ambiental, Social e Governan&ccedil;a, s&atilde;o meios seguros para o estabelecimento de trabalhos decentes e cadeias de abastecimento sustent&aacute;veis&rdquo;, conclui. <\/p>\n<p>Website: <a target='_blank' href='http:\/\/www.laqi.org' rel=\"follow noopener\">http:\/\/www.laqi.org<\/a><img src='https:\/\/api.dino.com.br\/v2\/news\/tr\/280292' alt='' style='border:0px;width:1px;height:1px' \/><br \/>\nA <b>OESP<\/b> n\u00e3o \u00e9(s\u00e3o) respons\u00e1vel(is) por erros, incorre\u00e7\u00f5es, atrasos ou quaisquer decis\u00f5es tomadas por seus clientes com base nos Conte\u00fados ora disponibilizados, bem como tais Conte\u00fados n\u00e3o representam a opini\u00e3o da <b>OESP<\/b> e s\u00e3o de inteira responsabilidade da <b>Dino Divulgador de Noticias Online Ltda<\/b><\/p>\n","protected":false},"excerpt":{"rendered":"DINO DIVULGADOR DE NOT\u00cdCIAS S\u00e3o Paulo&#8211;(DINO &#8211; 18 jul, 2023) &#8211; At&eacute; 2030, o mundo precisar&aacute; de 600 milh&otilde;es de novos postos de trabalho para absorver o","protected":false},"author":1,"featured_media":68212,"comment_status":"open","ping_status":"closed","sticky":false,"template":"","format":"standard","meta":{"_acf_changed":false,"inline_featured_image":false,"_monsterinsights_skip_tracking":false,"_monsterinsights_sitenote_active":false,"_monsterinsights_sitenote_note":"","_monsterinsights_sitenote_category":0,"footnotes":""},"categories":[34],"tags":[],"class_list":["post-68211","post","type-post","status-publish","format-standard","has-post-thumbnail","hentry","category-releases-geral"],"acf":[],"_links":{"self":[{"href":"https:\/\/bluestudio.estadao.com.br\/agencia-de-comunicacao\/wp-json\/wp\/v2\/posts\/68211","targetHints":{"allow":["GET"]}}],"collection":[{"href":"https:\/\/bluestudio.estadao.com.br\/agencia-de-comunicacao\/wp-json\/wp\/v2\/posts"}],"about":[{"href":"https:\/\/bluestudio.estadao.com.br\/agencia-de-comunicacao\/wp-json\/wp\/v2\/types\/post"}],"author":[{"embeddable":true,"href":"https:\/\/bluestudio.estadao.com.br\/agencia-de-comunicacao\/wp-json\/wp\/v2\/users\/1"}],"replies":[{"embeddable":true,"href":"https:\/\/bluestudio.estadao.com.br\/agencia-de-comunicacao\/wp-json\/wp\/v2\/comments?post=68211"}],"version-history":[{"count":0,"href":"https:\/\/bluestudio.estadao.com.br\/agencia-de-comunicacao\/wp-json\/wp\/v2\/posts\/68211\/revisions"}],"wp:featuredmedia":[{"embeddable":true,"href":"https:\/\/bluestudio.estadao.com.br\/agencia-de-comunicacao\/wp-json\/wp\/v2\/media\/68212"}],"wp:attachment":[{"href":"https:\/\/bluestudio.estadao.com.br\/agencia-de-comunicacao\/wp-json\/wp\/v2\/media?parent=68211"}],"wp:term":[{"taxonomy":"category","embeddable":true,"href":"https:\/\/bluestudio.estadao.com.br\/agencia-de-comunicacao\/wp-json\/wp\/v2\/categories?post=68211"},{"taxonomy":"post_tag","embeddable":true,"href":"https:\/\/bluestudio.estadao.com.br\/agencia-de-comunicacao\/wp-json\/wp\/v2\/tags?post=68211"}],"curies":[{"name":"wp","href":"https:\/\/api.w.org\/{rel}","templated":true}]}}