{"id":67951,"date":"2023-07-13T15:32:00","date_gmt":"2023-07-13T18:32:00","guid":{"rendered":"https:\/\/bluestudio.estadao.com.br\/agencia-de-comunicacao\/releases\/mais-de-14-mi-de-residencias-tem-energia-solar-no-brasil\/"},"modified":"2023-07-13T15:32:00","modified_gmt":"2023-07-13T18:32:00","slug":"mais-de-14-mi-de-residencias-tem-energia-solar-no-brasil","status":"publish","type":"post","link":"https:\/\/bluestudio.estadao.com.br\/agencia-de-comunicacao\/releases\/releases-geral\/mais-de-14-mi-de-residencias-tem-energia-solar-no-brasil\/","title":{"rendered":"Mais de 1,4 mi de resid\u00eancias t\u00eam energia solar no Brasil"},"content":{"rendered":"<p><b>DINO DIVULGADOR DE NOT\u00cdCIAS<\/b><\/p>\n<p>(<a target='_blank' href='http:\/\/www.dino.com.br' rel=\"noopener\">DINO<\/a> &#8211; 13 jul, 2023) &#8211;<br \/>\nO Brasil conta com cerca de 1,47 milh&atilde;o de sistemas fotovoltaicos e 1,82 milh&atilde;o de consumidores residenciais de energia solar. As informa&ccedil;&otilde;es s&atilde;o do <a rel=\"follow noopener\" target='_blank' href='https:\/\/www.portalsolar.com.br\/noticias\/mercado\/geracao-distribuida\/energia-solar-residencial-atinge-10-gw-de-capacidade-instalada-no-brasil'>Portal Solar<\/a> e demonstram a evolu&ccedil;&atilde;o do segmento, que conta com mais da metade da capacidade instalada (19,85 GW) aplicada a domic&iacute;lios. Ainda segundo o site, de abril de 2022 at&eacute; o mesmo m&ecirc;s deste ano, 826 mil brasileiros aderiram ao sistema.<\/p>\n<p>O Portal Solar <a rel=\"follow noopener\" target='_blank' href='https:\/\/www.portalsolar.com.br\/mercado-de-energia-solar-no-brasil.html'>informa<\/a>, tamb&eacute;m, que a energia solar fotovoltaica corresponde a 11% da matriz el&eacute;trica brasileira, sendo a segunda maior fonte de energia do pa&iacute;s. A proje&ccedil;&atilde;o do ve&iacute;culo especializado &eacute; de que 2023 seja o melhor ano da hist&oacute;ria para o setor. O interesse crescente pode ser explicado pelos <a rel=\"follow noopener\" target='_blank' href='https:\/\/valorinveste.globo.com\/objetivo\/organize-as-contas\/noticia\/2022\/11\/24\/conta-de-luz-vai-aumentar-em-2023-tarifa-deve-subir-56percent-em-media.ghtml'>aumentos<\/a> constantes na conta de luz, pelo baixo custo de manuten&ccedil;&atilde;o e pela maior facilidade de aquisi&ccedil;&atilde;o do sistema.<\/p>\n<p>Para Pedro Costa, diretor comercial da Iluminus Solar, empresa sediada no Distrito Federal, alguns fatores contribuem para as proje&ccedil;&otilde;es otimistas: &ldquo;esse mercado est&aacute; em cont&iacute;nua expans&atilde;o devido &agrave; geografia favor&aacute;vel e incentivos fiscais, que, somados &agrave; conscientiza&ccedil;&atilde;o crescente sobre os benef&iacute;cios ambientais e economia, indicam evolu&ccedil;&atilde;o nos pr&oacute;ximos anos&rdquo;, comenta.<\/p>\n<p><strong>Consumidor deve ter cautela<\/strong><\/p>\n<p>Nem todas as not&iacute;cias s&atilde;o boas quando se trata da contrata&ccedil;&atilde;o de uma empresa de sistemas fotovoltaicos. As informa&ccedil;&otilde;es positivas a respeito do setor, principalmente a economia a m&eacute;dio e longo prazo, chamaram a aten&ccedil;&atilde;o tamb&eacute;m de <a rel=\"follow noopener\" target='_blank' href='https:\/\/canalsolar.com.br\/crimes-no-setor-solar-tem-sido-cada-vez-mais-frequentes-em-2022\/'>golpistas<\/a>, que se aproveitam da boa-f&eacute; de potenciais consumidores interessados na tecnologia. H&aacute; den&uacute;ncias em diversas regi&otilde;es do pa&iacute;s.<\/p>\n<p>Pedro Costa alerta tamb&eacute;m para os perigos de contratar uma empresa sem credibilidade, certifica&ccedil;&otilde;es e tempo de mercado, o que pode acarretar grandes preju&iacute;zos ao consumidor: &ldquo;consulte o hist&oacute;rico e refer&ecirc;ncias da empresa antes mesmo de solicitar um or&ccedil;amento. Procure por uma empresa que possua escrit&oacute;rio f&iacute;sico e esteja no mercado h&aacute;, pelo menos, 3 anos&rdquo;, pondera.<\/p>\n<p>&ldquo;Dificilmente uma empresa pequena investe em infraestrutura, tanto f&iacute;sica como organizacional. Evite pre&ccedil;os extremamente baixos, pois podem caracterizar poss&iacute;vel fraude, fal&ecirc;ncia ou, at&eacute; mesmo, empresa que trabalhe com material furtado&rdquo;, complementa o diretor comercial da Iluminus.<\/p>\n<p>O Portal Solar <a rel=\"follow noopener\" target='_blank' href='https:\/\/www.portalsolar.com.br\/empresas-de-energia-solar-os-cuidados-para-comprar-energia-solar'>recomenda<\/a>, ainda, checar se os equipamentos da empresa s&atilde;o certificados pelo Inmetro e lembra que a durabilidade dos pain&eacute;is &eacute; longa, com mais de 20 anos de vida &uacute;til. Desta forma, Costa reafirma a import&acirc;ncia de vislumbrar, tamb&eacute;m, onde o cliente v&ecirc; a empresa contratada em alguns anos.<\/p>\n<p>Por fim, o especialista da Iluminus Solar aconselha: &ldquo;a empresa deve entregar qualidade e seguran&ccedil;a nos servi&ccedil;os e equipamentos, da aprova&ccedil;&atilde;o do projeto, junto &agrave; concession&aacute;ria, at&eacute; a instala&ccedil;&atilde;o e vistoria. Prazos e garantias devem estar em contrato&rdquo;, conclui.<\/p>\n<p><strong>Sobre a Iluminus Solar<\/strong><\/p>\n<p>A empresa, localizada em Bras&iacute;lia, atua nas &aacute;reas de energia solar residencial, comercial, industrial e agr&iacute;cola. Atualmente, comercializa cerca de 100 kits por m&ecirc;s e calcula que seus clientes j&aacute; deixaram de emitir cerca de 79 toneladas de carbono, energia suficiente para manter 32 mil geladeiras ligadas.<\/p>\n<p>Para mais informa&ccedil;&otilde;es, basta acessar: <a rel=\"follow noopener\" target='_blank' href='http:\/\/www.iluminus.solar'>www.iluminus.solar<\/a><\/p>\n<p>Website: <a target='_blank' href='http:\/\/www.iluminus.solar' rel=\"follow noopener\">http:\/\/www.iluminus.solar<\/a><img src='https:\/\/api.dino.com.br\/v2\/news\/tr\/290995' alt='' style='border:0px;width:1px;height:1px' \/><br \/>\nA <b>OESP<\/b> n\u00e3o \u00e9(s\u00e3o) respons\u00e1vel(is) por erros, incorre\u00e7\u00f5es, atrasos ou quaisquer decis\u00f5es tomadas por seus clientes com base nos Conte\u00fados ora disponibilizados, bem como tais Conte\u00fados n\u00e3o representam a opini\u00e3o da <b>OESP<\/b> e s\u00e3o de inteira responsabilidade da <b>Dino Divulgador de Noticias Online Ltda<\/b><\/p>\n","protected":false},"excerpt":{"rendered":"DINO DIVULGADOR DE NOT\u00cdCIAS (DINO &#8211; 13 jul, 2023) &#8211; O Brasil conta com cerca de 1,47 milh&atilde;o de sistemas fotovoltaicos e 1,82 milh&atilde;o de consumidores residenciais de energia","protected":false},"author":1,"featured_media":67952,"comment_status":"open","ping_status":"closed","sticky":false,"template":"","format":"standard","meta":{"_acf_changed":false,"inline_featured_image":false,"_monsterinsights_skip_tracking":false,"_monsterinsights_sitenote_active":false,"_monsterinsights_sitenote_note":"","_monsterinsights_sitenote_category":0,"footnotes":""},"categories":[34],"tags":[],"class_list":["post-67951","post","type-post","status-publish","format-standard","has-post-thumbnail","hentry","category-releases-geral"],"acf":[],"_links":{"self":[{"href":"https:\/\/bluestudio.estadao.com.br\/agencia-de-comunicacao\/wp-json\/wp\/v2\/posts\/67951","targetHints":{"allow":["GET"]}}],"collection":[{"href":"https:\/\/bluestudio.estadao.com.br\/agencia-de-comunicacao\/wp-json\/wp\/v2\/posts"}],"about":[{"href":"https:\/\/bluestudio.estadao.com.br\/agencia-de-comunicacao\/wp-json\/wp\/v2\/types\/post"}],"author":[{"embeddable":true,"href":"https:\/\/bluestudio.estadao.com.br\/agencia-de-comunicacao\/wp-json\/wp\/v2\/users\/1"}],"replies":[{"embeddable":true,"href":"https:\/\/bluestudio.estadao.com.br\/agencia-de-comunicacao\/wp-json\/wp\/v2\/comments?post=67951"}],"version-history":[{"count":0,"href":"https:\/\/bluestudio.estadao.com.br\/agencia-de-comunicacao\/wp-json\/wp\/v2\/posts\/67951\/revisions"}],"wp:featuredmedia":[{"embeddable":true,"href":"https:\/\/bluestudio.estadao.com.br\/agencia-de-comunicacao\/wp-json\/wp\/v2\/media\/67952"}],"wp:attachment":[{"href":"https:\/\/bluestudio.estadao.com.br\/agencia-de-comunicacao\/wp-json\/wp\/v2\/media?parent=67951"}],"wp:term":[{"taxonomy":"category","embeddable":true,"href":"https:\/\/bluestudio.estadao.com.br\/agencia-de-comunicacao\/wp-json\/wp\/v2\/categories?post=67951"},{"taxonomy":"post_tag","embeddable":true,"href":"https:\/\/bluestudio.estadao.com.br\/agencia-de-comunicacao\/wp-json\/wp\/v2\/tags?post=67951"}],"curies":[{"name":"wp","href":"https:\/\/api.w.org\/{rel}","templated":true}]}}