{"id":67941,"date":"2023-07-13T19:37:00","date_gmt":"2023-07-13T22:37:00","guid":{"rendered":"https:\/\/bluestudio.estadao.com.br\/agencia-de-comunicacao\/releases\/resposta-as-analises-da-organizacao-mundial-de-saude-sobre-o-aspartame\/"},"modified":"2023-07-13T19:37:00","modified_gmt":"2023-07-13T22:37:00","slug":"resposta-as-analises-da-organizacao-mundial-de-saude-sobre-o-aspartame","status":"publish","type":"post","link":"https:\/\/bluestudio.estadao.com.br\/agencia-de-comunicacao\/releases\/releases-geral\/resposta-as-analises-da-organizacao-mundial-de-saude-sobre-o-aspartame\/","title":{"rendered":"RESPOSTA \u00c0S AN\u00c1LISES DA ORGANIZA\u00c7\u00c3O MUNDIAL DE SA\u00daDE SOBRE O ASPARTAME"},"content":{"rendered":"<p><b>DINO DIVULGADOR DE NOT\u00cdCIAS<\/b><\/p>\n<p>Brussels\/&#8211;(<a target='_blank' href='http:\/\/www.dino.com.br' rel=\"noopener\">DINO<\/a> &#8211; 13 jul, 2023) &#8211; <\/p>\n<p align='justify'>BRUXELAS, July  13, 2023  (GLOBE NEWSWIRE) &#8212; Em resposta&agrave;publica\u00e7\u00e3o das conclus\u00f5es de duas avalia\u00e7\u00f5es da Organiza\u00e7\u00e3o Mundial de Sa\u00fade (OMS) sobre o aspartame, um dos ingredientes mais exaustivamente investigados no mundo, publicadas hoje, a Associa\u00e7\u00e3o Internacional de Ado\u00e7antes (ISA) congratula-se com a reafirma\u00e7\u00e3o da seguran\u00e7a do aspartame pela OMS atrav\u00e9s do seu principal organismo cient\u00edfico respons\u00e1vel pela avalia\u00e7\u00e3o da seguran\u00e7a dos aditivos alimentares, o Comit\u00e9 Misto da FAO\/OMS de Peritos em Aditivos Alimentares (JECFA). Estas conclus\u00f5es s\u00e3o consistentes com as conclus\u00f5es de mais de 90 ag\u00eancias mundiais de seguran\u00e7a alimentar que confirmaram a seguran\u00e7a do aspartame, incluindo a <a target='_blank' href='https:\/\/www.globenewswire.com\/Tracker?data=UTWIB5fCxN94V5BwWM9CHDTJPfGcby_eMHM5ciYEO31yt064BSACnFBLPaq1nDQ9uK86DPPz0YX373X59V1NC4HcVkPBcq5zirWQySWYQpMGwVWTDtIHm_MhqDvVfBu75zvpkwV6yfNdVvAkXJLzOYTPR3rnw6q0zL2UkuQO3mSt3sK6xBA6LKBNkqKnQBEJ' rel=\"follow noopener\">Autoridade Europeia para a Seguran\u00e7a dos Alimentos (EFSA)<\/a>, que analisou o aspartame duas vezes, e a <a target='_blank' href='https:\/\/www.globenewswire.com\/Tracker?data=9terJrCYtmtf6NWNebG963HFaU8-M2xc7l0is0nnAQcmZt1oMtocauJGQqxOnhzNWn8Ch01NKqF5Bo3U4PaEKFh6Dnp1S3L-96pxcVXV3nhPh6wM_N4EKvmQzlxfdY4NJwX5pkLwbp0luBJAQ1MrGnmnjbMrg32vC9Dqd1RhjlcqYZsAUKEhL292qLTNu60kWciY_E1kFfBGwYHUXs9pTd-uURUuEakYrQqmkNt7VYA=' rel=\"follow noopener\">ag\u00eancia norte-americana <em>Food and Drug Administration<\/em> (FDA)<\/a>.\n<\/p>\n<p align='justify'><em>&#8216;O JECFA reafirmou mais uma vez a seguran\u00e7a do aspartame ap\u00f3s a realiza\u00e7\u00e3o de uma revis\u00e3o exaustiva, abrangente e cientificamente fundamentada&#8217;<\/em>, indicou a Secret\u00e1ria-Geral da ISA, Frances Hunt-Wood.<em> &#8216;O aspartame, como todos os ado\u00e7antes sem ou de baixas calorias, quando utilizado como parte de uma dieta equilibrada, oferece aos consumidores a op\u00e7\u00e3o de reduzir a ingest\u00e3o de a\u00e7\u00facar, um objetivo cr\u00edtico de sa\u00fade p\u00fablica.&#8217;<\/em><\/p>\n<p align='justify'>Como parte da sua avalia\u00e7\u00e3o exaustiva e abrangente, reconfirmando a seguran\u00e7a do aspartame, o JECFA analisou as conclus\u00f5es da IARC e n\u00e3o encontrou nenhuma preocupa\u00e7\u00e3o para a sa\u00fade humana. \u00c9 importante salientar que a IARC n\u00e3o \u00e9 um organismo competente em mat\u00e9ria de seguran\u00e7a alimentar e a sua classifica\u00e7\u00e3o 2B n\u00e3o tem em conta os n\u00edveis de ingest\u00e3o nem o risco real, o que torna uma an\u00e1lise da IARC muito menos abrangente do que as an\u00e1lises exaustivas efetuadas por organismos de seguran\u00e7a alimentar como o JECFA e, potencialmente, confusa para os consumidores.<\/p>\n<p align='justify'>Para contextualizar, a classifica\u00e7\u00e3o 2B da IARC coloca o aspartame na mesma categoria que o <em>kimchi<\/em> e outros legumes conservados em vinagre. A IARC seria a primeira a dizer que n\u00e3o sugere que as pessoas devam deixar de usar <em>kimchi<\/em> ou <em>pickles<\/em> \u00e0s refei\u00e7\u00f5es.<\/p>\n<p align='justify'>No \u00e2mbito de um regime alimentar variado e equilibrado e de um modo de vida saud\u00e1vel, o aspartame pode ser utilizado para promover os objetivos de sa\u00fade p\u00fablica em mat\u00e9ria de redu\u00e7\u00e3o do consumo de a\u00e7\u00facar e, em \u00faltima an\u00e1lise, ajudar a controlar o <a target='_blank' href='https:\/\/www.globenewswire.com\/Tracker?data=0ZPvWBK9_KbmFGD4jTP98zbpdcMWGDCCCb1v4jo8AfChic4bJ-wto_OOEImQ_k8dPJPGCWDibfExQj1JAKwuYTRbMjOMCysaM2Khgt-bSVw1pH5ZS3MBseuBwmnK7tAmMqFY6rXYwOC-nJN39ALL4aIkihwkdx61Sg6ttkEiJ-HZ63WFTgqPn9RK3Mc8rb5M' rel=\"follow noopener\">peso<\/a> e a <a target='_blank' href='https:\/\/www.globenewswire.com\/Tracker?data=4YyEMOZfHhhO4OL6cm2-2A2aPMlEe353T1dlCgm2NSmVCPB-PXAlFByHyaVrCn-iFuxMxXGQqyd5BXuggeCmnRASE1iPn-LcxoCwdCtCLxol11WCSWH5BpSgSW6-nlCSbqakhC4EQijBUGI95amUpg==' rel=\"follow noopener\">diabetes<\/a>, bem como a <a target='_blank' href='https:\/\/www.globenewswire.com\/Tracker?data=4gOMZ6frNBsLYGC5qB5d72DmDbQlNn_f81Kcaxt9AxgA3RVlypuFLcgPRbjqExtH9ayXYX2Tfc7A5pXxJLdXVO3WHv8XJ3IARP05bJL2kXioOMrAaOIXmOdnV0mw236K-Y8EleF12QjEm4ekxhc7zA==' rel=\"follow noopener\">sa\u00fade oral<\/a>.<\/p>\n<p align='center'><strong>FIM<\/strong><\/p>\n<p><strong><em><u>Para quest\u00f5es relacionadas com a comunica\u00e7\u00e3o social, por favor, contactar a ag\u00eancia de comunica\u00e7\u00e3o da ISA: <\/u><\/em><\/strong><br \/>\n<a target='_blank' href='https:\/\/www.globenewswire.com\/Tracker?data=vZHNvK5N_PKfIY3c-UQaeNRKVSvg3uH1OFulOG_zkAuVxW-yoHIPn7VSJI4AxV3Nx3WRtzxl0BLI-c2POLxX630MRr0nEgBuo-yZ-ExbcHI=' rel=\"follow noopener\"><em>media@sweeteners.org<\/em><\/a><em> &#8211; Telefone (24\/7): +1 (833) 318-2430<br \/>\n<\/em><a target='_blank' href='https:\/\/www.globenewswire.com\/Tracker?data=zWNtHYsmaV9HooyQHt58Je6XzRdOuuIjhLaRmj5vp31T00f-3lsMTrQslB3XUzm2xByfNyy9sqTTPeNXPaGZ6mvuEQv-DM_LHtGhmA-P_no=' rel=\"follow noopener\"><em>www.sweeteners.org\/news<\/em><\/a><\/p>\n<p><img class='__GNW8366DE3E__IMG' src='https:\/\/www.globenewswire.com\/newsroom\/ti?nf=ODg3NDM4MyM1NjkyMDI2IzUwMDEwMTM4NQ=='><br \/>\n<img src='https:\/\/ml.globenewswire.com\/media\/MzkxNmJkNDQtMTY4Mi00MjE5LThjM2YtZWVhNDUwNGRkYTIzLTUwMDEwMTM4NQ==\/tiny\/International-Sweeteners-Assoc.png'><br \/>\n<a target='_blank' href='https:\/\/www.globenewswire.com\/NewsRoom\/AttachmentNg\/b3f3fdfe-31b1-4fcc-99fd-4706ba6346de' rel=\"noopener\"><img src='https:\/\/ml.globenewswire.com\/media\/b3f3fdfe-31b1-4fcc-99fd-4706ba6346de\/small\/picture1-jpg.jpg' border='0' width='150' height='81' alt='Primary Logo'><\/a><\/p>\n<p> GLOBENEWSWIRE (Distribution ID 8874383)<br \/>\nA <b>OESP<\/b> n\u00e3o \u00e9(s\u00e3o) respons\u00e1vel(is) por erros, incorre\u00e7\u00f5es, atrasos ou quaisquer decis\u00f5es tomadas por seus clientes com base nos Conte\u00fados ora disponibilizados, bem como tais Conte\u00fados n\u00e3o representam a opini\u00e3o da <b>OESP<\/b> e s\u00e3o de inteira responsabilidade da <b>Dino Divulgador de Noticias Online Ltda<\/b><\/p>\n","protected":false},"excerpt":{"rendered":"DINO DIVULGADOR DE NOT\u00cdCIAS Brussels\/&#8211;(DINO &#8211; 13 jul, 2023) &#8211; BRUXELAS, July 13, 2023 (GLOBE NEWSWIRE) &#8212; Em resposta&agrave;publica\u00e7\u00e3o das conclus\u00f5es de duas avalia\u00e7\u00f5es","protected":false},"author":1,"featured_media":67942,"comment_status":"open","ping_status":"closed","sticky":false,"template":"","format":"standard","meta":{"_acf_changed":false,"inline_featured_image":false,"_monsterinsights_skip_tracking":false,"_monsterinsights_sitenote_active":false,"_monsterinsights_sitenote_note":"","_monsterinsights_sitenote_category":0,"footnotes":""},"categories":[34],"tags":[],"class_list":["post-67941","post","type-post","status-publish","format-standard","has-post-thumbnail","hentry","category-releases-geral"],"acf":[],"_links":{"self":[{"href":"https:\/\/bluestudio.estadao.com.br\/agencia-de-comunicacao\/wp-json\/wp\/v2\/posts\/67941","targetHints":{"allow":["GET"]}}],"collection":[{"href":"https:\/\/bluestudio.estadao.com.br\/agencia-de-comunicacao\/wp-json\/wp\/v2\/posts"}],"about":[{"href":"https:\/\/bluestudio.estadao.com.br\/agencia-de-comunicacao\/wp-json\/wp\/v2\/types\/post"}],"author":[{"embeddable":true,"href":"https:\/\/bluestudio.estadao.com.br\/agencia-de-comunicacao\/wp-json\/wp\/v2\/users\/1"}],"replies":[{"embeddable":true,"href":"https:\/\/bluestudio.estadao.com.br\/agencia-de-comunicacao\/wp-json\/wp\/v2\/comments?post=67941"}],"version-history":[{"count":0,"href":"https:\/\/bluestudio.estadao.com.br\/agencia-de-comunicacao\/wp-json\/wp\/v2\/posts\/67941\/revisions"}],"wp:featuredmedia":[{"embeddable":true,"href":"https:\/\/bluestudio.estadao.com.br\/agencia-de-comunicacao\/wp-json\/wp\/v2\/media\/67942"}],"wp:attachment":[{"href":"https:\/\/bluestudio.estadao.com.br\/agencia-de-comunicacao\/wp-json\/wp\/v2\/media?parent=67941"}],"wp:term":[{"taxonomy":"category","embeddable":true,"href":"https:\/\/bluestudio.estadao.com.br\/agencia-de-comunicacao\/wp-json\/wp\/v2\/categories?post=67941"},{"taxonomy":"post_tag","embeddable":true,"href":"https:\/\/bluestudio.estadao.com.br\/agencia-de-comunicacao\/wp-json\/wp\/v2\/tags?post=67941"}],"curies":[{"name":"wp","href":"https:\/\/api.w.org\/{rel}","templated":true}]}}