{"id":67933,"date":"2023-07-14T09:57:00","date_gmt":"2023-07-14T12:57:00","guid":{"rendered":"https:\/\/bluestudio.estadao.com.br\/agencia-de-comunicacao\/releases\/exportacao-de-maquinas-e-equipamentos-cai-208-em-abril\/"},"modified":"2023-07-14T09:57:00","modified_gmt":"2023-07-14T12:57:00","slug":"exportacao-de-maquinas-e-equipamentos-cai-208-em-abril","status":"publish","type":"post","link":"https:\/\/bluestudio.estadao.com.br\/agencia-de-comunicacao\/releases\/releases-geral\/exportacao-de-maquinas-e-equipamentos-cai-208-em-abril\/","title":{"rendered":"Exporta\u00e7\u00e3o de m\u00e1quinas e equipamentos cai 20,8% em abril"},"content":{"rendered":"<p><b>DINO DIVULGADOR DE NOT\u00cdCIAS<\/b><\/p>\n<p>Curitiba, PR&#8211;(<a target='_blank' href='http:\/\/www.dino.com.br' rel=\"noopener\">DINO<\/a> &#8211; 14 jul, 2023) &#8211;<br \/>\nRelat&oacute;rio apresentado pela <a rel=\"follow noopener\" target='_blank' href='https:\/\/informaq.abimaq.org.br\/o-setor-de-maquinas-e-equipamentos-tem-resultado-negativo-em-abril\/'>Associa&ccedil;&atilde;o Brasileira da Ind&uacute;stria de M&aacute;quinas e Equipamentos (Abimaq)<\/a> aponta que as exporta&ccedil;&otilde;es de m&aacute;quinas e equipamentos experimentaram uma redu&ccedil;&atilde;o de 20,8% no m&ecirc;s de abril, revertendo parte do crescimento acumulado em 2023. No entanto, o setor conseguiu exportar US$ 982 milh&otilde;es, o que representa um aumento de 9,5% em rela&ccedil;&atilde;o ao valor exportado em abril de 2022. No relat&oacute;rio apresentando sobre <a rel=\"follow noopener\" target='_blank' href='https:\/\/informaq.abimaq.org.br\/o-setor-de-maquinas-e-equipamentos-apresenta-resultado-positivo-em-fevereiro-mas-ainda-mantem-queda-no-bimestre\/'>fevereiro de 2023<\/a>, a Abimaq registrou que os n&uacute;meros e desempenho das exporta&ccedil;&otilde;es superiores a US$ 1 bilh&atilde;o eram cada vez mais comuns, uma vez que em 2022 ocorreram oito meses com resultados semelhantes nas vendas para o mercado externo. Esse desempenho refor&ccedil;a o per&iacute;odo favor&aacute;vel vivenciado pelo setor de exporta&ccedil;&atilde;o de m&aacute;quinas e equipamentos, com resultados de magnitude compar&aacute;vel somente ao observado em 2012. Essa tend&ecirc;ncia ascendente n&atilde;o est&aacute; limitada apenas aos n&uacute;meros financeiros, mas tamb&eacute;m se manifesta na quantidade de produtos exportados.<\/p>\n<p>Proje&ccedil;&otilde;es no setor de comercializa&ccedil;&atilde;o de m&aacute;quinas e equipamentos utilizados na constru&ccedil;&atilde;o civil apresentaram dados positivos no contexto total da exporta&ccedil;&atilde;o e do mercado interno no setor. A an&aacute;lise do mercado de loca&ccedil;&atilde;o e venda de equipamentos para constru&ccedil;&atilde;o revela que esse segmento est&aacute; passando por um per&iacute;odo de recupera&ccedil;&atilde;o e crescimento, com perspectivas de aumento nas vendas ao longo de 2023 de acordo com as proje&ccedil;&otilde;es do <a rel=\"follow noopener\" target='_blank' href='https:\/\/www.sobratema.org.br\/estudomercado'>17&ordm; Estudo Sobratema do Mercado Brasileiro de Equipamentos para Constru&ccedil;&atilde;o<\/a>, conduzido pela Associa&ccedil;&atilde;o Brasileira de Tecnologia para Constru&ccedil;&atilde;o e Minera&ccedil;&atilde;o (Sobratema), estima-se que as vendas nesse setor apresentar&atilde;o um aumento de cerca de 4%, tanto para o ramo de m&aacute;quinas de colora&ccedil;&atilde;o amarela quanto para o segmento geral de equipamentos voltados &agrave; constru&ccedil;&atilde;o.<\/p>\n<p>Ainda sobre proje&ccedil;&otilde;es positivas para o setor da constru&ccedil;&atilde;o civil, setor diretamente ligado ao de m&aacute;quinas e equipamentos, a avalia&ccedil;&atilde;o para 2023 foi positiva. De acordo com o informativo da <a rel=\"follow noopener\" target='_blank' href='https:\/\/cbic.org.br\/wp-content\/uploads\/2022\/09\/informativo-economico-pib-2-tri-2022.pdf'>C&acirc;mara Brasileira da Ind&uacute;stria da Constru&ccedil;&atilde;o (CBIC)<\/a>, o setor da ind&uacute;stria da constru&ccedil;&atilde;o projetou um crescimento de 2,5% em 2023. Essa proje&ccedil;&atilde;o levou em considera&ccedil;&atilde;o a evolu&ccedil;&atilde;o consistente que esse setor teve nos &uacute;ltimos dois anos. Outro ponto informado sobre a ind&uacute;stria da constru&ccedil;&atilde;o foi o da redu&ccedil;&atilde;o de custos. Dados publicados pela Funda&ccedil;&atilde;o Get&uacute;lio Vargas (FGV) sobre o <a rel=\"follow noopener\" target='_blank' href='https:\/\/portal.fgv.br\/noticias\/incc-m-resultados-2023'>&Iacute;ndice Nacional de Custo da Constru&ccedil;&atilde;o (INCC-M)<\/a> mostraram que os n&uacute;meros do custos de m&atilde;o de obra e mat&eacute;ria-prima fecharam no ano de 2022 com alta de 9,40%, menor que os 13,84% registrados no ano anterior.<\/p>\n<p>Jos&eacute; Ant&ocirc;nio Valente, diretor da empresa de <a rel=\"follow noopener\" target='_blank' href='https:\/\/www.transobra.com.br\/'>aluguel de m&aacute;quinas para constru&ccedil;&atilde;o<\/a> Trans Obra afirma que o resultado da exporta&ccedil;&atilde;o no setor est&aacute; compensando as vendas no mercado dom&eacute;stico, evitando que as perdas prejudiquem o andamento e planejamento de todo o setor e tamb&eacute;m evitando perdas maiores no n&uacute;mero de postos de trabalho, apesar de acreditar que o resultado da exporta&ccedil;&atilde;o nos pr&oacute;ximos meses deve se manter na casa do US$ 1 bilh&atilde;o, mantendo os bons resultados desde 2022. Jos&eacute; Ant&ocirc;nio afirma que o setor de loca&ccedil;&atilde;o de equipamentos apresentou resultados positivos mesmo com a queda nas vendas na compara&ccedil;&atilde;o com 2022 na loca&ccedil;&atilde;o de m&aacute;quinas de grande porte e no <a rel=\"follow noopener\" target='_blank' href='https:\/\/www.transobra.com.br\/cortadora-de-concreto-aluguel\/'>aluguel de cortadora de concreto<\/a>. &ldquo;A exporta&ccedil;&atilde;o de m&aacute;quinas e equipamentos continua contribuindo positivamente para o setor e todas as empresas envolvidas devem estar atentas nas oportunidades que isso pode gerar, principalmente quando o assunto &eacute; a exporta&ccedil;&atilde;o de m&aacute;quinas de grande porte&rdquo;.<\/p>\n<p>Website: <a target='_blank' href='https:\/\/www.transobra.com.br\/' rel=\"follow noopener\">https:\/\/www.transobra.com.br\/<\/a><img src='https:\/\/api.dino.com.br\/v2\/news\/tr\/290959' alt='' style='border:0px;width:1px;height:1px' \/><br \/>\nA <b>OESP<\/b> n\u00e3o \u00e9(s\u00e3o) respons\u00e1vel(is) por erros, incorre\u00e7\u00f5es, atrasos ou quaisquer decis\u00f5es tomadas por seus clientes com base nos Conte\u00fados ora disponibilizados, bem como tais Conte\u00fados n\u00e3o representam a opini\u00e3o da <b>OESP<\/b> e s\u00e3o de inteira responsabilidade da <b>Dino Divulgador de Noticias Online Ltda<\/b><\/p>\n","protected":false},"excerpt":{"rendered":"DINO DIVULGADOR DE NOT\u00cdCIAS Curitiba, PR&#8211;(DINO &#8211; 14 jul, 2023) &#8211; Relat&oacute;rio apresentado pela Associa&ccedil;&atilde;o Brasileira da Ind&uacute;stria de M&aacute;quinas e","protected":false},"author":1,"featured_media":67934,"comment_status":"open","ping_status":"closed","sticky":false,"template":"","format":"standard","meta":{"_acf_changed":false,"inline_featured_image":false,"_monsterinsights_skip_tracking":false,"_monsterinsights_sitenote_active":false,"_monsterinsights_sitenote_note":"","_monsterinsights_sitenote_category":0,"footnotes":""},"categories":[34],"tags":[],"class_list":["post-67933","post","type-post","status-publish","format-standard","has-post-thumbnail","hentry","category-releases-geral"],"acf":[],"_links":{"self":[{"href":"https:\/\/bluestudio.estadao.com.br\/agencia-de-comunicacao\/wp-json\/wp\/v2\/posts\/67933","targetHints":{"allow":["GET"]}}],"collection":[{"href":"https:\/\/bluestudio.estadao.com.br\/agencia-de-comunicacao\/wp-json\/wp\/v2\/posts"}],"about":[{"href":"https:\/\/bluestudio.estadao.com.br\/agencia-de-comunicacao\/wp-json\/wp\/v2\/types\/post"}],"author":[{"embeddable":true,"href":"https:\/\/bluestudio.estadao.com.br\/agencia-de-comunicacao\/wp-json\/wp\/v2\/users\/1"}],"replies":[{"embeddable":true,"href":"https:\/\/bluestudio.estadao.com.br\/agencia-de-comunicacao\/wp-json\/wp\/v2\/comments?post=67933"}],"version-history":[{"count":0,"href":"https:\/\/bluestudio.estadao.com.br\/agencia-de-comunicacao\/wp-json\/wp\/v2\/posts\/67933\/revisions"}],"wp:featuredmedia":[{"embeddable":true,"href":"https:\/\/bluestudio.estadao.com.br\/agencia-de-comunicacao\/wp-json\/wp\/v2\/media\/67934"}],"wp:attachment":[{"href":"https:\/\/bluestudio.estadao.com.br\/agencia-de-comunicacao\/wp-json\/wp\/v2\/media?parent=67933"}],"wp:term":[{"taxonomy":"category","embeddable":true,"href":"https:\/\/bluestudio.estadao.com.br\/agencia-de-comunicacao\/wp-json\/wp\/v2\/categories?post=67933"},{"taxonomy":"post_tag","embeddable":true,"href":"https:\/\/bluestudio.estadao.com.br\/agencia-de-comunicacao\/wp-json\/wp\/v2\/tags?post=67933"}],"curies":[{"name":"wp","href":"https:\/\/api.w.org\/{rel}","templated":true}]}}