{"id":67907,"date":"2023-07-14T13:33:00","date_gmt":"2023-07-14T16:33:00","guid":{"rendered":"https:\/\/bluestudio.estadao.com.br\/agencia-de-comunicacao\/releases\/maioria-dos-brasileiros-nao-vai-ao-dentista-uma-vez-ao-ano\/"},"modified":"2023-07-14T13:33:00","modified_gmt":"2023-07-14T16:33:00","slug":"maioria-dos-brasileiros-nao-vai-ao-dentista-uma-vez-ao-ano","status":"publish","type":"post","link":"https:\/\/bluestudio.estadao.com.br\/agencia-de-comunicacao\/releases\/releases-geral\/maioria-dos-brasileiros-nao-vai-ao-dentista-uma-vez-ao-ano\/","title":{"rendered":"Maioria dos brasileiros n\u00e3o vai ao dentista uma vez ao ano"},"content":{"rendered":"<p><b>DINO DIVULGADOR DE NOT\u00cdCIAS<\/b><\/p>\n<p>(<a target='_blank' href='http:\/\/www.dino.com.br' rel=\"noopener\">DINO<\/a> &#8211; 14 jul, 2023) &#8211;<br \/>\nMais da metade (<a rel=\"follow noopener\" target='_blank' href='https:\/\/jrs.digital\/55-dos-brasileiros-nao-vao-ao-dentista-uma-vez-por-ano\/'>55%<\/a>) dos brasileiros n&atilde;o v&atilde;o ao dentista uma vez por ano, conforme o recomendado, segundo informa&ccedil;&otilde;es do <a rel=\"follow noopener\" target='_blank' href='https:\/\/www.gov.br\/saude\/pt-br\/search?SearchableText=dentista'>Minist&eacute;rio da Sa&uacute;de<\/a>, obtidas em parceria com o IBGE (Instituto Brasileiro de Geografia e Estat&iacute;stica).<\/p>\n<p>Apesar da baixa ades&atilde;o da popula&ccedil;&atilde;o &agrave; sa&uacute;de bucal, o Brasil &eacute; o pa&iacute;s com a maior concentra&ccedil;&atilde;o de dentistas no mundo, com 395.953 profissionais em atividade e 71.292 cl&iacute;nicas prestadoras de assist&ecirc;ncia odontol&oacute;gica, de acordo com o <a rel=\"follow noopener\" target='_blank' href='https:\/\/website.cfo.org.br\/estatisticas\/quantidade-geral-de-entidades-e-profissionais-ativos\/'>CFO<\/a> (Conselho Federal de Odontologia).<\/p>\n<p>No dia 08 de maio, o presidente Luiz In&aacute;cio Lula da Silva (PT) sancionou a lei que inclui a Pol&iacute;tica Nacional de Sa&uacute;de Bucal, conhecida como Brasil Sorridente, na Lei Org&acirc;nica da Sa&uacute;de. Assim, o acesso a atendimento odontol&oacute;gico no SUS (Sistema &Uacute;nico de Sa&uacute;de) se torna obrigat&oacute;rio e a sa&uacute;de bucal passa a ser um direito de todos os cidad&atilde;os.&nbsp;<\/p>\n<p>O programa Brasil Sorridente foi criado em 2004, durante o primeiro mandato de Lula na Presid&ecirc;ncia. Em 10 anos, mais de 80 milh&otilde;es de indiv&iacute;duos foram atendidos pelo programa em todo o pa&iacute;s.&nbsp; Segundo o <a rel=\"follow noopener\" target='_blank' href='https:\/\/www.gov.br\/saude\/pt-br\/assuntos\/noticias\/2023\/marco\/quando-foi-sua-ultima-visita-ao-dentista-entenda-como-o-ministerio-da-saude-vai-ampliar-atendimentos'>Minist&eacute;rio da Sa&uacute;de<\/a>, foram realizados 260 milh&otilde;es de procedimentos odontol&oacute;gicos por ano na &uacute;ltima d&eacute;cada.<\/p>\n<p>Flaviana Coronel Vaz, cirurgi&atilde;-dentista que atua na Asa Sul, em Bras&iacute;lia (DF), destaca que, entendendo a parte social do direito &agrave; sa&uacute;de, pol&iacute;ticas p&uacute;blicas foram implementadas na &aacute;rea de odontologia, com tratamentos preventivos e curativos &agrave; popula&ccedil;&atilde;o com atendimento integral e universal.<\/p>\n<p>Para a profissional, a odontologia p&uacute;blica, universal e integral, desempenha um impacto socioecon&ocirc;mico significativo na popula&ccedil;&atilde;o, pois traz melhoria na qualidade de vida por meio da preven&ccedil;&atilde;o de doen&ccedil;as bucais, educa&ccedil;&atilde;o e orienta&ccedil;&atilde;o a h&aacute;bitos de higiene oral. Al&eacute;m disso, a odontologia acess&iacute;vel promove restaura&ccedil;&atilde;o da sa&uacute;de bucal, reabilita&ccedil;&atilde;o oral e melhoria da autoestima frente &agrave; sociedade e na rela&ccedil;&atilde;o de trabalho.<\/p>\n<p>&ldquo;A preven&ccedil;&atilde;o de doen&ccedil;as bucais traz redu&ccedil;&atilde;o dos gastos p&uacute;blicos, al&iacute;vio aos pacientes com diagn&oacute;sticos precoces e evita a interven&ccedil;&atilde;o de procedimentos mais complexos, como interna&ccedil;&otilde;es hospitalares, o que traz um impacto na diminui&ccedil;&atilde;o das despesas p&uacute;blicas&rdquo;, diz.<\/p>\n<p><strong>&ldquo;Prevenir &eacute; o melhor rem&eacute;dio&rdquo;<\/strong><\/p>\n<p>Vaz ressalta que o cuidado com a sa&uacute;de bucal est&aacute; ligado a h&aacute;bitos de limpeza di&aacute;ria. &ldquo;A preven&ccedil;&atilde;o &eacute; o melhor caminho para evitar as principais doen&ccedil;as bucais, dentre elas a c&aacute;rie, gengivite e periodontite&rdquo;, diz. Ela destaca que todas essas doen&ccedil;as podem levar &agrave; perda dos dentes. A periodontite, por exemplo, causa a reabsor&ccedil;&atilde;o do osso que sustenta o dente e, em casos avan&ccedil;ados, leva &agrave; mobilidade e perda dent&aacute;ria.<\/p>\n<p>&ldquo;A c&aacute;rie atinge 60% das crian&ccedil;as jovens, e a gengivite e periodontite os adultos. Essas doen&ccedil;as podem ser evitadas adotando medidas preventivas como boa higiene bucal, e consultas regulares ao dentista&rdquo;, ressalta.<\/p>\n<p>A cirurgi&atilde;-dentista destaca que os cuidados com o sorriso s&atilde;o essenciais: &ldquo;Ir ao dentista regularmente ajuda na manuten&ccedil;&atilde;o da sa&uacute;de bucal, pois, nas consultas regulares, o profissional pode identificar problemas previamente e intervir de maneira mais eficiente, evitando complica&ccedil;&otilde;es mais severas&rdquo;.<\/p>\n<p>Para Vaz, &eacute; preocupante o fato de que a maior parte da popula&ccedil;&atilde;o n&atilde;o vai ao dentista regularmente. Para ela, &eacute; preciso haver uma conscientiza&ccedil;&atilde;o para que os cidad&atilde;os possam compreender a import&acirc;ncia das consultas regulares ao profissional da sa&uacute;de.&nbsp;<\/p>\n<p>&ldquo;Nas consultas, o paciente recebe orienta&ccedil;&atilde;o sobre h&aacute;bitos de higiene oral e &eacute; poss&iacute;vel avaliar problemas de mastiga&ccedil;&atilde;o, fala e, at&eacute; mesmo, fazer o diagn&oacute;stico pr&eacute;vio de c&acirc;ncer bucal&rdquo;, afirma. &ldquo;Segundo dados do Inca (Instituto Nacional do C&acirc;ncer), o Brasil &eacute; o terceiro pa&iacute;s com o maior n&uacute;mero de ocorr&ecirc;ncias de c&acirc;ncer de boca, com 15 mil casos por ano&rdquo;, destaca.<\/p>\n<p><strong>Aten&ccedil;&atilde;o &agrave; sa&uacute;de bucal promove bem-estar<\/strong><\/p>\n<p>Nas palavras de Vaz, entendendo a import&acirc;ncia da sa&uacute;de bucal, &eacute; preciso atentar para a preven&ccedil;&atilde;o de doen&ccedil;as bucais. Por isso, n&atilde;o se deve esperar os sintomas se manifestarem para ir ao dentista. &ldquo;A recomenda&ccedil;&atilde;o &eacute; de que, no m&iacute;nimo a cada seis meses, pessoas de todas as idades passem por uma consulta odontol&oacute;gica para fazer o acompanhamento da sua sa&uacute;de bucal&rdquo;.<\/p>\n<p>A aten&ccedil;&atilde;o &agrave; sa&uacute;de bucal tamb&eacute;m &eacute; importante para os beb&ecirc;s, que est&atilde;o iniciando sua primeira denti&ccedil;&atilde;o, e para os idosos, pois ambas as fases da vida demandam cuidados espec&iacute;ficos, complementa.<\/p>\n<p>A profissional destaca que o dentista, no acompanhamento peri&oacute;dico, far&aacute; o tratamento preventivo como limpeza, remo&ccedil;&atilde;o de t&aacute;rtaro, aplica&ccedil;&atilde;o de fl&uacute;or e selantes em dentes dec&iacute;duos, al&eacute;m de educar e orientar o paciente no cuidado com sa&uacute;de bucal.<\/p>\n<p>&ldquo;Os benef&iacute;cios do tratamento odontol&oacute;gico, al&eacute;m da preven&ccedil;&atilde;o, abrangem procedimentos atendendo &agrave; necessidade de cada paciente, como: tratamento de canal, endodontia, reabilita&ccedil;&atilde;o oral por meio de pr&oacute;teses fixas e remov&iacute;veis, implantes dent&aacute;rios que substituem os dentes naturais, uso de aparelhos ortod&ocirc;nticos para corre&ccedil;&atilde;o dos dentes, favorecendo a mastiga&ccedil;&atilde;o, fona&ccedil;&atilde;o e est&eacute;tica&rdquo;, detalha.<\/p>\n<p>Para concluir, Vaz explica que os tratamentos odontol&oacute;gicos preventivos e curativos s&atilde;o importantes para uma boa condi&ccedil;&atilde;o de sa&uacute;de bucal, bem como para atender de forma espec&iacute;fica &agrave; necessidade do paciente. &ldquo;Manter a sa&uacute;de bucal em dia promove reabilita&ccedil;&atilde;o oral e devolve as fun&ccedil;&otilde;es da mastiga&ccedil;&atilde;o, al&eacute;m de favorecer a est&eacute;tica e melhorar a autoestima, o que leva &agrave; melhoria da qualidade de vida&rdquo;, finaliza.<\/p>\n<p>Para mais informa&ccedil;&otilde;es, basta acessar: <a rel=\"follow noopener\" target='_blank' href='https:\/\/www.instagram.com\/draflavianacoronel\/'>https:\/\/www.instagram.com\/draflavianacoronel\/<\/a><\/p>\n<p>Website: <a target='_blank' href='https:\/\/www.instagram.com\/draflavianacoronel\/' rel=\"follow noopener\">https:\/\/www.instagram.com\/draflavianacoronel\/<\/a><img src='https:\/\/api.dino.com.br\/v2\/news\/tr\/289886' alt='' style='border:0px;width:1px;height:1px' \/><br \/>\nA <b>OESP<\/b> n\u00e3o \u00e9(s\u00e3o) respons\u00e1vel(is) por erros, incorre\u00e7\u00f5es, atrasos ou quaisquer decis\u00f5es tomadas por seus clientes com base nos Conte\u00fados ora disponibilizados, bem como tais Conte\u00fados n\u00e3o representam a opini\u00e3o da <b>OESP<\/b> e s\u00e3o de inteira responsabilidade da <b>Dino Divulgador de Noticias Online Ltda<\/b><\/p>\n","protected":false},"excerpt":{"rendered":"DINO DIVULGADOR DE NOT\u00cdCIAS (DINO &#8211; 14 jul, 2023) &#8211; Mais da metade (55%) dos brasileiros n&atilde;o v&atilde;o ao dentista uma vez por ano, conforme o recomendado, segundo","protected":false},"author":1,"featured_media":67908,"comment_status":"open","ping_status":"closed","sticky":false,"template":"","format":"standard","meta":{"_acf_changed":false,"inline_featured_image":false,"_monsterinsights_skip_tracking":false,"_monsterinsights_sitenote_active":false,"_monsterinsights_sitenote_note":"","_monsterinsights_sitenote_category":0,"footnotes":""},"categories":[34],"tags":[],"class_list":["post-67907","post","type-post","status-publish","format-standard","has-post-thumbnail","hentry","category-releases-geral"],"acf":[],"_links":{"self":[{"href":"https:\/\/bluestudio.estadao.com.br\/agencia-de-comunicacao\/wp-json\/wp\/v2\/posts\/67907","targetHints":{"allow":["GET"]}}],"collection":[{"href":"https:\/\/bluestudio.estadao.com.br\/agencia-de-comunicacao\/wp-json\/wp\/v2\/posts"}],"about":[{"href":"https:\/\/bluestudio.estadao.com.br\/agencia-de-comunicacao\/wp-json\/wp\/v2\/types\/post"}],"author":[{"embeddable":true,"href":"https:\/\/bluestudio.estadao.com.br\/agencia-de-comunicacao\/wp-json\/wp\/v2\/users\/1"}],"replies":[{"embeddable":true,"href":"https:\/\/bluestudio.estadao.com.br\/agencia-de-comunicacao\/wp-json\/wp\/v2\/comments?post=67907"}],"version-history":[{"count":0,"href":"https:\/\/bluestudio.estadao.com.br\/agencia-de-comunicacao\/wp-json\/wp\/v2\/posts\/67907\/revisions"}],"wp:featuredmedia":[{"embeddable":true,"href":"https:\/\/bluestudio.estadao.com.br\/agencia-de-comunicacao\/wp-json\/wp\/v2\/media\/67908"}],"wp:attachment":[{"href":"https:\/\/bluestudio.estadao.com.br\/agencia-de-comunicacao\/wp-json\/wp\/v2\/media?parent=67907"}],"wp:term":[{"taxonomy":"category","embeddable":true,"href":"https:\/\/bluestudio.estadao.com.br\/agencia-de-comunicacao\/wp-json\/wp\/v2\/categories?post=67907"},{"taxonomy":"post_tag","embeddable":true,"href":"https:\/\/bluestudio.estadao.com.br\/agencia-de-comunicacao\/wp-json\/wp\/v2\/tags?post=67907"}],"curies":[{"name":"wp","href":"https:\/\/api.w.org\/{rel}","templated":true}]}}