{"id":67835,"date":"2023-07-14T14:13:00","date_gmt":"2023-07-14T17:13:00","guid":{"rendered":"https:\/\/bluestudio.estadao.com.br\/agencia-de-comunicacao\/prnewswire\/prnewsinternacional\/renner-e-ashua-utilizam-seus-canais-para-aproximar-a-sustentabilidade-do-grande-publico-e-reforcar-compromisso-com-o-tema\/"},"modified":"2023-07-14T14:13:00","modified_gmt":"2023-07-14T17:13:00","slug":"renner-e-ashua-utilizam-seus-canais-para-aproximar-a-sustentabilidade-do-grande-publico-e-reforcar-compromisso-com-o-tema","status":"publish","type":"post","link":"https:\/\/bluestudio.estadao.com.br\/agencia-de-comunicacao\/prnewswire\/prnewsinternacional\/renner-e-ashua-utilizam-seus-canais-para-aproximar-a-sustentabilidade-do-grande-publico-e-reforcar-compromisso-com-o-tema\/","title":{"rendered":"Renner e Ashua utilizam seus canais para aproximar a sustentabilidade do grande p\u00fablico e refor\u00e7ar compromisso com o tema"},"content":{"rendered":"<p><b>PR NEWSWIRE<\/b><\/p>\n<div class=\"xn-content\">\n<p class=\"prntac\"><i>De 10 a 17 de julho, campanha vai destacar iniciativas das duas marcas <\/i><i>e compartilhar informa\u00e7\u00f5es de forma leve e descomplicada<\/i><\/p>\n<p><span class=\"legendSpanClass\"><span class=\"xn-location\">PORTO ALEGRE<\/span>, Brasil\u00a0<\/span>, <span class=\"legendSpanClass\">14 de julho de 2023<\/span> \/PRNewswire\/ &#8212; A partir desta segunda-feira, a sustentabilidade ganhar\u00e1 ainda mais\u00a0protagonismo nos canais de comunica\u00e7\u00e3o da <b>Renner <\/b>e da <b>Ashua<\/b>, marcas da Lojas Renner S.A. que v\u00eam avan\u00e7ando com consist\u00eancia em suas estrat\u00e9gias de moda respons\u00e1vel. Durante a campanha, de 10 a 17 de julho, uma s\u00e9rie de a\u00e7\u00f5es vai aproximar o tema do grande p\u00fablico, levando conhecimento para os clientes de maneira leve e descomplicada.<\/p>\n<div class=\"PRN_ImbeddedAssetReference\" id=\"DivAssetPlaceHolder1463\">\n<a href=\"https:\/\/mma.prnewswire.com\/media\/2154506\/foto_campanha_renner_moda_responsavel_01_credito_divulgacao.html\" target=\"_blank\" rel=\"nofollow noopener\"><img decoding=\"async\" src=\"https:\/\/mma.prnewswire.com\/media\/2154506\/foto_campanha_renner_moda_responsavel_01_credito_divulgacao.jpg\" title=\"\" alt=\"\" \/><\/a><\/p>\n<\/div>\n<p>Nesse per\u00edodo, todas as redes sociais da <b>Renner<\/b>, por exemplo, ser\u00e3o dedicadas exclusivamente a conte\u00fados sobre sustentabilidade, com a participa\u00e7\u00e3o de influenciadores parceiros como <span class=\"xn-person\">Giovanna Nader<\/span> (@giovannanader) e <span class=\"xn-person\">Marieli Mallmann<\/span> (@marielimallmann).<\/p>\n<p>&#8220;A sustentabilidade \u00e9 parte dos nossos valores corporativos e direciona tudo o que fazemos nas marcas do nosso ecossistema. Buscamos ser um agente de transforma\u00e7\u00e3o e sabemos da import\u00e2ncia de refor\u00e7ar cada vez mais a moda respons\u00e1vel na vida de todos, por isso criamos campanhas e iniciativas para disseminar informa\u00e7\u00e3o de maneira simples e engajadora&#8221;, explica a diretora de Marketing da Lojas Renner, Maria Cristina Mer\u00e7on. &#8220;Com esta nova campanha, queremos engajar nossos clientes e demais p\u00fablicos em um movimento de moda respons\u00e1vel, com cumplicidade, convidando-os a se tornarem parte dessa mudan\u00e7a&#8221;, acrescenta.<\/p>\n<p>Ao longo da semana, <b>Renner<\/b> e <b>Ashua<\/b> v\u00e3o abrir um di\u00e1logo em diferentes canais, tomando como ponto de partida suas pr\u00e1ticas de sustentabilidade para desmistificar conceitos e mostrar que todos podem se envolver com o tema. Os conte\u00fados ser\u00e3o ilustrados por um <i>shooting<\/i> com imagens que destacam roupas produzidas com menor impacto e para todos os estilos, relembrando que \u00e9 poss\u00edvel unir tend\u00eancia de moda e sustentabilidade.<\/p>\n<p>Nas redes sociais da <b>Renner<\/b>, a sustentabilidade ser\u00e1 abordada em diversas editorias de conte\u00fado. O &#8220;Radar de Circularidade&#8221; vai trazer\u00a0detalhes\u00a0sobre projetos que estimulam a economia circular, como\u00a0as lojas circulares, por exemplo, formato lan\u00e7ado em 2021 pela <b>Renner<\/b> de forma pioneira no varejo brasileiro.\u00a0O modelo busca garantir a ecoefici\u00eancia e a m\u00e1xima redu\u00e7\u00e3o dos impactos ambientais, da constru\u00e7\u00e3o \u00e0 opera\u00e7\u00e3o. Isso \u00e9 feito atrav\u00e9s de estrat\u00e9gias de reutiliza\u00e7\u00e3o e descarte adequado de materiais, al\u00e9m da diminui\u00e7\u00e3o da gera\u00e7\u00e3o de res\u00edduos, emiss\u00f5es de gases de efeito estufa e consumo de \u00e1gua e energia. Hoje, todas as novas lojas inauguradas pela marca j\u00e1 incorporam pr\u00e1ticas de circularidade.<\/p>\n<p>J\u00e1 na editoria chamada &#8220;Rotina Mais Sustent\u00e1vel&#8221;, a <b>Renner<\/b> vai apresentar produtos de suas linhas de beleza com atributos de sustentabilidade para falar sobre assuntos como autocuidado, maquiagem e bem-estar. A ideia \u00e9 mostrar maneiras simples de introduzir produtos menos impactantes na rotina das pessoas.<\/p>\n<p>Nos canais digitais da <b>Renner<\/b> e da <b>Ashua<\/b>, o &#8220;Radar de Tend\u00eancias&#8221; vai explorar a variedade de pe\u00e7as de vestu\u00e1rio com atributos de sustentabilidade &#8211; que j\u00e1 representam 81,5% do total das duas marcas -, estimulando o p\u00fablico a apostar em <i>looks<\/i> com menor impacto ambiental e muita informa\u00e7\u00e3o de moda. Na editoria de &#8220;Cuidados com o Look Re&#8221;, haver\u00e1 dicas para que o p\u00fablico saiba como identificar produtos mais sustent\u00e1veis nas lojas, aumentar a sua vida \u00fatil e dar o destino correto para as roupas que n\u00e3o usam mais.<\/p>\n<p>Para expandir a conversa, as marcas v\u00e3o contar com a colabora\u00e7\u00e3o de influenciadores parceiros. O <i>squad<\/i> inclui nomes como <span class=\"xn-person\">Marieli Mallmann<\/span> (@marielimallmann), P\u00e2mela Barja (@pambarja), Jade Magalh\u00e3es (@ajademagalhaes), <span class=\"xn-person\">Lucas Bernardini<\/span> (@lucasbernardini), <span class=\"xn-person\">Nanna Fernandes<\/span> (@nannoca), <span class=\"xn-person\">Dante Olivier<\/span> (@olivier.dante), <span class=\"xn-person\">Gabi Berri<\/span> (@gabiberri), <span class=\"xn-person\">Camila Cura<\/span> (@camilacura), <span class=\"xn-person\">Lilla Marinho<\/span> (@lillamarinho) e <span class=\"xn-person\">Gabriela Pereira<\/span> (@oplusdagabi), al\u00e9m da comunicadora socioambiental <span class=\"xn-person\">Giovanna Nader<\/span> (@giovannanader), que tamb\u00e9m assinar\u00e1 um texto para o blog da Renner.<\/p>\n<p>Complementando a mobiliza\u00e7\u00e3o nos canais digitais, a campanha inclui ainda comunica\u00e7\u00e3o interna e a\u00e7\u00f5es em pontos de venda f\u00edsicos. Nas lojas circulares da <b>Renner<\/b>, <i>videowalls<\/i> v\u00e3o exibir mensagens de sustentabilidade e divulgar grandes n\u00fameros da estrat\u00e9gia de moda respons\u00e1vel da varejista. Na R\u00e1dio Renner, que garante a trilha sonora dos clientes em compras, um <i>jingle<\/i> vai chamar aten\u00e7\u00e3o para as a\u00e7\u00f5es da campanha de comunica\u00e7\u00e3o.<\/p>\n<p><u>Jornada ESG<\/u><b>\u00a0&#8211; <\/b>Os conte\u00fados desta semana ir\u00e3o desdobrar informa\u00e7\u00f5es, iniciativas e atributos de sustentabilidade a partir de a\u00e7\u00f5es concretas das marcas nessa frente, dentro do ecossistema de moda e lifestyle da Lojas Renner S.A. Ter\u00e3o destaque metas de sustentabilidade j\u00e1 alcan\u00e7adas e compromissos p\u00fablicos assumidos pela companhia para garantir a evolu\u00e7\u00e3o cont\u00ednua das pr\u00e1ticas socioambientais em toda cadeia produtiva.<\/p>\n<p>Desde 2021, a <b>Renner<\/b> e <b>Ashua<\/b> t\u00eam mais 80% de pe\u00e7as mais sustent\u00e1veis (em 2022 o patamar chegou a 81,5%),\u00a0feitas com mat\u00e9rias-primas ou processos com menor impacto no meio ambiente. Essas roupas s\u00e3o produzidas com tecidos como o algod\u00e3o e a viscose certificada, o fio reciclado e a poliamida biodegrad\u00e1vel, ou atrav\u00e9s de processos com redu\u00e7\u00e3o do consumo de \u00e1gua e uso de t\u00e9cnicas de upcycling, que reaproveita pe\u00e7as em desuso, amostras e sobras de tecido, reinserindo esses materiais no ciclo de vida dos produtos. A companhia assumiu o compromisso p\u00fablico de ter 100% de pe\u00e7as de vestu\u00e1rio menos impactantes at\u00e9 2030.<\/p>\n<p>A <b>Renner<\/b> e a <b>Ashua<\/b> tamb\u00e9m j\u00e1 contam com 100% de fornecedores que possuem certifica\u00e7\u00e3o socioambiental e produzem de forma respons\u00e1vel.\u00a0A companhia oferece programas de qualifica\u00e7\u00e3o para contribuir com a evolu\u00e7\u00e3o cont\u00ednua das pr\u00e1ticas socioambientais de seus parceiros, influenciando positivamente o setor t\u00eaxtil. Al\u00e9m disso, 70% da produ\u00e7\u00e3o das marcas \u00e9 feita no Brasil, o que possibilita um relacionamento pr\u00f3ximo com os fornecedores, potencializa a\u00e7\u00f5es de qualifica\u00e7\u00e3o e contribui com a economia nacional e com a ind\u00fastria local. Atualmente, a cadeia de fornecimento de produtos de vestu\u00e1rio das marcas da Lojas Renner S.A. \u00e9 composta por mais de 1.200 empresas no pa\u00eds, com gera\u00e7\u00e3o de mais de 100 mil empregos.<\/p>\n<p>Foto &#8211; <a href=\"https:\/\/mma.prnewswire.com\/media\/2154506\/foto_campanha_renner_moda_responsavel_01_credito_divulgacao.jpg\" target=\"_blank\" rel=\"nofollow noopener\">https:\/\/mma.prnewswire.com\/media\/2154506\/foto_campanha_renner_moda_responsavel_01_credito_divulgacao.jpg<\/a><\/p>\n<div class=\"PRN_ImbeddedAssetReference\" id=\"DivAssetPlaceHolder0\"><\/div>\n<p>FONTE  Renner e Ashua<\/p>\n<\/div>\n<p><img decoding=\"async\" alt=\"\" src=\"https:\/\/rt.prnewswire.com\/rt.gif?NewsItemId=PT58075&amp;Transmission_Id=202307141300PR_NEWS_LATAM____PT58075&amp;DateId=20230714\" style=\"border:0px;width:1px;height:1px\" \/><\/p>\n<p>A <b>OESP<\/b> n\u00e3o \u00e9(s\u00e3o) respons\u00e1vel(is) por erros, incorre\u00e7\u00f5es, atrasos ou quaisquer decis\u00f5es tomadas por seus clientes com base nos Conte\u00fados ora disponibilizados, bem como tais Conte\u00fados n\u00e3o representam a opini\u00e3o da <b>OESP<\/b> e s\u00e3o de inteira responsabilidade da <b>PR Newswire Ltda<\/b><\/p>\n","protected":false},"excerpt":{"rendered":"PR NEWSWIRE De 10 a 17 de julho, campanha vai destacar iniciativas das duas marcas e compartilhar informa\u00e7\u00f5es de forma leve e descomplicada PORTO ALEGRE, Brasil\u00a0, 14 de julho de 2023 \/PRNewswire\/","protected":false},"author":1,"featured_media":67836,"comment_status":"open","ping_status":"closed","sticky":false,"template":"","format":"standard","meta":{"_acf_changed":false,"inline_featured_image":false,"_monsterinsights_skip_tracking":false,"_monsterinsights_sitenote_active":false,"_monsterinsights_sitenote_note":"","_monsterinsights_sitenote_category":0,"footnotes":""},"categories":[31],"tags":[],"class_list":["post-67835","post","type-post","status-publish","format-standard","has-post-thumbnail","hentry","category-prnewsinternacional"],"acf":[],"_links":{"self":[{"href":"https:\/\/bluestudio.estadao.com.br\/agencia-de-comunicacao\/wp-json\/wp\/v2\/posts\/67835","targetHints":{"allow":["GET"]}}],"collection":[{"href":"https:\/\/bluestudio.estadao.com.br\/agencia-de-comunicacao\/wp-json\/wp\/v2\/posts"}],"about":[{"href":"https:\/\/bluestudio.estadao.com.br\/agencia-de-comunicacao\/wp-json\/wp\/v2\/types\/post"}],"author":[{"embeddable":true,"href":"https:\/\/bluestudio.estadao.com.br\/agencia-de-comunicacao\/wp-json\/wp\/v2\/users\/1"}],"replies":[{"embeddable":true,"href":"https:\/\/bluestudio.estadao.com.br\/agencia-de-comunicacao\/wp-json\/wp\/v2\/comments?post=67835"}],"version-history":[{"count":0,"href":"https:\/\/bluestudio.estadao.com.br\/agencia-de-comunicacao\/wp-json\/wp\/v2\/posts\/67835\/revisions"}],"wp:featuredmedia":[{"embeddable":true,"href":"https:\/\/bluestudio.estadao.com.br\/agencia-de-comunicacao\/wp-json\/wp\/v2\/media\/67836"}],"wp:attachment":[{"href":"https:\/\/bluestudio.estadao.com.br\/agencia-de-comunicacao\/wp-json\/wp\/v2\/media?parent=67835"}],"wp:term":[{"taxonomy":"category","embeddable":true,"href":"https:\/\/bluestudio.estadao.com.br\/agencia-de-comunicacao\/wp-json\/wp\/v2\/categories?post=67835"},{"taxonomy":"post_tag","embeddable":true,"href":"https:\/\/bluestudio.estadao.com.br\/agencia-de-comunicacao\/wp-json\/wp\/v2\/tags?post=67835"}],"curies":[{"name":"wp","href":"https:\/\/api.w.org\/{rel}","templated":true}]}}