{"id":67716,"date":"2023-07-11T11:57:00","date_gmt":"2023-07-11T14:57:00","guid":{"rendered":"https:\/\/bluestudio.estadao.com.br\/agencia-de-comunicacao\/prnewswire\/prnewseconomia\/luiz-henrique-valverde-e-o-novo-presidente-do-ibri\/"},"modified":"2023-07-11T11:57:00","modified_gmt":"2023-07-11T14:57:00","slug":"luiz-henrique-valverde-e-o-novo-presidente-do-ibri","status":"publish","type":"post","link":"https:\/\/bluestudio.estadao.com.br\/agencia-de-comunicacao\/prnewswire\/prnewseconomia\/luiz-henrique-valverde-e-o-novo-presidente-do-ibri\/","title":{"rendered":"Luiz Henrique Valverde \u00e9 o novo presidente do IBRI"},"content":{"rendered":"<p><b>PR NEWSWIRE<\/b><\/p>\n<div class=\"xn-content\">\n<span class=\"legendSpanClass\">S\u00c3O PAULO<\/span>, <span class=\"legendSpanClass\">11 de julho de 2023<\/span> <span>\/PRNewswire\/ &#8212; <span class=\"xn-person\">Luiz Henrique Valverde<\/span> inicia seu mandato como presidente executivo do IBRI (Instituto Brasileiro de Rela\u00e7\u00f5es com Investidores) em julho de 2023, substituindo <span class=\"xn-person\">Jean Philippe Leroy<\/span>.<\/span><\/p>\n<div class=\"PRN_ImbeddedAssetReference\" id=\"DivAssetPlaceHolder1\">\n<a href=\"https:\/\/mma.prnewswire.com\/media\/2151728\/LHCV.html\" target=\"_blank\" rel=\"nofollow noopener\">  <img decoding=\"async\" src=\"https:\/\/mma.prnewswire.com\/media\/2151728\/LHCV.jpg\" title=\"\" alt=\"\" \/><\/a>\n <\/p>\n<\/p><\/div>\n<p><b><span>Novo presidente<\/span><\/b><span> &#8211; <span class=\"xn-person\">Luiz Valverde<\/span> \u00e9 um profissional com vasta experi\u00eancia em Mercado de Capitais. Foi respons\u00e1vel pela \u00e1rea de Rela\u00e7\u00f5es com Investidores em grandes empresas como Biosev, Springs Global, Unigel e Braskem. Al\u00e9m disso, atuou na Dow Qu\u00edmica. Engenheiro Qu\u00edmico de forma\u00e7\u00e3o, tem p\u00f3s-gradua\u00e7\u00e3o em Finan\u00e7as Empresariais pela FGV (Funda\u00e7\u00e3o <span class=\"xn-person\">Getulio Vargas<\/span>), Especializa\u00e7\u00e3o em Mercado de Capitais pela USP (Universidade de S\u00e3o Paulo) e MBA pela <i>Business School S\u00e3o Paulo<\/i>. <span class=\"xn-person\">Foi Vice-Presidente<\/span> do IBRI no per\u00edodo de 2006 a 2009.<\/span><\/p>\n<p><span>&#8220;Estou muito feliz em assumir o cargo de presidente executivo do IBRI e executar a miss\u00e3o do Instituto, que \u00e9 o aperfei\u00e7oamento e valoriza\u00e7\u00e3o dos profissionais de Rela\u00e7\u00f5es com Investidores. E, com isso, contribuir para o desenvolvimento do Mercado de Capitais no Brasil&#8221;, declara <span class=\"xn-person\">Luiz Valverde<\/span>.<\/span><\/p>\n<p><span>Fonte: IBRI<\/span><\/p>\n<p>Foto &#8211; <a href=\"https:\/\/mma.prnewswire.com\/media\/2151728\/LHCV.jpg\" target=\"_blank\" rel=\"nofollow noopener\">https:\/\/mma.prnewswire.com\/media\/2151728\/LHCV.jpg<\/a><\/p>\n<div class=\"PRN_ImbeddedAssetReference\" id=\"DivAssetPlaceHolder2\"><\/div>\n<p><span class=\"xn-person\">FONTE  IBRI<\/span><\/p>\n<\/div>\n<p><img decoding=\"async\" alt=\"\" src=\"https:\/\/rt.prnewswire.com\/rt.gif?NewsItemId=PT54572&amp;Transmission_Id=202307111056PR_NEWS_LATAM____PT54572&amp;DateId=20230711\" style=\"border:0px;width:1px;height:1px\" \/><\/p>\n<p>A <b>OESP<\/b> n\u00e3o \u00e9(s\u00e3o) respons\u00e1vel(is) por erros, incorre\u00e7\u00f5es, atrasos ou quaisquer decis\u00f5es tomadas por seus clientes com base nos Conte\u00fados ora disponibilizados, bem como tais Conte\u00fados n\u00e3o representam a opini\u00e3o da <b>OESP<\/b> e s\u00e3o de inteira responsabilidade da <b>PR Newswire Ltda<\/b><\/p>\n","protected":false},"excerpt":{"rendered":"PR NEWSWIRE S\u00c3O PAULO, 11 de julho de 2023 \/PRNewswire\/ &#8212; Luiz Henrique Valverde inicia seu mandato como presidente executivo do IBRI (Instituto Brasileiro de Rela\u00e7\u00f5es com Investidores) em","protected":false},"author":1,"featured_media":67717,"comment_status":"open","ping_status":"closed","sticky":false,"template":"","format":"standard","meta":{"_acf_changed":false,"inline_featured_image":false,"_monsterinsights_skip_tracking":false,"_monsterinsights_sitenote_active":false,"_monsterinsights_sitenote_note":"","_monsterinsights_sitenote_category":0,"footnotes":""},"categories":[29],"tags":[],"class_list":["post-67716","post","type-post","status-publish","format-standard","has-post-thumbnail","hentry","category-prnewseconomia"],"acf":[],"_links":{"self":[{"href":"https:\/\/bluestudio.estadao.com.br\/agencia-de-comunicacao\/wp-json\/wp\/v2\/posts\/67716","targetHints":{"allow":["GET"]}}],"collection":[{"href":"https:\/\/bluestudio.estadao.com.br\/agencia-de-comunicacao\/wp-json\/wp\/v2\/posts"}],"about":[{"href":"https:\/\/bluestudio.estadao.com.br\/agencia-de-comunicacao\/wp-json\/wp\/v2\/types\/post"}],"author":[{"embeddable":true,"href":"https:\/\/bluestudio.estadao.com.br\/agencia-de-comunicacao\/wp-json\/wp\/v2\/users\/1"}],"replies":[{"embeddable":true,"href":"https:\/\/bluestudio.estadao.com.br\/agencia-de-comunicacao\/wp-json\/wp\/v2\/comments?post=67716"}],"version-history":[{"count":0,"href":"https:\/\/bluestudio.estadao.com.br\/agencia-de-comunicacao\/wp-json\/wp\/v2\/posts\/67716\/revisions"}],"wp:featuredmedia":[{"embeddable":true,"href":"https:\/\/bluestudio.estadao.com.br\/agencia-de-comunicacao\/wp-json\/wp\/v2\/media\/67717"}],"wp:attachment":[{"href":"https:\/\/bluestudio.estadao.com.br\/agencia-de-comunicacao\/wp-json\/wp\/v2\/media?parent=67716"}],"wp:term":[{"taxonomy":"category","embeddable":true,"href":"https:\/\/bluestudio.estadao.com.br\/agencia-de-comunicacao\/wp-json\/wp\/v2\/categories?post=67716"},{"taxonomy":"post_tag","embeddable":true,"href":"https:\/\/bluestudio.estadao.com.br\/agencia-de-comunicacao\/wp-json\/wp\/v2\/tags?post=67716"}],"curies":[{"name":"wp","href":"https:\/\/api.w.org\/{rel}","templated":true}]}}