{"id":67310,"date":"2023-06-30T17:58:00","date_gmt":"2023-06-30T20:58:00","guid":{"rendered":"https:\/\/bluestudio.estadao.com.br\/agencia-de-comunicacao\/prnewswire\/prnewsinternacional\/67310\/pele-ressecada-e-repuxada-por-conta-da-queda-de-temperatura-confira-quais-sao-os-hidratantes-que-podem-te-ajudar-a-reverter-essa-situacao\/"},"modified":"2023-06-30T17:58:00","modified_gmt":"2023-06-30T20:58:00","slug":"pele-ressecada-e-repuxada-por-conta-da-queda-de-temperatura-confira-quais-sao-os-hidratantes-que-podem-te-ajudar-a-reverter-essa-situacao","status":"publish","type":"post","link":"https:\/\/bluestudio.estadao.com.br\/agencia-de-comunicacao\/prnewswire\/prnewsinternacional\/pele-ressecada-e-repuxada-por-conta-da-queda-de-temperatura-confira-quais-sao-os-hidratantes-que-podem-te-ajudar-a-reverter-essa-situacao\/","title":{"rendered":"Pele ressecada e repuxada por conta da queda de temperatura? Confira quais s\u00e3o os hidratantes que podem te ajudar a reverter essa situa\u00e7\u00e3o"},"content":{"rendered":"<p><b>PR NEWSWIRE<\/b><\/p>\n<div class=\"xn-content\">\n<p class=\"prntac\"><i>Com a chegada do inverno, a pele pode ficar mais sens\u00edvel e, por isso, \u00e9 importante incluir hidratantes potentes na rotina de autocuidado<\/i><\/p>\n<p><span class=\"legendSpanClass\">S\u00c3O PAULO<\/span>, <span class=\"legendSpanClass\">30 de junho de 2023<\/span> \/PRNewswire\/ &#8212; Baixas temperaturas, clima seco e banhos mais quentes marcam a chegada do inverno. A esta\u00e7\u00e3o mais fria do ano exige mais aten\u00e7\u00e3o \u00e0 sa\u00fade e isso inclui os cuidados com a pele, respeitando as necessidades e individualidades de cada uma. E para quem j\u00e1 sofre com o\u00a0ressecamento normalmente, \u00e9 preciso redobrar os cuidados para manter a hidrata\u00e7\u00e3o em dia e reduzir os sinais da pele sens\u00edvel (aspereza, desconforto, ressecamento, repuxamento e barreira cut\u00e2nea enfraquecida).<\/p>\n<p>O ressecamento atribui \u00e0 pele mais sensibilidade e desequil\u00edbrio. Durante o frio, ficamos mais suscet\u00edveis a desenvolver inflama\u00e7\u00f5es<sup>1<\/sup>, como dermatite ou eczema, que podem causar coceira e desconforto. Produtos que contenham glicerina, pantenol e niacinamida na formula\u00e7\u00e3o s\u00e3o uma boa escolha nessa \u00e9poca do ano para garantir uma boa dose de hidrata\u00e7\u00e3o di\u00e1ria, al\u00e9m de ajudar a acalmar a pele<sup>2<\/sup>, reduzindo os sinais da pele sens\u00edvel<sup>3<\/sup>.<\/p>\n<p>O tempo seco \u00e9 um dos principais fatores que influenciam na perda da hidrata\u00e7\u00e3o natural da pele. O resultado \u00e9 a sensa\u00e7\u00e3o de aspereza e repuxamento, que tamb\u00e9m costumam causar bastante desconforto. Esses sinais de pele sens\u00edvel, que pode atingir todas as pessoas, \u00e9 um forte ind\u00edcio de que a pele est\u00e1 pedindo por uma boa dose de hidrata\u00e7\u00e3o.<\/p>\n<p>E para ajudar na reposi\u00e7\u00e3o dos nutrientes da pele, \u00e9 importante, al\u00e9m do consumo de \u00e1gua, incluir produtos que promovem uma hidrata\u00e7\u00e3o profunda, prolongada e que combata os 5 sinais da pele sens\u00edvel: aspereza, desconforto, ressecamento, repuxamento e barreira cut\u00e2nea enfraquecida. Pensando nisso, Cetaphil listou op\u00e7\u00f5es que s\u00e3o recomendadas por 9 em cada 10 dermatologistas<sup>4<\/sup> e que atuam para trazer equil\u00edbrio e conforto para todos os tipos de pele.<\/p>\n<div class=\"PRN_ImbeddedAssetReference\" id=\"DivAssetPlaceHolder3626\">\n<a href=\"https:\/\/mma.prnewswire.com\/media\/2145550\/Foto_01.html\" target=\"_blank\" rel=\"nofollow noopener\"><img decoding=\"async\" src=\"https:\/\/mma.prnewswire.com\/media\/2145550\/Foto_01.jpg\" title=\"\" alt=\"\" \/><\/a><\/p>\n<\/div>\n<p>Reduzir a sensa\u00e7\u00e3o de aspereza<sup>5<\/sup> \u00e9 essencial para diminuir os inc\u00f4modos causados na pele pelo tempo seco. A\u00a0<b><a href=\"https:\/\/www.cetaphil.com.br\/hidratacao\/lo%C3%A7%C3%A3o-hidratante-cetaphil\/7897930762059.html\" target=\"_blank\" rel=\"nofollow noopener\">Lo\u00e7\u00e3o Hidratante Cetaphil<\/a><\/b> \u00e9 uma \u00f3tima escolha para auxiliar a hidrata\u00e7\u00e3o da pele normal, seca e sens\u00edvel. O produto reduz o ressecamento de maneira imediata<sup>6<\/sup> e fortalece a barreira cut\u00e2nea em 24 horas<sup>7<\/sup>. Al\u00e9m disso, sua textura leve \u00e9 rapidamente absorvida<sup>8<\/sup>, e conta com niacinamida, pantenol e glicerina em sua formula\u00e7\u00e3o.<\/p>\n<p>A Lo\u00e7\u00e3o Hidratante Cetaphil 200ml est\u00e1 com a promo\u00e7\u00e3o &#8220;Leve 2, Pague 1&#8221;, na <a href=\"https:\/\/www.drogaraia.com.br\/cetaphil-locao-hidratante-corporal-200ml.html\" target=\"_blank\" rel=\"nofollow noopener\">Droga Raia<\/a>. As duas unidades saem por <span class=\"xn-money\">R$69,90<\/span> e a promo\u00e7\u00e3o \u00e9 v\u00e1lida at\u00e9 31\/08 ou enquanto durarem os estoques. A vers\u00e3o de 473g est\u00e1 com <a href=\"https:\/\/www.drogaraia.com.br\/galderma-cetaphil-locao-hidratante-473g-760223.html\" target=\"_blank\" rel=\"nofollow noopener\">pre\u00e7o sugerido<\/a> de <span class=\"xn-money\">R$167,81<\/span>.<\/p>\n<div class=\"PRN_ImbeddedAssetReference\" id=\"DivAssetPlaceHolder5597\">\n<a href=\"https:\/\/mma.prnewswire.com\/media\/2145551\/Foto_02.html\" target=\"_blank\" rel=\"nofollow noopener\"><img decoding=\"async\" src=\"https:\/\/mma.prnewswire.com\/media\/2145551\/Foto_02.jpg\" title=\"\" alt=\"\" \/><\/a><\/p>\n<\/div>\n<p>O ressecamento \u00e9 um sinal de desequil\u00edbrio da pele que pode ocasionar aspereza e repuxamento. Para diminuir esses desconfortos no dia a dia, \u00e9 ideal encontrar uma alternativa que reverta essa situa\u00e7\u00e3o de maneira r\u00e1pida e eficiente. Em uma semana de uso, a <b><a href=\"https:\/\/www.cetaphil.com.br\/hidratacao\/lo%C3%A7%C3%A3o-advanced-cetaphil\/7897930776066.html\" target=\"_blank\" rel=\"nofollow noopener\">Lo\u00e7\u00e3o Advanced Cetaphil<\/a><\/b> ajuda a reparar a barreira cut\u00e2nea danificada (\u00e9 clinicamente testada para acelerar esse processo<sup>9<\/sup>), al\u00e9m de garantir uma pele nutrida por 48 horas<sup>10<\/sup>. Tamb\u00e9m conta com niacinamida, pantenol e glicerina em sua formula\u00e7\u00e3o.<\/p>\n<p>Dispon\u00edvel em redes de farm\u00e1cias e e-commerces, como <a href=\"https:\/\/www.drogaraia.com.br\/cetaphil-advanced-moisturizer-pump-creme-hidratante-p-pele-seca-e-sensivel-p-o-corpo-e-rosto-473g.html\" target=\"_blank\" rel=\"nofollow noopener\">Droga Raia<\/a>, pelo pre\u00e7o sugerido de <span class=\"xn-money\">R$139,90<\/span>.<\/p>\n<div class=\"PRN_ImbeddedAssetReference\" id=\"DivAssetPlaceHolder4171\">\n<a href=\"https:\/\/mma.prnewswire.com\/media\/2145552\/Foto_03.html\" target=\"_blank\" rel=\"nofollow noopener\"><img decoding=\"async\" src=\"https:\/\/mma.prnewswire.com\/media\/2145552\/Foto_03.jpg\" title=\"\" alt=\"\" \/><\/a><\/p>\n<\/div>\n<p>A pele extremamente seca e sens\u00edvel requer cuidados ainda mais intensos. Uma boa op\u00e7\u00e3o para isso \u00e9 o <b><a href=\"https:\/\/www.cetaphil.com.br\/hidratacao\/creme-hidratante-cetaphil\/7897930762052.html\" target=\"_blank\" rel=\"nofollow noopener\">Creme Hidratante Cetaphil<\/a><\/b>, que ajuda a melhorar significativamente a barreira cut\u00e2nea em 3 dias<sup>11<\/sup>, al\u00e9m de garantir uma restaura\u00e7\u00e3o completa em uma semana<sup>12<\/sup>.<\/p>\n<p>O Creme Hidratante Cetaphil 453g est\u00e1 com pre\u00e7o sugerido de <span class=\"xn-money\">R$114,90<\/span> na <a href=\"https:\/\/www.drogaraia.com.br\/cetaphil-creme-hidratante-para-o-corpo-especifico-para-areas-extremamente-secas-com-453-gramas.html\" target=\"_blank\" rel=\"nofollow noopener\">Droga Raia<\/a>.<\/p>\n<p>Hidrata\u00e7\u00e3o prolongada<sup>14<\/sup>, redu\u00e7\u00e3o da sensibilidade da pele<sup>15<\/sup> e fortalecimento da barreira cut\u00e2nea<sup>16<\/sup> s\u00e3o alguns dos benef\u00edcios que a sua pele pode ter com o uso de Cetaphil, a marca n\u00famero 1 em recomenda\u00e7\u00e3o dos dermatologistas<sup>17<\/sup>. A combina\u00e7\u00e3o de pantenol, niacinamida e glicerina, presente em seus hidratantes, vai te ajudar a enfrentar os dias mais frios do ano com a pele hidratada. Vale lembrar que \u00e9 sempre importante consultar um dermatologista, para que ele indique os produtos adequados \u00e0s suas necessidades. Mais informa\u00e7\u00f5es: <a href=\"http:\/\/www.cetaphil.com.br\/\" target=\"_blank\" rel=\"nofollow noopener\">www.cetaphil.com.br<\/a>.<\/p>\n<p><i><sup>1<\/sup><\/i><i>Informa\u00e7\u00e3o dispon\u00edvel em <a href=\"https:\/\/www.sbd-sp.org.br\/geral\/pelenoinverno\" target=\"_blank\" rel=\"nofollow noopener\">https:\/\/www.sbd-sp.org.br\/geral\/pelenoinverno<\/a>. Acesso em <span class=\"xn-chron\">22\/05\/3023<\/span><br \/><\/i><\/p>\n<p><i><sup>2-3<\/sup><\/i><i>16827015 Bissett DL Clin Dermatol. 2009 Sep-Oct;27(5):435-45<br \/><\/i><\/p>\n<p><i><sup>4<\/sup><\/i><i>\u00a0Pesquisa realizada com 200 dermatologistas &copy; Inception | dezembro de 2022 | 93% dos profissionais entrevistados recomendam Cetaphil para hidrata\u00e7\u00e3o corporal &copy; Inception | Dezembro de 2022<br \/><\/i><\/p>\n<p><i><sup>5<\/sup><\/i><i>\u00a0RD.53.SRE.203722 (FIL 1745)<br \/><\/i><\/p>\n<p><i><sup>6<\/sup><\/i><i> RD.53.SRE.203722 (FIL 1745); estudo realizado com 36 participantes durante 28 dias de aplica\u00e7\u00e3o<br \/><\/i><\/p>\n<p><i><sup>7<\/sup><\/i><i> RD.27.SPR.203917 Hydration_CeraV (FIL 1745)<br \/><\/i><\/p>\n<p><i><sup>8<\/sup><\/i><i>\u00a0RD.53.SRE.203722 (FIL 1745)<br \/><\/i><\/p>\n<p><i><sup>9<\/sup><\/i><i> RD.53.SRE.203896 (FIL 1743)<br \/><\/i><\/p>\n<p><i><sup>10<\/sup><\/i><i>\u00a0RD.53.SRE.203906 In Use Report_1743_2021; B201214RD1_2299_203917v1_Hydration Report_1743_2021<br \/><\/i><\/p>\n<p><i><sup><span class=\"xn-chron\">11-12-13<\/span><\/sup><\/i><i>\u00a0GLI.04.SPR.US10402<br \/><\/i><i>*Estudo realizado com 50 participantes durante 14 dias de aplica\u00e7\u00e3o<\/i><\/p>\n<p><i><sup>14-16<\/sup><\/i>\u00a0GLI.04.SPR.US10402<\/p>\n<p><i><sup>15<\/sup><\/i><i>16827015 Bissett DL Clin Dermatol. <\/i><i>2009 Sep-Oct;27(5):435-45<br \/><\/i><\/p>\n<p><i><sup>17<\/sup><\/i><i>Pesquisa realizada com 200 dermatologistas &copy; Inception | Dezembro de 2022.<br \/>**93% dos profissionais entrevistados recomendam Cetaphil para hidrata\u00e7\u00e3o corporal &copy; Inception | Dezembro de 2022.<\/i><\/p>\n<p><b>Sobre a Galderma<br \/><\/b>A Galderma \u00e9 a empresa l\u00edder na categoria exclusivamente dedicada \u00e0 dermatologia, presente em aproximadamente 90 pa\u00edses. Fornecemos um portf\u00f3lio inovador e baseado na ci\u00eancia de marcas e servi\u00e7os\u00a0premium que abrangem todo o espectro do mercado de dermatologia em r\u00e1pido crescimento, por meio de Est\u00e9tica Injet\u00e1vel, Dermocosm\u00e9ticos e Dermatologia Terap\u00eautica. Desde nossa funda\u00e7\u00e3o em 1981, dedicamos nosso foco e paix\u00e3o ao maior \u00f3rg\u00e3o do corpo humano &#8211; a pele &#8211; atendendo \u00e0s necessidades individuais de consumidores e pacientes com resultados superiores em parceria com profissionais de sa\u00fade. Estamos avan\u00e7ando a dermatologia para cada hist\u00f3ria de pele, porque entendemos que a pele em que estamos molda nossas hist\u00f3rias de vida. Para mais informa\u00e7\u00f5es: <a href=\"https:\/\/www.cetaphil.com.br\/\" target=\"_blank\" rel=\"nofollow noopener\">www.cetaphil.com.br<\/a>.<\/p>\n<p>Foto &#8211; <a href=\"https:\/\/mma.prnewswire.com\/media\/2145550\/Foto_01.jpg\" target=\"_blank\" rel=\"nofollow noopener\">https:\/\/mma.prnewswire.com\/media\/2145550\/Foto_01.jpg<\/a><br \/>Foto &#8211; <a href=\"https:\/\/mma.prnewswire.com\/media\/2145551\/Foto_02.jpg\" target=\"_blank\" rel=\"nofollow noopener\">https:\/\/mma.prnewswire.com\/media\/2145551\/Foto_02.jpg<\/a><br \/>Foto &#8211; <a href=\"https:\/\/mma.prnewswire.com\/media\/2145552\/Foto_03.jpg\" target=\"_blank\" rel=\"nofollow noopener\">https:\/\/mma.prnewswire.com\/media\/2145552\/Foto_03.jpg<\/a><\/p>\n<div class=\"PRN_ImbeddedAssetReference\" id=\"DivAssetPlaceHolder0\"><\/div>\n<p>FONTE  Galderma<\/p>\n<\/div>\n<p><img decoding=\"async\" alt=\"\" src=\"https:\/\/rt.prnewswire.com\/rt.gif?NewsItemId=PT47903&amp;Transmission_Id=202306301655PR_NEWS_LATAM____PT47903&amp;DateId=20230630\" style=\"border:0px;width:1px;height:1px\" \/><\/p>\n<p>A <b>OESP<\/b> n\u00e3o \u00e9(s\u00e3o) respons\u00e1vel(is) por erros, incorre\u00e7\u00f5es, atrasos ou quaisquer decis\u00f5es tomadas por seus clientes com base nos Conte\u00fados ora disponibilizados, bem como tais Conte\u00fados n\u00e3o representam a opini\u00e3o da <b>OESP<\/b> e s\u00e3o de inteira responsabilidade da <b>PR Newswire Ltda<\/b><\/p>\n","protected":false},"excerpt":{"rendered":"PR NEWSWIRE Com a chegada do inverno, a pele pode ficar mais sens\u00edvel e, por isso, \u00e9 importante incluir hidratantes potentes na rotina de autocuidado S\u00c3O PAULO, 30 de junho de 2023 \/PRNewswire\/","protected":false},"author":1,"featured_media":67311,"comment_status":"open","ping_status":"closed","sticky":false,"template":"","format":"standard","meta":{"_acf_changed":false,"inline_featured_image":false,"_monsterinsights_skip_tracking":false,"_monsterinsights_sitenote_active":false,"_monsterinsights_sitenote_note":"","_monsterinsights_sitenote_category":0,"footnotes":""},"categories":[31],"tags":[],"class_list":["post-67310","post","type-post","status-publish","format-standard","has-post-thumbnail","hentry","category-prnewsinternacional"],"acf":[],"_links":{"self":[{"href":"https:\/\/bluestudio.estadao.com.br\/agencia-de-comunicacao\/wp-json\/wp\/v2\/posts\/67310","targetHints":{"allow":["GET"]}}],"collection":[{"href":"https:\/\/bluestudio.estadao.com.br\/agencia-de-comunicacao\/wp-json\/wp\/v2\/posts"}],"about":[{"href":"https:\/\/bluestudio.estadao.com.br\/agencia-de-comunicacao\/wp-json\/wp\/v2\/types\/post"}],"author":[{"embeddable":true,"href":"https:\/\/bluestudio.estadao.com.br\/agencia-de-comunicacao\/wp-json\/wp\/v2\/users\/1"}],"replies":[{"embeddable":true,"href":"https:\/\/bluestudio.estadao.com.br\/agencia-de-comunicacao\/wp-json\/wp\/v2\/comments?post=67310"}],"version-history":[{"count":0,"href":"https:\/\/bluestudio.estadao.com.br\/agencia-de-comunicacao\/wp-json\/wp\/v2\/posts\/67310\/revisions"}],"wp:featuredmedia":[{"embeddable":true,"href":"https:\/\/bluestudio.estadao.com.br\/agencia-de-comunicacao\/wp-json\/wp\/v2\/media\/67311"}],"wp:attachment":[{"href":"https:\/\/bluestudio.estadao.com.br\/agencia-de-comunicacao\/wp-json\/wp\/v2\/media?parent=67310"}],"wp:term":[{"taxonomy":"category","embeddable":true,"href":"https:\/\/bluestudio.estadao.com.br\/agencia-de-comunicacao\/wp-json\/wp\/v2\/categories?post=67310"},{"taxonomy":"post_tag","embeddable":true,"href":"https:\/\/bluestudio.estadao.com.br\/agencia-de-comunicacao\/wp-json\/wp\/v2\/tags?post=67310"}],"curies":[{"name":"wp","href":"https:\/\/api.w.org\/{rel}","templated":true}]}}