{"id":67300,"date":"2023-06-30T14:43:00","date_gmt":"2023-06-30T17:43:00","guid":{"rendered":"https:\/\/bluestudio.estadao.com.br\/agencia-de-comunicacao\/prnewswire\/prnewsinternacional\/67300\/ferias-a-vista-cuidar-da-pele-reencontrar-amigos-e-viajar-veja-como-curtir-durante-a-epoca-mais-fria-do-ano\/"},"modified":"2023-06-30T14:43:00","modified_gmt":"2023-06-30T17:43:00","slug":"ferias-a-vista-cuidar-da-pele-reencontrar-amigos-e-viajar-veja-como-curtir-durante-a-epoca-mais-fria-do-ano","status":"publish","type":"post","link":"https:\/\/bluestudio.estadao.com.br\/agencia-de-comunicacao\/prnewswire\/prnewsinternacional\/ferias-a-vista-cuidar-da-pele-reencontrar-amigos-e-viajar-veja-como-curtir-durante-a-epoca-mais-fria-do-ano\/","title":{"rendered":"F\u00e9rias \u00e0 vista: cuidar da pele, reencontrar amigos e viajar; veja como curtir durante a \u00e9poca mais fria do ano"},"content":{"rendered":"<p><b>PR NEWSWIRE<\/b><\/p>\n<div class=\"xn-content\">\n<p class=\"prntac\"><i>Para aproveitar com grande estilo esse momento t\u00e3o aguardado, preparamos um guia pr\u00e1tico com programa\u00e7\u00f5es que n\u00e3o podem faltar nas f\u00e9rias do meio do ano<\/i><\/p>\n<p><span class=\"legendSpanClass\">S\u00c3O PAULO<\/span>, <span class=\"legendSpanClass\">30 de junho de 2023<\/span> \/PRNewswire\/ &#8212; Com a esta\u00e7\u00e3o mais fria do ano se aproximando, come\u00e7a a contagem regressiva para as f\u00e9rias de julho e as wishlists come\u00e7am a ser desenhadas com toda a programa\u00e7\u00e3o. Mas voc\u00ea sabe qual item n\u00e3o pode faltar na sua programa\u00e7\u00e3o di\u00e1ria? Dermotivin Benzac listou algumas dicas super importantes para te ajudar!<\/p>\n<p>As f\u00e9rias s\u00e3o uma \u00e9poca maravilhosa para relaxar, se divertir e criar mem\u00f3rias inesquec\u00edveis. \u00c9 um momento em que podemos nos afastar da rotina e desfrutar de atividades que nos trazem alegria.<\/p>\n<p>Veja o que n\u00e3o pode faltar na sua programa\u00e7\u00e3o de f\u00e9rias:<\/p>\n<p class=\"prnml40\"><b>1.\u00a0 <\/b><b>Aproveite o tempo livre para explorar novas atividades e experi\u00eancias<\/b><\/p>\n<p>Aproveite essa oportunidade para se desconectar da escola, das preocupa\u00e7\u00f5es recorrentes e renovar as suas energias. Fa\u00e7a isso experimentando algo totalmente novo na sua rotina: esportes aqu\u00e1ticos, caminhadas, trilhas na natureza ou simplesmente passar um tempo sozinho. Aproveite o momento para se envolver em coisas que podem trazer felicidade e te ajudar a relaxar.<\/p>\n<p class=\"prnml40\"><b>2.\u00a0 <\/b><b>Pratique o autocuidado <\/b><\/p>\n<p>Independentemente do que voc\u00ea decidir fazer durante as f\u00e9rias, \u00e9 importante lembrar de cuidar de voc\u00ea mesmo. Busque o equil\u00edbrio saud\u00e1vel entre atividades f\u00edsicas, momentos de relaxamento e uma alimenta\u00e7\u00e3o equilibrada.<\/p>\n<p>E no momento em que estiver na rotina de skincare, n\u00e3o se esque\u00e7a dos 2 passos indispens\u00e1veis: limpeza e hidrata\u00e7\u00e3o. A linha Dermotivin Benzac oferece tudo isso para voc\u00ea.<\/p>\n<div class=\"PRN_ImbeddedAssetReference\" id=\"DivAssetPlaceHolder2638\">\n<a href=\"https:\/\/mma.prnewswire.com\/media\/2145407\/Foto_1.html\" target=\"_blank\" rel=\"nofollow noopener\"><img decoding=\"async\" src=\"https:\/\/mma.prnewswire.com\/media\/2145407\/Foto_1.jpg\" title=\"\" alt=\"\" \/><\/a><\/p>\n<\/div>\n<p>Para come\u00e7ar os cuidados, o primeiro passo \u00e9 limpar bem o rosto. Para isso, <b><a href=\"https:\/\/www.epocacosmeticos.com.br\/sabonete-liquido-dermotivin-benzac-oil-control\/p\" target=\"_blank\" rel=\"nofollow noopener\">Dermotivin Benzac Oil Control<\/a> Sabonete L\u00edquido\u00b9<\/b>\u00a0\u00e9\u00a0o fiel escudeiro das peles oleosas a acneicas. Al\u00e9m de limpar, o produto evita cravos e espinhas, reduz a oleosidade e o excesso de brilho<sup>2<\/sup>.<\/p>\n<div class=\"PRN_ImbeddedAssetReference\" id=\"DivAssetPlaceHolder4956\">\n<a href=\"https:\/\/mma.prnewswire.com\/media\/2145410\/Foto_03.html\" target=\"_blank\" rel=\"nofollow noopener\"><img decoding=\"async\" src=\"https:\/\/mma.prnewswire.com\/media\/2145410\/Foto_03.jpg\" title=\"\" alt=\"\" \/><\/a><\/p>\n<\/div>\n<p>O segundo passo \u00e9 a hidrata\u00e7\u00e3o. Lembrando que a pele oleosa tamb\u00e9m precisa de hidrata\u00e7\u00e3o. E para ajudar a hidratar a pele oleosa e com tend\u00eancia a acne, <b><u>Dermotivin Benzac Oil Control<\/u><\/b> tem o <b><u>Microbioma Equilibrado<\/u><\/b>. Sua textura agrad\u00e1vel, al\u00e9m de ser f\u00e1cil de espalhar, promove uma hidrata\u00e7\u00e3o prolongada por at\u00e9 24 horas e mant\u00e9m o pH da pele ap\u00f3s o processo de tratamento da acne<sup>3<\/sup>.<\/p>\n<p>Durante esse per\u00edodo de f\u00e9rias tamb\u00e9m acontece o m\u00eas de conscientiza\u00e7\u00e3o da acne, que incentiva os jovens a encarar os problemas com espinhas, sempre procurando o melhor tratamento com um dermatologista. Vale destacar que a consulta com um profissional n\u00e3o deve ser feita apenas no m\u00eas de conscientiza\u00e7\u00e3o, mas tamb\u00e9m antes de usar qualquer produto para pele e durante todo o ano.<\/p>\n<p class=\"prnml40\"><b>3.\u00a0 <\/b><b>Passe tempo com a fam\u00edlia<\/b><\/p>\n<p>Nas f\u00e9rias tamb\u00e9m \u00e9 tempo de visitar a fam\u00edlia que mora longe e dar aquele abra\u00e7o apertado em quem voc\u00ea n\u00e3o costuma ver no dia a dia. Viajar com os familiares que est\u00e3o sempre por perto tamb\u00e9m \u00e9 uma op\u00e7\u00e3o, conhecer lugares diferentes com quem a gente ama n\u00e3o tem pre\u00e7o! Ali\u00e1s, essa tamb\u00e9m \u00e9 uma \u00f3tima oportunidade para se conectar ainda mais com os familiares e passar tempo estreitando esses la\u00e7os, com muito amor e carinho. S\u00f3 n\u00e3o esque\u00e7a de levar tudo o que \u00e9 necess\u00e1rio para manter o skincare em dia mesmo longe de casa, hein?<\/p>\n<p class=\"prnml40\"><b>4.\u00a0 <\/b><b>\u00a0\u00a0\u00a0Fa\u00e7a um rol\u00ea aleat\u00f3rio com os melhores amigos<\/b><\/p>\n<p>Se tem uma coisa que d\u00e1 saudade nas f\u00e9rias \u00e9 ver aquele grupo de amigos pr\u00f3ximos que est\u00e3o juntos em todos os momentos. Mesmo nas f\u00e9rias, vale mandar mensagem pelas redes sociais e marcar um encontro para colocar a conversa em dia e garantir boas risadas. S\u00e3o diversas op\u00e7\u00f5es que voc\u00eas podem fazer juntos: pedalar no parque, visitar um museu, assistir a um show e at\u00e9 viajar.<\/p>\n<p class=\"prnml40\"><b>5.\u00a0 <\/b><b>Teste alguma receita viral da internet<\/b><\/p>\n<p>Quem nunca viu um v\u00eddeo de alguma comida que ficou famosa na internet e sentiu vontade de provar? Agora com tempo livre, \u00e9 a sua vez de tentar reproduzir e testar suas habilidades culin\u00e1rias! Se der certo, j\u00e1 aproveita para dividir a receita e compartilhar o v\u00eddeo.<\/p>\n<p class=\"prnml40\"><b>6.\u00a0 <\/b><b>Tenha um dia de pura pregui\u00e7a<\/b><\/p>\n<p>Nem s\u00f3 de viagens e passeios vive um adolescente de f\u00e9rias! Para j\u00e1 ir se preparando para a volta \u00e0s aulas, \u00e9 importante tirar alguns dias de pregui\u00e7a e descanso, com direito a maratonar filmes e s\u00e9ries, comer muita pipoca e ficar o dia todo no sof\u00e1. Ter um tempo para si mesmo \u00e9 uma \u00f3tima op\u00e7\u00e3o, cuidando da pele e ouvindo sua playlist favorita.<\/p>\n<p>Pronto! Seguindo esse guia completo, \u00e9 garantido que voc\u00ea ter\u00e1 f\u00e9rias memor\u00e1veis com boas companhias, muitas risadas, descanso e autoestima! E a\u00ed, j\u00e1 est\u00e1 preparado?<\/p>\n<p><b>Sobre a Galderma<\/b><\/p>\n<p>A Galderma, \u00e9 a maior empresa independente de dermatologia do mundo, presente em aproximadamente 100 pa\u00edses. Desde sua cria\u00e7\u00e3o em 1981, tem sido movida por uma dedica\u00e7\u00e3o completa \u00e0 Dermatologia. Oferece um portf\u00f3lio inovador e com base cient\u00edfica de marcas e servi\u00e7os sofisticados em Est\u00e9tica, Produtos ao Consumidor e Medicamentos. Focada nas necessidades dos consumidores e pacientes, trabalha em parceria com profissionais de sa\u00fade para garantir resultados superiores. A empresa est\u00e1 avan\u00e7ando a dermatologia para cada hist\u00f3ria de pele, porque entende que a pele em que estamos molda nossas hist\u00f3rias de vida. Para mais informa\u00e7\u00f5es, visite\u00a0www.dermotivin.com.br\/benzac<\/p>\n<p><i><sup>1<\/sup><\/i><i>Data on file: Per-E-EP-29574-<span class=\"xn-chron\">03-09-11<\/span> L\u00edquido<\/i><\/p>\n<p><i><sup>2<\/sup><\/i><i>Data on file: All-S-ACN-29574-<span class=\"xn-chron\">03-09-11<\/span> L\u00edquido <\/i><\/p>\n<p><i><sup>3<\/sup><\/i><i>RD.27.SPR.204471 (FIL 1779) \/ RD.27.SPR.204472 (FIL 1779)\u00a0\/ Sponsor Reference: GDMLAC P2959-204472 (FIL 1779)<\/i><\/p>\n<p><i><sup>4<\/sup><\/i><i>Combination of benzoyl peroxide 5% gel with liquid cleanser and moisturizer SPF 30 in acne treatment \/ Yang Z et al. Cochrane Database Syst Rev. 2020 Mar 16;3(3):CD011154. \/\u00a0 11941889 Benzoyl peroxide a review of its current use in the treatment of acne vulgaris \/ A Current Review of Topical Benzoyl Peroxide<\/i><\/p>\n<p><i>A linha <b>DERMOTIVIN BENZAC <\/b>\u00e9 composta tamb\u00e9m pelos g\u00e9is de tratamento antiacne <b>DERMOTIVIN BENZAC 5% <\/b>e <b>DERMOTIVIN BENZAC 10%<\/b>, que possuem as seguintes minibulas: <\/i><\/p>\n<p><i>DERMOTIVIN BENZAC 5% (per\u00f3xido de benzo\u00edla) \u00e9 indicado para o tratamento da acne. SE PERSISTIREM OS SINTOMAS, O M\u00c9DICO DEVER\u00c1 SER CONSULTADO. <b>DERMOTIVIN&reg; 5% \u00c9 UM MEDICAMENTO. SEU USO PODE TRAZER RISCOS. PROCURE O M\u00c9DICO E O FARMAC\u00caUTICO. LEIA A BULA (Rotulagem)<\/b>. MEDICAMENTO NOTIFICADO conforme RDC n&deg; 576\/2021. <\/i><\/p>\n<p><b><i>DERMOTIVIN BENZAC 10% <\/i><\/b><i>(per\u00f3xido de benzo\u00edla) \u00e9 indicado para o tratamento da acne. SE PERSISTIREM OS SINTOMAS, O M\u00c9DICO DEVER\u00c1 SER CONSULTADO. <b>DERMOTIVIN&reg; 10% \u00c9 UM MEDICAMENTO. SEU USO PODE TRAZER RISCOS. PROCURE O M\u00c9DICO E O FARMAC\u00caUTICO. LEIA A BULA (Rotulagem)<\/b>. MEDICAMENTO NOTIFICADO conforme RDC n&deg; 576\/2021. <\/i><\/p>\n<p>Foto &#8211; <a href=\"https:\/\/mma.prnewswire.com\/media\/2145407\/Foto_1.jpg\" target=\"_blank\" rel=\"nofollow noopener\">https:\/\/mma.prnewswire.com\/media\/2145407\/Foto_1.jpg<\/a><\/p>\n<p>Foto &#8211; <a href=\"https:\/\/mma.prnewswire.com\/media\/2145410\/Foto_03.jpg\" target=\"_blank\" rel=\"nofollow noopener\">https:\/\/mma.prnewswire.com\/media\/2145410\/Foto_03.jpg<\/a><\/p>\n<div class=\"PRN_ImbeddedAssetReference\" id=\"DivAssetPlaceHolder0\"><\/div>\n<p>FONTE  Galderma<\/p>\n<\/div>\n<p><img decoding=\"async\" alt=\"\" src=\"https:\/\/rt.prnewswire.com\/rt.gif?NewsItemId=PT47676&amp;Transmission_Id=202306301333PR_NEWS_LATAM____PT47676&amp;DateId=20230630\" style=\"border:0px;width:1px;height:1px\" \/><\/p>\n<p>A <b>OESP<\/b> n\u00e3o \u00e9(s\u00e3o) respons\u00e1vel(is) por erros, incorre\u00e7\u00f5es, atrasos ou quaisquer decis\u00f5es tomadas por seus clientes com base nos Conte\u00fados ora disponibilizados, bem como tais Conte\u00fados n\u00e3o representam a opini\u00e3o da <b>OESP<\/b> e s\u00e3o de inteira responsabilidade da <b>PR Newswire Ltda<\/b><\/p>\n","protected":false},"excerpt":{"rendered":"PR NEWSWIRE Para aproveitar com grande estilo esse momento t\u00e3o aguardado, preparamos um guia pr\u00e1tico com programa\u00e7\u00f5es que n\u00e3o podem faltar nas f\u00e9rias do meio do ano S\u00c3O PAULO, 30 de junho de","protected":false},"author":1,"featured_media":67301,"comment_status":"open","ping_status":"closed","sticky":false,"template":"","format":"standard","meta":{"_acf_changed":false,"inline_featured_image":false,"_monsterinsights_skip_tracking":false,"_monsterinsights_sitenote_active":false,"_monsterinsights_sitenote_note":"","_monsterinsights_sitenote_category":0,"footnotes":""},"categories":[31],"tags":[],"class_list":["post-67300","post","type-post","status-publish","format-standard","has-post-thumbnail","hentry","category-prnewsinternacional"],"acf":[],"_links":{"self":[{"href":"https:\/\/bluestudio.estadao.com.br\/agencia-de-comunicacao\/wp-json\/wp\/v2\/posts\/67300","targetHints":{"allow":["GET"]}}],"collection":[{"href":"https:\/\/bluestudio.estadao.com.br\/agencia-de-comunicacao\/wp-json\/wp\/v2\/posts"}],"about":[{"href":"https:\/\/bluestudio.estadao.com.br\/agencia-de-comunicacao\/wp-json\/wp\/v2\/types\/post"}],"author":[{"embeddable":true,"href":"https:\/\/bluestudio.estadao.com.br\/agencia-de-comunicacao\/wp-json\/wp\/v2\/users\/1"}],"replies":[{"embeddable":true,"href":"https:\/\/bluestudio.estadao.com.br\/agencia-de-comunicacao\/wp-json\/wp\/v2\/comments?post=67300"}],"version-history":[{"count":0,"href":"https:\/\/bluestudio.estadao.com.br\/agencia-de-comunicacao\/wp-json\/wp\/v2\/posts\/67300\/revisions"}],"wp:featuredmedia":[{"embeddable":true,"href":"https:\/\/bluestudio.estadao.com.br\/agencia-de-comunicacao\/wp-json\/wp\/v2\/media\/67301"}],"wp:attachment":[{"href":"https:\/\/bluestudio.estadao.com.br\/agencia-de-comunicacao\/wp-json\/wp\/v2\/media?parent=67300"}],"wp:term":[{"taxonomy":"category","embeddable":true,"href":"https:\/\/bluestudio.estadao.com.br\/agencia-de-comunicacao\/wp-json\/wp\/v2\/categories?post=67300"},{"taxonomy":"post_tag","embeddable":true,"href":"https:\/\/bluestudio.estadao.com.br\/agencia-de-comunicacao\/wp-json\/wp\/v2\/tags?post=67300"}],"curies":[{"name":"wp","href":"https:\/\/api.w.org\/{rel}","templated":true}]}}