{"id":67039,"date":"2023-06-27T16:27:00","date_gmt":"2023-06-27T19:27:00","guid":{"rendered":"https:\/\/bluestudio.estadao.com.br\/agencia-de-comunicacao\/prnewswire\/prnewsinternacional\/67039\/ja-ouviu-falar-ou-teve-que-lidar-com-a-acne-da-mulher-adulta-dermatologista-esclarece-os-motivos-e-da-dicas-para-aliviar-o-incomodo-causado-na-pele-acometida\/"},"modified":"2023-06-27T16:27:00","modified_gmt":"2023-06-27T19:27:00","slug":"ja-ouviu-falar-ou-teve-que-lidar-com-a-acne-da-mulher-adulta-dermatologista-esclarece-os-motivos-e-da-dicas-para-aliviar-o-incomodo-causado-na-pele-acometida","status":"publish","type":"post","link":"https:\/\/bluestudio.estadao.com.br\/agencia-de-comunicacao\/prnewswire\/prnewsinternacional\/ja-ouviu-falar-ou-teve-que-lidar-com-a-acne-da-mulher-adulta-dermatologista-esclarece-os-motivos-e-da-dicas-para-aliviar-o-incomodo-causado-na-pele-acometida\/","title":{"rendered":"J\u00e1 ouviu falar ou teve que lidar com a acne da mulher adulta? Dermatologista esclarece os motivos e d\u00e1 dicas para aliviar o inc\u00f4modo causado na pele acometida"},"content":{"rendered":"<p><b>PR NEWSWIRE<\/b><\/p>\n<div class=\"xn-content\">\n<i><span>Aparecimento de acne e poros mais dilatados s\u00e3o comuns tamb\u00e9m na fase adulta, confira dicas para superar tudo isso e manter a sa\u00fade da pele em dia <\/span><\/i><\/p>\n<p><span class=\"legendSpanClass\">S\u00c3O PAULO<\/span>, <span class=\"legendSpanClass\">27 de junho de 2023<\/span> <span>\/PRNewswire\/ &#8212; <\/span><span>Na adolesc\u00eancia, per\u00edodo marcado pelos horm\u00f4nios \u00e0 flor da pele, \u00e9 comum que muitos jovens tenham uma certa preocupa\u00e7\u00e3o com o surgimento de cravos e espinhas. O tratamento para que essas inflama\u00e7\u00f5es n\u00e3o evoluam e causem manchas e cicatrizes para o resto da vida tamb\u00e9m \u00e9 bastante falado, mas \u00e9 importante saber que a acne n\u00e3o \u00e9 um problema exclusivo da juventude, ela tamb\u00e9m pode acometer adultos, principalmente mulheres acima dos 25 anos.<\/span><\/p>\n<p><span>A acne na fase adulta pode aparecer devido ao estresse e outros fatores emocionais, al\u00e9m do excesso de oleosidade na pele, desequil\u00edbrio hormonal e at\u00e9 altera\u00e7\u00f5es no ciclo menstrual. Por isso, \u00e9 mais comum em mulheres, podendo ser chamada de &#8220;acne da mulher adulta&#8221;. Aqui, diferente dos cravos e espinhas comuns da adolesc\u00eancia, a acne atinge a &#8220;zona U&#8221; do rosto: mand\u00edbula, queixo e pesco\u00e7o<sup>1<\/sup>.<\/span><\/p>\n<p><span>Al\u00e9m disso, em mulheres, a acne pode se agravar durante a menopausa. Isso porque \u00e9 nesse per\u00edodo que o organismo feminino enfrenta diversos altos e baixos, com picos de horm\u00f4nios em diversas fases, deixando o rosto mais oleoso e sujeito \u00e0 acne<sup>2<\/sup>.<\/span><\/p>\n<p><span>Para cuidar da pele adulta de forma assertiva, a marca <\/span><span>Dermotivin<\/span><span> convidou a dermatologista Dra. <span class=\"xn-person\">Juliana Sarubi<\/span> (CRM-MG 36370) para dar recomenda\u00e7\u00f5es de cuidados di\u00e1rios. <i>&#8220;A acne na mulher adulta \u00e9 uma condi\u00e7\u00e3o comum caracterizada pelo surgimento de espinhas e les\u00f5es inflamadas na pele ap\u00f3s a adolesc\u00eancia. Ela afeta principalmente mulheres entre 25 e 40 anos de idade. As causas da acne na mulher adulta podem variar e incluem desequil\u00edbrios hormonais, estresse, uso de certos medicamentos, cosm\u00e9ticos, comedog\u00eanicos e at\u00e9 predisposi\u00e7\u00e3o gen\u00e9tica&#8221;,<\/i> pontua a dermatologista.<\/span><\/p>\n<div class=\"PRN_ImbeddedAssetReference\" id=\"DivAssetPlaceHolder9514\">\n<a href=\"https:\/\/mma.prnewswire.com\/media\/2141995\/Foto_01.html\" target=\"_blank\" rel=\"nofollow noopener\"><img decoding=\"async\" src=\"https:\/\/mma.prnewswire.com\/media\/2141995\/Foto_01.jpg\" title=\"\" alt=\"\" \/><\/a><\/p>\n<\/div>\n<p><span>Nesse sentido, para tratar da pele muito oleosa e acneica, a linha de sabonetes faciais <b>Dermotivin Salix<\/b> \u00e9 uma excelente op\u00e7\u00e3o. Ela cont\u00e9m \u00e1cido salic\u00edlico em sua formula\u00e7\u00e3o, auxilia no combate de cravos e espinhas e ainda possui a\u00e7\u00e3o antiss\u00e9ptica e bactericida*.<\/span><\/p>\n<p><span>A linha est\u00e1 dispon\u00edvel nas vers\u00f5es em barra, l\u00edquido e em espuma. Os sabonetes <\/span><b><span>Dermotivin Salix<\/span><\/b><span> s\u00e3o produtos que limpam profundamente a pele e cont\u00e9m ingredientes que ajudam a evitar irrita\u00e7\u00f5es<sup>3<\/sup>, al\u00e9m de auxiliar na renova\u00e7\u00e3o celular<sup>4<\/sup> e garantir um controle de oleosidade por at\u00e9 10 horas**<sup>5<\/sup>. <\/span><\/p>\n<p><span>\u00c9 poss\u00edvel encontrar os produtos nas principais drogarias e lojas do pa\u00eds, como <\/span><a href=\"https:\/\/www.epocacosmeticos.com.br\/dermotivin-salix-sabonete-liquido\/p\" target=\"_blank\" rel=\"nofollow noopener\"><span>\u00c9poca Cosm\u00e9ticos<\/span><\/a><span>, com pre\u00e7os a partir de <span class=\"xn-money\">R$ 31,41<\/span>. <\/span><\/p>\n<p><i><span>&#8220;Seja a pele mais oleosa, mista ou seca, o ideal \u00e9 separar alguns minutinhos antes de come\u00e7ar o dia para realizar o passo a passo do skincare facial: limpeza, hidrata\u00e7\u00e3o e finaliza\u00e7\u00e3o com o protetor solar. E antes de dormir vale dar aquela caprichada extra na hidrata\u00e7\u00e3o&#8221;,<\/span><\/i><span> explica Dra. <span class=\"xn-person\">Juliana Sarubi<\/span>.<\/span><\/p>\n<p><span>Antes de iniciar o tratamento, consulte um dermatologista para indicar qual linha Dermotivin tem a expertise ideal para o seu tipo de pele. Para saber mais acesse <\/span><a href=\"https:\/\/www.dermotivin.com.br\/\" target=\"_blank\" rel=\"nofollow noopener\"><span>dermotivin.com.br.<\/span><\/a><\/p>\n<p><b><span>Sobre a Galderma <br \/><\/span><\/b><span>A Galderma \u00e9 a empresa l\u00edder na categoria exclusivamente dedicada \u00e0 dermatologia, presente em aproximadamente 90 pa\u00edses. Fornecemos um portf\u00f3lio inovador e baseado na ci\u00eancia de marcas e servi\u00e7os premium que abrangem todo o espectro do mercado de dermatologia em r\u00e1pido crescimento, por meio de Est\u00e9tica Injet\u00e1vel, Dermocosm\u00e9ticos e Dermatologia Terap\u00eautica. Desde nossa funda\u00e7\u00e3o em 1981, dedicamos nosso foco e paix\u00e3o ao maior \u00f3rg\u00e3o do corpo humano &#8211; a pele &#8211; atendendo \u00e0s necessidades individuais de consumidores e pacientes com resultados superiores em parceria com profissionais de sa\u00fade. Estamos avan\u00e7ando a dermatologia para cada hist\u00f3ria de pele, porque entendemos que a pele em que estamos molda nossas hist\u00f3rias de vida. Para mais informa\u00e7\u00f5es<\/span>: <span><a href=\"http:\/\/www.dermotivin.com.br\" rel=\"nofollow\">www.dermotivin.com.br<\/a><\/span><\/p>\n<p><b><i><sup><span>1<\/span><\/sup><\/i><\/b><i><span>Sociedade Brasileira de Dermatologia do <span class=\"xn-location\">Rio de Janeiro<\/span>. Como se manifesta a acne na mulher adulta? Acesso em 17 de maio de 2023 em https:\/\/sbdrj.org.br\/como-se-manifesta-a-acne-na-mulher-adulta\/#:~:text=A%20chamada%20acne%20na%20mulher,come%C3%A7ar%20o%20mais%20r%C3%A1pido%20poss%C3%ADvel.<\/span><\/i><\/p>\n<p><i><sup><span>2<\/span><\/sup><\/i><i><span>Sociedade Brasileira de Dermatologia do <span class=\"xn-location\">Rio de Janeiro<\/span>. O que a menopausa \u00e9 capaz de fazer com a pele? Acesso em 27 de abril de 2023 em <\/span><\/i><a href=\"https:\/\/sbdrj.org.br\/o-que-a-menopausa-e-capaz-de-fazer-com-a-pele\/#:~:text=O%20desequil%C3%ADbrio%20hormonal%20caracter%C3%ADstico%20dessa,e%20nas%20laterais%20da%20face\" target=\"_blank\" rel=\"nofollow noopener\"><i><span>https:\/\/sbdrj.org.br\/o-que-a-menopausa-e-capaz-de-fazer-com-a-pele\/#:~:text=O%20desequil%C3%ADbrio%20hormonal%20caracter%C3%ADstico%20dessa,e%20nas%20laterais%20da%20face<\/span><\/i><\/a><\/p>\n<p><span>*<\/span><i><span>Barra: elimina 99,9% &#8211; Flora microbiana transiente da pele; Pseudomonas aeruginosa;<\/span><\/i>\u00a0<i><span>Staphylococcus aureus. L\u00edquido: elimina 99,9% &#8211; Escheria coli; Pseudomonas aeruginosa;<\/span><\/i>\u00a0<i><span>Salmonella choleraesuis; Staphylococcus aureus; Serratia marcescens; Candida albicans.<\/span><\/i><\/p>\n<p><i><sup><span>3<\/span><\/sup><\/i><i><span>Data on File: Pronalen pieles sensibles V 00-03\/2020 (Provital Do Care)<\/span><\/i><\/p>\n<p><i><sup><span>4<\/span><\/sup><\/i><i><span>Araujo LU et al. 2010 Profile of wound healing process induced by allantoin<\/span><\/i><\/p>\n<p><i><sup><span>5<\/span><\/sup><\/i><i><span>EN21-0548-01 (FIL 0526) <br \/><\/span><\/i><i><span>**Sabonete l\u00edquido ***Avalia\u00e7\u00e3o instrumental<\/span><\/i><\/p>\n<p>Foto &#8211; <a href=\"https:\/\/mma.prnewswire.com\/media\/2141995\/Foto_01.jpg\" target=\"_blank\" rel=\"nofollow noopener\">https:\/\/mma.prnewswire.com\/media\/2141995\/Foto_01.jpg<\/a><\/p>\n<div class=\"PRN_ImbeddedAssetReference\" id=\"DivAssetPlaceHolder0\"><\/div>\n<p>FONTE  Galderma<\/p>\n<\/div>\n<p><img decoding=\"async\" alt=\"\" src=\"https:\/\/rt.prnewswire.com\/rt.gif?NewsItemId=PT43693&amp;Transmission_Id=202306271512PR_NEWS_LATAM____PT43693&amp;DateId=20230627\" style=\"border:0px;width:1px;height:1px\" \/><\/p>\n<p>A <b>OESP<\/b> n\u00e3o \u00e9(s\u00e3o) respons\u00e1vel(is) por erros, incorre\u00e7\u00f5es, atrasos ou quaisquer decis\u00f5es tomadas por seus clientes com base nos Conte\u00fados ora disponibilizados, bem como tais Conte\u00fados n\u00e3o representam a opini\u00e3o da <b>OESP<\/b> e s\u00e3o de inteira responsabilidade da <b>PR Newswire Ltda<\/b><\/p>\n","protected":false},"excerpt":{"rendered":"PR NEWSWIRE Aparecimento de acne e poros mais dilatados s\u00e3o comuns tamb\u00e9m na fase adulta, confira dicas para superar tudo isso e manter a sa\u00fade da pele em dia S\u00c3O PAULO, 27 de junho de 2023","protected":false},"author":1,"featured_media":67040,"comment_status":"open","ping_status":"closed","sticky":false,"template":"","format":"standard","meta":{"_acf_changed":false,"inline_featured_image":false,"_monsterinsights_skip_tracking":false,"_monsterinsights_sitenote_active":false,"_monsterinsights_sitenote_note":"","_monsterinsights_sitenote_category":0,"footnotes":""},"categories":[31],"tags":[],"class_list":["post-67039","post","type-post","status-publish","format-standard","has-post-thumbnail","hentry","category-prnewsinternacional"],"acf":[],"_links":{"self":[{"href":"https:\/\/bluestudio.estadao.com.br\/agencia-de-comunicacao\/wp-json\/wp\/v2\/posts\/67039","targetHints":{"allow":["GET"]}}],"collection":[{"href":"https:\/\/bluestudio.estadao.com.br\/agencia-de-comunicacao\/wp-json\/wp\/v2\/posts"}],"about":[{"href":"https:\/\/bluestudio.estadao.com.br\/agencia-de-comunicacao\/wp-json\/wp\/v2\/types\/post"}],"author":[{"embeddable":true,"href":"https:\/\/bluestudio.estadao.com.br\/agencia-de-comunicacao\/wp-json\/wp\/v2\/users\/1"}],"replies":[{"embeddable":true,"href":"https:\/\/bluestudio.estadao.com.br\/agencia-de-comunicacao\/wp-json\/wp\/v2\/comments?post=67039"}],"version-history":[{"count":0,"href":"https:\/\/bluestudio.estadao.com.br\/agencia-de-comunicacao\/wp-json\/wp\/v2\/posts\/67039\/revisions"}],"wp:featuredmedia":[{"embeddable":true,"href":"https:\/\/bluestudio.estadao.com.br\/agencia-de-comunicacao\/wp-json\/wp\/v2\/media\/67040"}],"wp:attachment":[{"href":"https:\/\/bluestudio.estadao.com.br\/agencia-de-comunicacao\/wp-json\/wp\/v2\/media?parent=67039"}],"wp:term":[{"taxonomy":"category","embeddable":true,"href":"https:\/\/bluestudio.estadao.com.br\/agencia-de-comunicacao\/wp-json\/wp\/v2\/categories?post=67039"},{"taxonomy":"post_tag","embeddable":true,"href":"https:\/\/bluestudio.estadao.com.br\/agencia-de-comunicacao\/wp-json\/wp\/v2\/tags?post=67039"}],"curies":[{"name":"wp","href":"https:\/\/api.w.org\/{rel}","templated":true}]}}