{"id":66642,"date":"2023-05-25T09:27:00","date_gmt":"2023-05-25T12:27:00","guid":{"rendered":"https:\/\/bluestudio.estadao.com.br\/agencia-de-comunicacao\/prnewswire\/prnewsinternacional\/66642\/um-terco-dos-consumidores-brasileiros-usam-lanches-como-substituicao-de-refeicoes-em-meio-ao-aumento-da-inflacao\/"},"modified":"2023-05-25T09:27:00","modified_gmt":"2023-05-25T12:27:00","slug":"um-terco-dos-consumidores-brasileiros-usam-lanches-como-substituicao-de-refeicoes-em-meio-ao-aumento-da-inflacao","status":"publish","type":"post","link":"https:\/\/bluestudio.estadao.com.br\/agencia-de-comunicacao\/prnewswire\/prnewsinternacional\/um-terco-dos-consumidores-brasileiros-usam-lanches-como-substituicao-de-refeicoes-em-meio-ao-aumento-da-inflacao\/","title":{"rendered":"Um ter\u00e7o dos consumidores brasileiros usam lanches como substitui\u00e7\u00e3o de refei\u00e7\u00f5es em meio ao aumento da infla\u00e7\u00e3o"},"content":{"rendered":"<p><b>PR NEWSWIRE<\/b><\/p>\n<div class=\"xn-content\">\n<ul type=\"disc\">\n<li>52% dos consumidores brasileiros cortaram itens sup\u00e9rfluos (como lanches) de suas listas de compras devido ao aumento de pre\u00e7os e \u00e0 infla\u00e7\u00e3o.<\/li>\n<li>40% dos consumidores afirmam preferir lanches com embalagens sustent\u00e1veis.<\/li>\n<li>Quase 4 em cada 10 (39%) consumidores entre 16 e 34 anos afirmam consumir lanches para relaxar\/desestressar.<\/li>\n<\/ul>\n<p><span class=\"legendSpanClass\">S\u00c3O PAULO<\/span>, <span class=\"legendSpanClass\">25 de maio de 2023<\/span> \/PRNewswire\/ &#8212; A infla\u00e7\u00e3o crescente faz com que os consumidores brasileiros sintam o aperto, resultando em uma redu\u00e7\u00e3o nos gastos n\u00e3o essenciais. De acordo com a pesquisa mais recente da Mintel, 52% dos consumidores brasileiros reduziram itens sup\u00e9rfluos e n\u00e3o essenciais, como lanches, de seus or\u00e7amentos para economizar dinheiro. Outra medida de redu\u00e7\u00e3o de custos \u00e9 substituir refei\u00e7\u00f5es completas por lanches, o que um ter\u00e7o (33%) dos brasileiros fez nos \u00faltimos tr\u00eas meses.<\/p>\n<div id=\"prni_dvprnejpgcfe9left\" dir=\"ltr\" style=\"width: 100%;text-align: left\"><img decoding=\"async\" id=\"prnejpgcfe9left\" title=\"Mintel logo 2023\" src=\"https:\/\/mma.prnewswire.com\/media\/2082704\/Mintel_Logo_New.jpg\" alt=\"Mintel logo 2023\" align=\"middle\" \/><\/div>\n<p>Ao analisar por que os consumidores est\u00e3o substituindo refei\u00e7\u00f5es por lanches, dois ter\u00e7os (66%) afirmam que fazem isso para satisfazer sua fome. Embora pare\u00e7a \u00f3bvio, <a href=\"https:\/\/c212.net\/c\/link\/?t=0&amp;l=pt&amp;o=3872623-1&amp;h=2685985532&amp;u=https%3A%2F%2Fc212.net%2Fc%2Flink%2F%3Ft%3D0%26l%3Den%26o%3D3872623-1%26h%3D3856774448%26u%3Dhttps%253A%252F%252Fwww.mintel.com%252Ffood-and-drink-market-news%252Fglobal-food-and-drink-trends%252F%253F_bt%253D651948876638%2526_bk%253D%2526_bm%253D%2526_bn%253Dg%2526_bg%253D144491634222%2526utm_medium%253Dcpc%2526utm_source%253Dgoogle%2526utm_content%253DThreepipe-GO19848721560%257EGO144491634222%2526gclid%253DCj0KCQjwpPKiBhDvARIsACn-gzAEIeoDIRcX-6mR_0bNAWmniFXVr4jGkcgHqhm3J_DDNjYOFCh0g3EaAkPoEALw_wcB%26a%3DMintel%2527s%2B2023%2BGlobal%2BFood%2B%2526%2BDrink%2BTrends&amp;a=as+Tend%C3%AAncias+Globais+de+Alimenta%C3%A7%C3%A3o+e+Bebidas+da+Mintel+de+2023\" target=\"_blank\" rel=\"nofollow noopener\">as Tend\u00eancias Globais de Alimenta\u00e7\u00e3o e Bebidas da Mintel de 2023<\/a>, intituladas <i>Savvy Sustanance<\/i>, indicam que, neste per\u00edodo de instabilidade econ\u00f4mica e alta infla\u00e7\u00e3o, os consumidores est\u00e3o preferindo alimentos que os deixem saciados por mais tempo e ofere\u00e7am uma composi\u00e7\u00e3o nutricional mais completa, o que pode estar diretamente relacionado ao consumo de lanches.<\/p>\n<p><b><span class=\"xn-person\">Laura Menegon<\/span>, Analista de Alimentos e Bebidas da LatAm, disse:<\/b><br \/>&#8220;A substitui\u00e7\u00e3o de refei\u00e7\u00f5es n\u00e3o \u00e9 nova, especialmente porque os consumidores est\u00e3o cada vez mais ocupados; no entanto, como esses consumidores est\u00e3o optando por produtos convenientes, h\u00e1 uma oportunidade para marcas de lanches lan\u00e7arem produtos que sejam pr\u00e1ticos, mas tamb\u00e9m proporcionem uma sensa\u00e7\u00e3o de saciedade semelhante \u00e0 de uma refei\u00e7\u00e3o e com ingredientes e nutrientes mais variados. Produtos com maior densidade energ\u00e9tica e nutricional que oferecem uma sensa\u00e7\u00e3o de saciedade mais longa est\u00e3o bem posicionados para conquistar a prefer\u00eancia do consumidor por uma melhor rela\u00e7\u00e3o custo-benef\u00edcio&#8221;.<\/p>\n<p><b>Preocupa\u00e7\u00e3o do consumidor com embalagens e ingredientes sustent\u00e1veis<\/b><br \/>A embalagem \u00e9 a principal preocupa\u00e7\u00e3o dos consumidores de lanches preocupados com a sustentabilidade, j\u00e1 que 40% preferem lanches em embalagens sustent\u00e1veis, enquanto 28% preferem lanches naturais porque eles geralmente v\u00eam com menos embalagens. Os consumidores desejam que as marcas sejam mais transparentes, como demonstrado por 36% dos consumidores brasileiros que esperam que mais marcas fa\u00e7am declara\u00e7\u00f5es claras sobre suas a\u00e7\u00f5es sustent\u00e1veis.<\/p>\n<p>Al\u00e9m disso, de um ter\u00e7o (30%) dos consumidores que se preocupam com a sustentabilidade dos ingredientes usados em lanches, 76% est\u00e3o dispostos a pagar mais por lanches de alta qualidade\/premium. Por fim, 22% deixariam de comer um lanche se soubessem que a marca n\u00e3o contribui para iniciativas de sustentabilidade.<\/p>\n<p>&#8220;Como a sustentabilidade \u00e9 um fator cada vez mais importante para os consumidores brasileiros quando se trata de embalagens e ingredientes para lanches, fabricantes e varejistas precisar\u00e3o ser transparentes em seus esfor\u00e7os para reduzir o desperd\u00edcio e reutilizar materiais. A redu\u00e7\u00e3o pode ocorrer pela elimina\u00e7\u00e3o da embalagem secund\u00e1ria e pelo uso de material biodegrad\u00e1vel e mais fino. As marcas tamb\u00e9m podem investir em embalagens reutiliz\u00e1veis, que n\u00e3o s\u00f3 carregam as credenciais de sustentabilidade, mas tamb\u00e9m agregam valor ao produto. Marcas que priorizam solu\u00e7\u00f5es de embalagens sustent\u00e1veis t\u00eam maior probabilidade de atrair os consumidores brasileiros&#8221;, continuou Menegon.<\/p>\n<p><i>Para obter o comunicado de imprensa completo, clique <\/i><i><a href=\"https:\/\/c212.net\/c\/link\/?t=0&amp;l=pt&amp;o=3872623-1&amp;h=1800216155&amp;u=https%3A%2F%2Fc212.net%2Fc%2Flink%2F%3Ft%3D0%26l%3Den%26o%3D3872623-1%26h%3D1241540061%26u%3Dhttps%253A%252F%252Fwww.mintel.com%252Fpress-centre%252Fone-third-of-brazilian-consumers-use-snacks-as-a-meal-replacement-as-inflation-soars%252F%26a%3Dhere&amp;a=aqui\" target=\"_blank\" rel=\"nofollow noopener\">aqui<\/a><\/i><i>. Pesquisas adicionais sobre as atitudes dos consumidores brasileiros em rela\u00e7\u00e3o ao consumo de lanches e entrevistas com a analista est\u00e3o dispon\u00edveis mediante solicita\u00e7\u00e3o ao <\/i><i><a href=\"https:\/\/c212.net\/c\/link\/?t=0&amp;l=pt&amp;o=3872623-1&amp;h=227941073&amp;u=https%3A%2F%2Fc212.net%2Fc%2Flink%2F%3Ft%3D0%26l%3Den%26o%3D3872623-1%26h%3D4188634019%26u%3Dhttps%253A%252F%252Fwww.mintel.com%252Fpress-centre%26a%3DMintel%2BPress%2BOffice&amp;a=Departamento+de+Imprensa+da+Mintel.\" target=\"_blank\" rel=\"nofollow noopener\">Departamento de Imprensa da Mintel.<\/a><\/i><i> Para aqueles interessados em comprar o relat\u00f3rio completo, por favor, acesse a <\/i><i><a href=\"https:\/\/c212.net\/c\/link\/?t=0&amp;l=pt&amp;o=3872623-1&amp;h=266494100&amp;u=https%3A%2F%2Fc212.net%2Fc%2Flink%2F%3Ft%3D0%26l%3Den%26o%3D3872623-1%26h%3D66813704%26u%3Dhttps%253A%252F%252Fstore.mintel.com%252Freport%252Fsnacking-consumption-habits-brazil-2023%26a%3DMintel%2BStore&amp;a=Mintel+Store\" target=\"_blank\" rel=\"nofollow noopener\">Mintel Store<\/a><\/i>.<\/p>\n<p>Logotipo &#8211; <a href=\"https:\/\/c212.net\/c\/link\/?t=0&amp;l=pt&amp;o=3872623-1&amp;h=3174797971&amp;u=https%3A%2F%2Fc212.net%2Fc%2Flink%2F%3Ft%3D0%26l%3Den%26o%3D3872623-1%26h%3D3118204467%26u%3Dhttps%253A%252F%252Fmma.prnewswire.com%252Fmedia%252F2082704%252FMintel_Logo_New.jpg%26a%3Dhttps%253A%252F%252Fmma.prnewswire.com%252Fmedia%252F2082704%252FMintel_Logo_New.jpg&amp;a=https%3A%2F%2Fmma.prnewswire.com%2Fmedia%2F2082704%2FMintel_Logo_New.jpg\" target=\"_blank\" rel=\"nofollow noopener\">https:\/\/mma.prnewswire.com\/media\/2082704\/Mintel_Logo_New.jpg<\/a><\/p>\n<p>\u00a0<\/p>\n<p>\u00a0<\/p>\n<p>FONTE  Mintel Group, Ltd.<\/p>\n<\/div>\n<p><img decoding=\"async\" alt=\"\" src=\"https:\/\/rt.prnewswire.com\/rt.gif?NewsItemId=PT07595&amp;Transmission_Id=202305250821PR_NEWS_LATAM____PT07595&amp;DateId=20230525\" style=\"border:0px;width:1px;height:1px\" \/><\/p>\n<p>A <b>OESP<\/b> n\u00e3o \u00e9(s\u00e3o) respons\u00e1vel(is) por erros, incorre\u00e7\u00f5es, atrasos ou quaisquer decis\u00f5es tomadas por seus clientes com base nos Conte\u00fados ora disponibilizados, bem como tais Conte\u00fados n\u00e3o representam a opini\u00e3o da <b>OESP<\/b> e s\u00e3o de inteira responsabilidade da <b>PR Newswire Ltda<\/b><\/p>\n","protected":false},"excerpt":{"rendered":"PR NEWSWIRE 52% dos consumidores brasileiros cortaram itens sup\u00e9rfluos (como lanches) de suas listas de compras devido ao aumento de pre\u00e7os e \u00e0 infla\u00e7\u00e3o. 40% dos consumidores afirmam preferir","protected":false},"author":1,"featured_media":66643,"comment_status":"open","ping_status":"closed","sticky":false,"template":"","format":"standard","meta":{"_acf_changed":false,"inline_featured_image":false,"_monsterinsights_skip_tracking":false,"_monsterinsights_sitenote_active":false,"_monsterinsights_sitenote_note":"","_monsterinsights_sitenote_category":0,"footnotes":""},"categories":[31],"tags":[],"class_list":["post-66642","post","type-post","status-publish","format-standard","has-post-thumbnail","hentry","category-prnewsinternacional"],"acf":[],"_links":{"self":[{"href":"https:\/\/bluestudio.estadao.com.br\/agencia-de-comunicacao\/wp-json\/wp\/v2\/posts\/66642","targetHints":{"allow":["GET"]}}],"collection":[{"href":"https:\/\/bluestudio.estadao.com.br\/agencia-de-comunicacao\/wp-json\/wp\/v2\/posts"}],"about":[{"href":"https:\/\/bluestudio.estadao.com.br\/agencia-de-comunicacao\/wp-json\/wp\/v2\/types\/post"}],"author":[{"embeddable":true,"href":"https:\/\/bluestudio.estadao.com.br\/agencia-de-comunicacao\/wp-json\/wp\/v2\/users\/1"}],"replies":[{"embeddable":true,"href":"https:\/\/bluestudio.estadao.com.br\/agencia-de-comunicacao\/wp-json\/wp\/v2\/comments?post=66642"}],"version-history":[{"count":0,"href":"https:\/\/bluestudio.estadao.com.br\/agencia-de-comunicacao\/wp-json\/wp\/v2\/posts\/66642\/revisions"}],"wp:featuredmedia":[{"embeddable":true,"href":"https:\/\/bluestudio.estadao.com.br\/agencia-de-comunicacao\/wp-json\/wp\/v2\/media\/66643"}],"wp:attachment":[{"href":"https:\/\/bluestudio.estadao.com.br\/agencia-de-comunicacao\/wp-json\/wp\/v2\/media?parent=66642"}],"wp:term":[{"taxonomy":"category","embeddable":true,"href":"https:\/\/bluestudio.estadao.com.br\/agencia-de-comunicacao\/wp-json\/wp\/v2\/categories?post=66642"},{"taxonomy":"post_tag","embeddable":true,"href":"https:\/\/bluestudio.estadao.com.br\/agencia-de-comunicacao\/wp-json\/wp\/v2\/tags?post=66642"}],"curies":[{"name":"wp","href":"https:\/\/api.w.org\/{rel}","templated":true}]}}