{"id":65965,"date":"2023-05-09T16:28:00","date_gmt":"2023-05-09T19:28:00","guid":{"rendered":"https:\/\/bluestudio.estadao.com.br\/agencia-de-comunicacao\/prnewswire\/prnewsinternacional\/65965\/companhia-brasileira-de-cartuchos-realiza-o-plantio-de-2-mil-mudas-de-arvores-nativas\/"},"modified":"2023-05-09T16:28:00","modified_gmt":"2023-05-09T19:28:00","slug":"companhia-brasileira-de-cartuchos-realiza-o-plantio-de-2-mil-mudas-de-arvores-nativas","status":"publish","type":"post","link":"https:\/\/bluestudio.estadao.com.br\/agencia-de-comunicacao\/prnewswire\/prnewsinternacional\/companhia-brasileira-de-cartuchos-realiza-o-plantio-de-2-mil-mudas-de-arvores-nativas\/","title":{"rendered":"Companhia Brasileira de Cartuchos realiza o plantio de 2 mil mudas de \u00e1rvores nativas"},"content":{"rendered":"<p><b>PR NEWSWIRE<\/b><\/p>\n<div class=\"xn-content\">\n<span class=\"legendSpanClass\">RIBEIR\u00c3O PIRES, Brasil<\/span>, <span class=\"legendSpanClass\">9 de maio de 2023<\/span> \/PRNewswire\/ &#8212; A Companhia Brasileira de Cartuchos (CBC) promoveu um evento onde foi realizado o plantio, com o apoio dos colaboradores da empresa, de 2 mil mudas de \u00e1rvores nativas da Mata Atl\u00e2ntica na sua unidade em Ribeir\u00e3o Pires (SP).<\/p>\n<p>A a\u00e7\u00e3o, que aconteceu no dia 5 de maio de 2023, contou com a presen\u00e7a do vice-prefeito de Ribeir\u00e3o Pires, Rubens Fernandes, e do Chefe de Gabinete da Prefeitura, <span class=\"xn-person\">Vicente Souza<\/span>, al\u00e9m de <span class=\"xn-person\">Fabio Mazzaro<\/span>, Presidente da CBC, <span class=\"xn-person\">Marcos Lopes<\/span>, Vice-Presidente de Opera\u00e7\u00f5es, <span class=\"xn-person\">Sandro Nogueira<\/span>, Diretor Financeiro e Administrativo, <span class=\"xn-person\">Rogerio Rosato<\/span>, Gerente Geral de Plantas Qu\u00edmicas e Meio Ambiente, <span class=\"xn-person\">Marcelo Del Bianco<\/span>, respons\u00e1vel pela \u00e1rea de Compliance e pelo projeto ESG na CBC, e Claudia Algemina, respons\u00e1vel pela \u00e1rea de Meio Ambiente.<\/p>\n<div class=\"PRN_ImbeddedAssetReference\" id=\"DivAssetPlaceHolder3180\">\n<a href=\"https:\/\/mma.prnewswire.com\/media\/2073167\/Plantio_de_Mudas_CBC.html\" target=\"_blank\" rel=\"nofollow noopener\"><img decoding=\"async\" src=\"https:\/\/mma.prnewswire.com\/media\/2073167\/Plantio_de_Mudas_CBC.jpg\" title=\"\" alt=\"\" \/><\/a><\/p>\n<\/div>\n<p>O evento vem ao encontro com as iniciativas ESG (sigla em ingl\u00eas para &#8220;ambiental, social e governan\u00e7a corporativa&#8221;)\u00a0que a CBC vem realizando, como por exemplo o desenvolvimento de um Relat\u00f3rio de Sustentabilidade utilizando a metodologia GRI (Global Reporting Initiative), que reportar\u00e1 as boas condutas, padr\u00f5es de sustentabilidade, valores da organiza\u00e7\u00e3o e modelo de governan\u00e7a, e que em breve ser\u00e1 divulgado para toda a sociedade. Atrav\u00e9s desse relat\u00f3rio, a CBC formaliza suas responsabilidades e diretrizes em busca de um futuro sustent\u00e1vel.<\/p>\n<p>Em rela\u00e7\u00e3o ao tema ESG, conjunto de padr\u00f5es e boas pr\u00e1ticas que visa definir se uma empresa \u00e9 socialmente consciente, sustent\u00e1vel e corretamente gerenciada, a CBC \u00e9 engajada, dentre outros: na prote\u00e7\u00e3o do meio ambiente; na preocupa\u00e7\u00e3o com o bem-estar de seus colaboradores; em projetos de inclus\u00e3o social e de igualdade; em a\u00e7\u00f5es sociais; e na preocupa\u00e7\u00e3o na condu\u00e7\u00e3o de seus neg\u00f3cios com \u00e9tica.<\/p>\n<p>Como uma das empresas l\u00edderes mundiais na produ\u00e7\u00e3o de muni\u00e7\u00f5es, a CBC enfrenta uma infinidade de responsabilidades dentro da \u00e1rea ambiental, social e de governan\u00e7a. Isto resulta n\u00e3o apenas da sensibilidade do produto e dos riscos associados, mas tamb\u00e9m do processo de produ\u00e7\u00e3o material e energ\u00e9tico intensivo e do impacto resultante na sociedade e no meio ambiente.<\/p>\n<p>Por meio de medidas e processos adequados, tais como canais de informa\u00e7\u00e3o, o uso de energia renov\u00e1vel e a sele\u00e7\u00e3o intensiva de novos fornecedores, a CBC quer e j\u00e1 d\u00e1 sua contribui\u00e7\u00e3o para uma ind\u00fastria de armamentos mais sustent\u00e1vel e eficiente em termos de recursos. Estes temas sempre estiveram presentes dentro dos processos de tomada de decis\u00e3o da empresa.<\/p>\n<p>A companhia fez uma an\u00e1lise intensiva do impacto da CBC Brasil na sociedade e no meio ambiente. A consci\u00eancia ambiental sempre foi um fator chave para o sucesso da empresa e isso se reflete em seu pr\u00f3prio departamento ambiental e no desenvolvimento dos pr\u00f3prios produtos.<\/p>\n<p>&#8220;Seguran\u00e7a, sa\u00fade e prote\u00e7\u00e3o ambiental fazem parte dos valores da CBC. Mantemos uma atitude positiva e ativa em rela\u00e7\u00e3o \u00e0 conserva\u00e7\u00e3o do meio ambiente em seus diferentes aspectos, buscando realizar o controle do poss\u00edvel impacto de nossas atividades. Nesse sentido, esta \u00e9 mais uma importante a\u00e7\u00e3o, com ganhos futuros que beneficiar\u00e3o nossa regi\u00e3o&#8221;, afirma <span class=\"xn-person\">Fabio Mazzaro<\/span>, presidente da CBC.<\/p>\n<p><b>SOBRE A CBC<br \/><\/b>A Companhia Brasileira de Cartuchos (CBC) est\u00e1 instalada na cidade de Ribeir\u00e3o Pires, a 40 km de S\u00e3o Paulo, \u00e0s margens da represa Billings, respons\u00e1vel pelo abastecimento de \u00e1gua de todo o ABC paulista e cidades vizinhas. Essa unidade da CBC ocupa uma \u00e1rea 188 hectares, sendo 75% da \u00e1rea total de Mata Atl\u00e2ntica nativa, recursos naturais que CBC tem o compromisso de preservar.<\/p>\n<p>Foto &#8211;\u00a0<a href=\"https:\/\/mma.prnewswire.com\/media\/2073167\/Plantio_de_Mudas_CBC.jpg\" target=\"_blank\" rel=\"nofollow noopener\">https:\/\/mma.prnewswire.com\/media\/2073167\/Plantio_de_Mudas_CBC.jpg<\/a><\/p>\n<div class=\"PRN_ImbeddedAssetReference\" id=\"DivAssetPlaceHolder0\"><\/div>\n<p>FONTE  Companhia Brasileira de Cartuchos<\/p>\n<\/div>\n<p><img decoding=\"async\" alt=\"\" src=\"https:\/\/rt.prnewswire.com\/rt.gif?NewsItemId=PT95244&amp;Transmission_Id=202305091500PR_NEWS_LATAM____PT95244&amp;DateId=20230509\" style=\"border:0px;width:1px;height:1px\" \/><\/p>\n<p>A <b>OESP<\/b> n\u00e3o \u00e9(s\u00e3o) respons\u00e1vel(is) por erros, incorre\u00e7\u00f5es, atrasos ou quaisquer decis\u00f5es tomadas por seus clientes com base nos Conte\u00fados ora disponibilizados, bem como tais Conte\u00fados n\u00e3o representam a opini\u00e3o da <b>OESP<\/b> e s\u00e3o de inteira responsabilidade da <b>PR Newswire Ltda<\/b><\/p>\n","protected":false},"excerpt":{"rendered":"PR NEWSWIRE RIBEIR\u00c3O PIRES, Brasil, 9 de maio de 2023 \/PRNewswire\/ &#8212; A Companhia Brasileira de Cartuchos (CBC) promoveu um evento onde foi realizado o plantio, com o apoio dos colaboradores da","protected":false},"author":1,"featured_media":65966,"comment_status":"open","ping_status":"closed","sticky":false,"template":"","format":"standard","meta":{"_acf_changed":false,"inline_featured_image":false,"_monsterinsights_skip_tracking":false,"_monsterinsights_sitenote_active":false,"_monsterinsights_sitenote_note":"","_monsterinsights_sitenote_category":0,"footnotes":""},"categories":[31],"tags":[],"class_list":["post-65965","post","type-post","status-publish","format-standard","has-post-thumbnail","hentry","category-prnewsinternacional"],"acf":[],"_links":{"self":[{"href":"https:\/\/bluestudio.estadao.com.br\/agencia-de-comunicacao\/wp-json\/wp\/v2\/posts\/65965","targetHints":{"allow":["GET"]}}],"collection":[{"href":"https:\/\/bluestudio.estadao.com.br\/agencia-de-comunicacao\/wp-json\/wp\/v2\/posts"}],"about":[{"href":"https:\/\/bluestudio.estadao.com.br\/agencia-de-comunicacao\/wp-json\/wp\/v2\/types\/post"}],"author":[{"embeddable":true,"href":"https:\/\/bluestudio.estadao.com.br\/agencia-de-comunicacao\/wp-json\/wp\/v2\/users\/1"}],"replies":[{"embeddable":true,"href":"https:\/\/bluestudio.estadao.com.br\/agencia-de-comunicacao\/wp-json\/wp\/v2\/comments?post=65965"}],"version-history":[{"count":0,"href":"https:\/\/bluestudio.estadao.com.br\/agencia-de-comunicacao\/wp-json\/wp\/v2\/posts\/65965\/revisions"}],"wp:featuredmedia":[{"embeddable":true,"href":"https:\/\/bluestudio.estadao.com.br\/agencia-de-comunicacao\/wp-json\/wp\/v2\/media\/65966"}],"wp:attachment":[{"href":"https:\/\/bluestudio.estadao.com.br\/agencia-de-comunicacao\/wp-json\/wp\/v2\/media?parent=65965"}],"wp:term":[{"taxonomy":"category","embeddable":true,"href":"https:\/\/bluestudio.estadao.com.br\/agencia-de-comunicacao\/wp-json\/wp\/v2\/categories?post=65965"},{"taxonomy":"post_tag","embeddable":true,"href":"https:\/\/bluestudio.estadao.com.br\/agencia-de-comunicacao\/wp-json\/wp\/v2\/tags?post=65965"}],"curies":[{"name":"wp","href":"https:\/\/api.w.org\/{rel}","templated":true}]}}