{"id":65861,"date":"2023-05-05T09:12:00","date_gmt":"2023-05-05T12:12:00","guid":{"rendered":"https:\/\/bluestudio.estadao.com.br\/agencia-de-comunicacao\/prnewswire\/prnewsinternacional\/65861\/be-open-art-lanca-a-segunda-etapa-do-concurso-regional-para-apoiar-artistas-emergentes-do-caribe\/"},"modified":"2023-05-05T09:12:00","modified_gmt":"2023-05-05T12:12:00","slug":"be-open-art-lanca-a-segunda-etapa-do-concurso-regional-para-apoiar-artistas-emergentes-do-caribe","status":"publish","type":"post","link":"https:\/\/bluestudio.estadao.com.br\/agencia-de-comunicacao\/prnewswire\/prnewsinternacional\/be-open-art-lanca-a-segunda-etapa-do-concurso-regional-para-apoiar-artistas-emergentes-do-caribe\/","title":{"rendered":"BE OPEN Art lan\u00e7a a segunda etapa do concurso regional para apoiar artistas emergentes do Caribe"},"content":{"rendered":"<p><b>PR NEWSWIRE<\/b><\/p>\n<div class=\"xn-content\">\n<span class=\"legendSpanClass\">LONDRES<\/span>, <span class=\"legendSpanClass\">5 de maio de 2023<\/span> \/PRNewswire\/ &#8212; A <a href=\"https:\/\/art.beopenfuture.com\/\" target=\"_blank\" rel=\"nofollow noopener\">BE OPEN Art<\/a>, uma galeria de arte online criada pela think tank BE OPEN, uma iniciativa humanit\u00e1ria fundada pela empres\u00e1ria internacional e filantropa <span class=\"xn-person\">Elena Baturina<\/span>, est\u00e1 realizando uma nova competi\u00e7\u00e3o para artistas emergentes, com o objetivo de apoiar aqueles cuja arte melhor representa suas identidades regionais, culturais e \u00e9tnicas ? BE OPEN Regional Art.<\/p>\n<p>Com o in\u00edcio do ano de 2023, a equipe comunit\u00e1ria de especialistas da BE OPEN come\u00e7ou a selecionar aqueles dos artistas que melhor representam a tradi\u00e7\u00e3o art\u00edstica de uma determinada regi\u00e3o para se apresentar na galeria BE OPEN Art e oferecer a eles maior visibilidade.<\/p>\n<p>A segunda etapa do programa abrange os pa\u00edses da regi\u00e3o do Caribe de abril a junho de 2023: Ant\u00edgua e <span class=\"xn-location\">Barbuda<\/span>, <span class=\"xn-location\">Bahamas<\/span>, <span class=\"xn-location\">Barbados<\/span>, <span class=\"xn-location\">Belize<\/span>, <span class=\"xn-location\">Dominica<\/span>, Granada, Guiana, <span class=\"xn-location\">Haiti<\/span>, <span class=\"xn-location\">Jamaica<\/span>, <span class=\"xn-location\">Montserrat<\/span>, <span class=\"xn-location\">Saint Kitts<\/span> e <span class=\"xn-location\">Nevis<\/span>, Santa L\u00facia, S\u00e3o Vicente e Granadinas, Suriname, <span class=\"xn-location\">Trinidad<\/span> e <span class=\"xn-location\">Tobago<\/span>, etc.<\/p>\n<p>Cada etapa regional dura tr\u00eas meses, portanto, quatro etapas ser\u00e3o realizadas por ano, com um vencedor sendo nomeado para cada uma delas.\u00a0Obras de 20 artistas emergentes s\u00e3o postadas na galeria online todos os meses, e uma vota\u00e7\u00e3o p\u00fablica seleciona o &#8220;Artista Regional do M\u00eas&#8221;. No final de cada etapa, um dos vencedores mensais se torna o artista da regi\u00e3o, com base na quantidade de votos do p\u00fablico e dos membros da comunidade de arte da BE OPEN.<\/p>\n<p>Os vencedores regionais recebem o pr\u00eamio em dinheiro de <span class=\"xn-money\">500 euros<\/span>, enquanto uma sele\u00e7\u00e3o de obras de arte que melhor representam a regi\u00e3o forma uma exposi\u00e7\u00e3o, a fim de compartilhar a arte com o p\u00fablico e celebrar os artistas envolvidos.<\/p>\n<p>A primeira etapa do BE OPEN Regional Art foi dedicada \u00e0 arte do Mediterr\u00e2neo Oriental, incluindo pa\u00edses como Chipre, Turquia, ilhas gregas do Dodecaneso, al\u00e9m dos pa\u00edses do L\u00edbano, S\u00edria, Palestina, <span class=\"xn-location\">Israel<\/span>, Jord\u00e2nia e Egito. Uma sele\u00e7\u00e3o de trabalhos feita pelos resultados das vota\u00e7\u00f5es mensais do p\u00fablico ser\u00e1 exibida em uma exposi\u00e7\u00e3o personalizada que ser\u00e1 realizada em junho de 2023 em Nic\u00f3sia, Chipre.<\/p>\n<p>Em 2023, o foco da competi\u00e7\u00e3o passar\u00e1 para o Sudeste Asi\u00e1tico e a \u00c1frica Central no final do ano. A competi\u00e7\u00e3o regional ocorre paralelamente ao trabalho regular da BE OPEN Art, cujos especialistas todos os meses selecionam 20 novos artistas para a galeria, usando vota\u00e7\u00e3o online para nomear o Artista do M\u00eas e o Artista do Ano.\u00a0<\/p>\n<p>FONTE  BE OPEN Foundation<\/p>\n<\/div>\n<p><img decoding=\"async\" alt=\"\" src=\"https:\/\/rt.prnewswire.com\/rt.gif?NewsItemId=PT88056&amp;Transmission_Id=202305050800PR_NEWS_LATAM____PT88056&amp;DateId=20230505\" style=\"border:0px;width:1px;height:1px\" \/><\/p>\n<p>A <b>OESP<\/b> n\u00e3o \u00e9(s\u00e3o) respons\u00e1vel(is) por erros, incorre\u00e7\u00f5es, atrasos ou quaisquer decis\u00f5es tomadas por seus clientes com base nos Conte\u00fados ora disponibilizados, bem como tais Conte\u00fados n\u00e3o representam a opini\u00e3o da <b>OESP<\/b> e s\u00e3o de inteira responsabilidade da <b>PR Newswire Ltda<\/b><\/p>\n","protected":false},"excerpt":{"rendered":"PR NEWSWIRE LONDRES, 5 de maio de 2023 \/PRNewswire\/ &#8212; A BE OPEN Art, uma galeria de arte online criada pela think tank BE OPEN, uma iniciativa humanit\u00e1ria fundada pela empres\u00e1ria internacional","protected":false},"author":1,"featured_media":65862,"comment_status":"open","ping_status":"closed","sticky":false,"template":"","format":"standard","meta":{"_acf_changed":false,"inline_featured_image":false,"_monsterinsights_skip_tracking":false,"_monsterinsights_sitenote_active":false,"_monsterinsights_sitenote_note":"","_monsterinsights_sitenote_category":0,"footnotes":""},"categories":[31],"tags":[],"class_list":["post-65861","post","type-post","status-publish","format-standard","has-post-thumbnail","hentry","category-prnewsinternacional"],"acf":[],"_links":{"self":[{"href":"https:\/\/bluestudio.estadao.com.br\/agencia-de-comunicacao\/wp-json\/wp\/v2\/posts\/65861","targetHints":{"allow":["GET"]}}],"collection":[{"href":"https:\/\/bluestudio.estadao.com.br\/agencia-de-comunicacao\/wp-json\/wp\/v2\/posts"}],"about":[{"href":"https:\/\/bluestudio.estadao.com.br\/agencia-de-comunicacao\/wp-json\/wp\/v2\/types\/post"}],"author":[{"embeddable":true,"href":"https:\/\/bluestudio.estadao.com.br\/agencia-de-comunicacao\/wp-json\/wp\/v2\/users\/1"}],"replies":[{"embeddable":true,"href":"https:\/\/bluestudio.estadao.com.br\/agencia-de-comunicacao\/wp-json\/wp\/v2\/comments?post=65861"}],"version-history":[{"count":0,"href":"https:\/\/bluestudio.estadao.com.br\/agencia-de-comunicacao\/wp-json\/wp\/v2\/posts\/65861\/revisions"}],"wp:featuredmedia":[{"embeddable":true,"href":"https:\/\/bluestudio.estadao.com.br\/agencia-de-comunicacao\/wp-json\/wp\/v2\/media\/65862"}],"wp:attachment":[{"href":"https:\/\/bluestudio.estadao.com.br\/agencia-de-comunicacao\/wp-json\/wp\/v2\/media?parent=65861"}],"wp:term":[{"taxonomy":"category","embeddable":true,"href":"https:\/\/bluestudio.estadao.com.br\/agencia-de-comunicacao\/wp-json\/wp\/v2\/categories?post=65861"},{"taxonomy":"post_tag","embeddable":true,"href":"https:\/\/bluestudio.estadao.com.br\/agencia-de-comunicacao\/wp-json\/wp\/v2\/tags?post=65861"}],"curies":[{"name":"wp","href":"https:\/\/api.w.org\/{rel}","templated":true}]}}