{"id":65500,"date":"2023-04-25T14:13:00","date_gmt":"2023-04-25T17:13:00","guid":{"rendered":"https:\/\/bluestudio.estadao.com.br\/agencia-de-comunicacao\/prnewswire\/prnewsinternacional\/65500\/connectis-apresenta-plataforma-no-code-cloud-no-web-summit-rio\/"},"modified":"2023-04-25T14:13:00","modified_gmt":"2023-04-25T17:13:00","slug":"connectis-apresenta-plataforma-no-code-cloud-no-web-summit-rio","status":"publish","type":"post","link":"https:\/\/bluestudio.estadao.com.br\/agencia-de-comunicacao\/prnewswire\/prnewsinternacional\/connectis-apresenta-plataforma-no-code-cloud-no-web-summit-rio\/","title":{"rendered":"Connectis apresenta plataforma No-Code Cloud no Web Summit Rio"},"content":{"rendered":"<p><b>PR NEWSWIRE<\/b><\/p>\n<div class=\"xn-content\">\n<p class=\"prntac\"><i><span>(Connectis, em parceria com a WEM Enterprise No-Code, levar\u00e1 ao evento solu\u00e7\u00f5es e servi\u00e7os para uma transforma\u00e7\u00e3o digital mais r\u00e1pida, segura e eficiente)<\/span><\/i><\/p>\n<p><span class=\"legendSpanClass\">S\u00c3O PAULO\u00a0<\/span>, <span class=\"legendSpanClass\">25 de abril de 2023<\/span> <span>\/PRNewswire\/ &#8212; A Connectis <\/span><span>apresenta no Web Summit Rio 2023 <\/span><span>Pavilh\u00e3o 2 &#8211; E225),<\/span><span> a plataforma No-Code Cloud (NCC), desenvolvida em parceria global com a WEM para as organiza\u00e7\u00f5es que precisam construir automa\u00e7\u00f5es de fluxo de trabalho em toda a empresa, criar novos aplicativos e aprimorar os existentes, al\u00e9m da possibilidade de integra\u00e7\u00e3o a sistemas legados e de terceiros. Em \u00faltima an\u00e1lise, o No-Code Cloud da Connectis, segundo informa a empresa, permite que as organiza\u00e7\u00f5es transformem digitalmente seus neg\u00f3cios at\u00e9 10 vezes mais r\u00e1pido e com custo muito menor do que o uso de infraestruturas de TI tradicionais, utilizando uma plataforma altamente escal\u00e1vel, segura e agn\u00f3stica. &#8220;Nossa parceria \u00e9 estrat\u00e9gica, com o objetivo de entregar uma plataforma como servi\u00e7o (PaaS) segura e confi\u00e1vel capaz de acelerar a transforma\u00e7\u00e3o digital das empresas sem escrever uma \u00fanica linha de c\u00f3digo. Combinamos a plataforma intuitiva de desenvolvimento WEM Enterprise No-Code com a garantia da abordagem e princ\u00edpios de nuvem segura por projeto da Connectis&#8221;, explica\u00a0 <span class=\"xn-person\">Philip Hoegee<\/span>, Head of Cloud da Connectis.<\/span><\/p>\n<div class=\"PRN_ImbeddedAssetReference\" id=\"DivAssetPlaceHolder8623\">\n<a href=\"https:\/\/mma.prnewswire.com\/media\/2062608\/Getronics_Cloud_7.html\" target=\"_blank\" rel=\"nofollow noopener\"><img decoding=\"async\" src=\"https:\/\/mma.prnewswire.com\/media\/2062608\/Getronics_Cloud_7.jpg\" title=\"Ilustra\u00e7\u00e3o cloud Connectis\" alt=\"Ilustra\u00e7\u00e3o cloud Connectis\" \/><\/a><\/p>\n<\/div>\n<p><span><span class=\"xn-person\">Eyal Oster<\/span>, CEO da WEM No-Code acrescentou: &#8220;Estamos entusiasmados por embarcar nesta parceria estrat\u00e9gica global com a Connectis. A parceria j\u00e1 est\u00e1 dando frutos com muitos clientes satisfeitos, relatando valor incr\u00edvel e alto ROI&#8221;.<\/span><\/p>\n<p><span>A Connectis informa que tem observado como o mundo digital se move rapidamente, demandando cria\u00e7\u00e3o e moderniza\u00e7\u00e3o de aplica\u00e7\u00f5es que muitas vezes exige atualiza\u00e7\u00e3o do software legado constantemente para receber novas tecnologias, incluindo evolu\u00e7\u00f5es nas linguagens de programa\u00e7\u00e3o, estruturas e infraestruturas. &#8220;O NCC (No-Code Cloud), da Connectis, chega como uma oferta que vence o desafio de acompanhar a demanda crescente e a press\u00e3o que as empresas sofrem no dia a dia&#8221;, explica <span class=\"xn-person\">Fernando Artea<\/span>, Diretor Comercial da Connectis para o Brasil.<\/span><\/p>\n<p><b><span>Vantagens do NCC<\/span><\/b><\/p>\n<ul type=\"disc\">\n<li><span>Acelera\u00e7\u00e3o no desenvolvimento de aplica\u00e7\u00f5es e automa\u00e7\u00e3o do fluxo de trabalho em at\u00e9 10x mais dos que tecnologias tradicionais;<\/span><\/li>\n<li><span>Integra\u00e7\u00e3o com sistemas legados e de terceiros;<\/span><\/li>\n<li><span>Desenvolvimento flex\u00edvel alinhado \u00e0s demandas de neg\u00f3cio;<\/span><\/li>\n<li><span>Redu\u00e7\u00e3o de recursos para desenvolvimento;<\/span><\/li>\n<\/ul>\n<p><span>O relat\u00f3rio de servi\u00e7os baseado em Nuvem, divulgado pelo Gartner, em dezembro de 2022, apontou que entre as principais tend\u00eancias para 2023, o servi\u00e7o baseado em nuvem \u00e9 uma entre as 10 solu\u00e7\u00f5es que ganhar\u00e3o destaque. Al\u00e9m disso, a pesquisa prev\u00ea que at\u00e9 2027, mais de 50% das organiza\u00e7\u00f5es passar\u00e3o a utilizar plataforma em nuvem, visando aumentar a entrada de novos neg\u00f3cios. Com esses dados, a Connectis j\u00e1 percebe o aumento da procura de novos neg\u00f3cios.<\/span><\/p>\n<p><b><span>A plataforma NCC<\/span><\/b><\/p>\n<p><span>Segundo a Connectis, a oferta NCC foi criada para transformar a maneira como as empresas operam com foco em resultados. Juntamente com a GetConsult, o NCC reduz a complexidade, permitindo que os clientes construam produtos m\u00ednimos vi\u00e1veis com rapidez e agilidade. J\u00e1 na constru\u00e7\u00e3o usando Kubernetes, um sistema de orquestra\u00e7\u00e3o de cont\u00eaineres nativos em nuvens, a garantia \u00e9 de seguran\u00e7a e tamb\u00e9m agilidade.<\/span><\/p>\n<p><span>No que tange \u00e0 migra\u00e7\u00e3o, a Connectis ressalta que n\u00e3o h\u00e1 necessidade de codifica\u00e7\u00e3o ao alavancar o NCC e a GetMigrate, plataforma da Connectis. A automa\u00e7\u00e3o do processo de desenvolvimento tamb\u00e9m reduz v\u00e1rios recursos necess\u00e1rios para o desenvolvimento, pois apenas um indiv\u00edduo \u00e9 capaz de realizar a tarefa. &#8220;O NCC oferece muitas maneiras de endere\u00e7ar problemas das organiza\u00e7\u00f5es\u00a0 , pois permite a automa\u00e7\u00e3o do processo de neg\u00f3cios, a r\u00e1pida integra\u00e7\u00e3o de sistemas legados e a cria\u00e7\u00e3o de algo inteiramente novo&#8221;, finaliza\u00a0 Artea.<\/span><\/p>\n<p><span>Parcerias consolidadas ampliam a credibilidade da Connectis no mercado nacional e latam, como por exemplo, Dell, Microsoft, Cisco, NEC, IBM, HPE, VMware, Colt, Palo Alto, WEM, dentre outros. A partir da vis\u00e3o global de reimaginar o futuro digital, a Connectis apresenta um portf\u00f3lio integrado de solu\u00e7\u00f5es, como <i>Digital Workplace, Business Applications, Smart Spaces, Multi-Cloud, Field &amp; Onsite Support, Service Desk, Network Infrastructure e Security &amp; Compliance. <\/i><\/span><\/p>\n<p><span>A Connectis faz parte do Grupo Getronics, com sede na Holanda, e \u00e9 a \u00fanica marca autorizada para o grupo na regi\u00e3o da Am\u00e9rica Latina.<\/span><\/p>\n<p><span>A partir do conceito de reimaginar o futuro digital, a Connectis \u00e9 uma integradora que transforma as empresas com o objetivo de impulsionar o avan\u00e7o da sociedade. Especializada em tecnologia e servi\u00e7os TIC, com mais de 4.000 profissionais e 20 escrit\u00f3rios ao redor do mundo, opera no Brasil, <span class=\"xn-location\">Argentina<\/span> e <span class=\"xn-location\">Chile<\/span>, como Connectis, bra\u00e7os Getronics na LATAM. Al\u00e9m disso, \u00e9 parte da Global Workspace Alliance (GWA), uma alian\u00e7a estrat\u00e9gica global de atendimento ao cliente com presen\u00e7a em 185 pa\u00edses.<\/span><\/p>\n<p><span>Communications &amp; marketing Latam &#8211; <span class=\"xn-person\">Felipe Parra Ahumada<\/span> &#8211; <a href=\"mailto:felipe.parra@connectis-gs.cl\" target=\"_blank\" rel=\"nofollow noopener\"><span>felipe.parra@connectis-gs.cl<\/span><\/a> &#8211; tel +56993681974<\/span><\/p>\n<p><span>Contact media Brasil &#8211; Comunica\u00e7\u00e3o Vertical &#8211; <span class=\"xn-person\">Elenita Andrade<\/span> &#8211; email <a href=\"mailto:elenita@comunicacaovertical.com.br\" target=\"_blank\" rel=\"nofollow noopener\">elenita@comunicacaovertical.com.br<\/a> &#8211; tel +5511993489531<\/span><\/p>\n<p><span>Foto &#8211; <a href=\"https:\/\/mma.prnewswire.com\/media\/2062608\/Getronics_Cloud_7.jpg\" target=\"_blank\" rel=\"nofollow noopener\">https:\/\/mma.prnewswire.com\/media\/2062608\/Getronics_Cloud_7.jpg<\/a><\/span><\/p>\n<div class=\"PRN_ImbeddedAssetReference\" id=\"DivAssetPlaceHolder0\"><\/div>\n<p>FONTE  Connectis<\/p>\n<\/div>\n<p><img decoding=\"async\" alt=\"\" src=\"https:\/\/rt.prnewswire.com\/rt.gif?NewsItemId=PT80743&amp;Transmission_Id=202304251257PR_NEWS_LATAM____PT80743&amp;DateId=20230425\" style=\"border:0px;width:1px;height:1px\" \/><\/p>\n<p>A <b>OESP<\/b> n\u00e3o \u00e9(s\u00e3o) respons\u00e1vel(is) por erros, incorre\u00e7\u00f5es, atrasos ou quaisquer decis\u00f5es tomadas por seus clientes com base nos Conte\u00fados ora disponibilizados, bem como tais Conte\u00fados n\u00e3o representam a opini\u00e3o da <b>OESP<\/b> e s\u00e3o de inteira responsabilidade da <b>PR Newswire Ltda<\/b><\/p>\n","protected":false},"excerpt":{"rendered":"PR NEWSWIRE (Connectis, em parceria com a WEM Enterprise No-Code, levar\u00e1 ao evento solu\u00e7\u00f5es e servi\u00e7os para uma transforma\u00e7\u00e3o digital mais r\u00e1pida, segura e eficiente) S\u00c3O PAULO\u00a0, 25 de abril","protected":false},"author":1,"featured_media":65501,"comment_status":"open","ping_status":"closed","sticky":false,"template":"","format":"standard","meta":{"_acf_changed":false,"inline_featured_image":false,"_monsterinsights_skip_tracking":false,"_monsterinsights_sitenote_active":false,"_monsterinsights_sitenote_note":"","_monsterinsights_sitenote_category":0,"footnotes":""},"categories":[31],"tags":[],"class_list":["post-65500","post","type-post","status-publish","format-standard","has-post-thumbnail","hentry","category-prnewsinternacional"],"acf":[],"_links":{"self":[{"href":"https:\/\/bluestudio.estadao.com.br\/agencia-de-comunicacao\/wp-json\/wp\/v2\/posts\/65500","targetHints":{"allow":["GET"]}}],"collection":[{"href":"https:\/\/bluestudio.estadao.com.br\/agencia-de-comunicacao\/wp-json\/wp\/v2\/posts"}],"about":[{"href":"https:\/\/bluestudio.estadao.com.br\/agencia-de-comunicacao\/wp-json\/wp\/v2\/types\/post"}],"author":[{"embeddable":true,"href":"https:\/\/bluestudio.estadao.com.br\/agencia-de-comunicacao\/wp-json\/wp\/v2\/users\/1"}],"replies":[{"embeddable":true,"href":"https:\/\/bluestudio.estadao.com.br\/agencia-de-comunicacao\/wp-json\/wp\/v2\/comments?post=65500"}],"version-history":[{"count":0,"href":"https:\/\/bluestudio.estadao.com.br\/agencia-de-comunicacao\/wp-json\/wp\/v2\/posts\/65500\/revisions"}],"wp:featuredmedia":[{"embeddable":true,"href":"https:\/\/bluestudio.estadao.com.br\/agencia-de-comunicacao\/wp-json\/wp\/v2\/media\/65501"}],"wp:attachment":[{"href":"https:\/\/bluestudio.estadao.com.br\/agencia-de-comunicacao\/wp-json\/wp\/v2\/media?parent=65500"}],"wp:term":[{"taxonomy":"category","embeddable":true,"href":"https:\/\/bluestudio.estadao.com.br\/agencia-de-comunicacao\/wp-json\/wp\/v2\/categories?post=65500"},{"taxonomy":"post_tag","embeddable":true,"href":"https:\/\/bluestudio.estadao.com.br\/agencia-de-comunicacao\/wp-json\/wp\/v2\/tags?post=65500"}],"curies":[{"name":"wp","href":"https:\/\/api.w.org\/{rel}","templated":true}]}}